{"id":318223,"date":"2025-08-14T08:52:10","date_gmt":"2025-08-14T08:52:10","guid":{"rendered":"https:\/\/www.europesays.com\/fr\/318223\/"},"modified":"2025-08-14T08:52:10","modified_gmt":"2025-08-14T08:52:10","slug":"le-temoignage-poignant-de-yolande","status":"publish","type":"post","link":"https:\/\/www.europesays.com\/fr\/318223\/","title":{"rendered":"le t\u00e9moignage poignant de Yolande"},"content":{"rendered":"<p>Marseille, bient\u00f4t l&rsquo;ouverture d&rsquo;une salle de shoot ? \u00ab\u00a0Mon fils est mort \u00e0 la suite de sa 3e overdose. Je me suis battu pour essayer de le sortir de l\u00e0. Je pense que ces salles de soins sont indispensables\u00a0\u00bb : le t\u00e9moignage poignant de YolandeSur le m\u00eame sujet<a href=\"https:\/\/rmc.bfmtv.com\/replay-emissions\/les-grandes-gueules\/video-marseille-bientot-l-ouverture-d-une-salle-de-shoot-mon-fils-est-mort-a-la-suite-de-sa-3e-overdose-je-me-suis-battu-pour-essayer-de-le-sortir-de-la-je-pense-que-ces-salles-de-soins-sont-indispensables-le-temoignage-poignant-de-yolande_VN-202508140243.html\" title=\"Marseille, bient\u00f4t l&#039;ouverture d&#039;une salle de shoot ? &quot;Mon fils est mort \u00e0 la suite de sa 3e overdose. Je me suis battu pour essayer de le sortir de l\u00e0. Je pense que ces salles de soins sont indispensables&quot; : le t\u00e9moignage poignant de Yolande\" rel=\"nofollow noopener\" target=\"_blank\"><img width=\"16\" height=\"9\" class=\"lozad\"  alt=\"Marseille, bient\u00f4t l'ouverture d'une salle de shoot ? &quot;Mon fils est mort \u00e0 la suite de sa 3e overdose. Je me suis battu pour essayer de le sortir de l\u00e0. Je pense que ces salles de soins sont indispensables&quot; : le t\u00e9moignage poignant de Yolande\"\/>en lectureMarseille, bient\u00f4t l&rsquo;ouverture d&rsquo;une salle de shoot ? \u00ab\u00a0Mon fils est mort \u00e0 la suite de sa 3e overdose. Je me suis battu pour essayer de le sortir de l\u00e0. Je pense que ces salles de soins sont indispensables\u00a0\u00bb : le t\u00e9moignage poignant de Yolande<\/a><a href=\"https:\/\/rmc.bfmtv.com\/replay-emissions\/les-grandes-gueules\/video-marseille-bientot-l-ouverture-d-une-salle-de-shoot-je-suis-en-faveur-de-ces-salles-ca-m-a-sauve-la-vie-le-temoignage-de-lucie-ancienne-toxicomane-devenue-infirmiere_VN-202508140238.html\" title=\"Marseille, bient\u00f4t l&#039;ouverture d&#039;une salle de shoot ? &quot;Je suis en faveur de ces salles. \u00c7a m&#039;a sauv\u00e9 la vie&quot; : le t\u00e9moignage de Lucie, ancienne toxicomane devenue infirmi\u00e8re\" rel=\"nofollow noopener\" target=\"_blank\"><img width=\"16\" height=\"9\" class=\"lozad\"  alt=\"Marseille, bient\u00f4t l'ouverture d'une salle de shoot ? &quot;Je suis en faveur de ces salles. \u00c7a m'a sauv\u00e9 la vie&quot; : le t\u00e9moignage de Lucie, ancienne toxicomane devenue infirmi\u00e8re\"\/>2:26Marseille, bient\u00f4t l&rsquo;ouverture d&rsquo;une salle de shoot ? \u00ab\u00a0Je suis en faveur de ces salles. \u00c7a m&rsquo;a sauv\u00e9 la vie\u00a0\u00bb : le t\u00e9moignage de Lucie, ancienne toxicomane devenue infirmi\u00e8re<\/a><a href=\"https:\/\/rmc.bfmtv.com\/replay-emissions\/les-grandes-gueules\/video-marseille-bientot-l-ouverture-d-une-salle-de-shoot-je-souhaite-une-guerre-totale-contre-la-drogue-dit-antoine-diers_VN-202508140235.html\" title=\"Marseille : bient\u00f4t l&#039;ouverture d&#039;une salle de shoot ? &quot;Je souhaite une guerre totale contre la drogue&quot;, dit Antoine Diers\" rel=\"nofollow noopener\" target=\"_blank\"><img width=\"16\" height=\"9\" class=\"lozad\"  alt=\"Marseille : bient\u00f4t l'ouverture d'une salle de shoot ? &quot;Je souhaite une guerre totale contre la drogue&quot;, dit Antoine Diers\"\/>0:47Marseille : bient\u00f4t l&rsquo;ouverture d&rsquo;une salle de shoot ? \u00ab\u00a0Je souhaite une guerre totale contre la drogue\u00a0\u00bb, dit Antoine Diers<\/a><a href=\"https:\/\/rmc.bfmtv.com\/replay-emissions\/les-grandes-gueules\/video-marseille-bientot-l-ouverture-d-une-salle-de-shoot-moi-je-suis-pour-je-ne-vous-raconte-pas-le-nombre-de-seringues-que-je-ramasse-donc-je-pense-que-les-salles-de-shoot-sont-une-bonne-chose-dit-mohamed-chauffeur-a-marseille_VN-202508140230.html\" title=\"Marseille, bient\u00f4t l&#039;ouverture d&#039;une salle de shoot ? : &quot;Moi je suis pour. Je ne vous raconte pas le nombre de seringues que je ramasse donc je pense que les salles de shoot sont une bonne chose&quot;, dit Mohamed, chauffeur \u00e0 Marseille\" rel=\"nofollow noopener\" target=\"_blank\"><img width=\"16\" height=\"9\" class=\"lozad\"  alt=\"Marseille, bient\u00f4t l'ouverture d'une salle de shoot ? : &quot;Moi je suis pour. Je ne vous raconte pas le nombre de seringues que je ramasse donc je pense que les salles de shoot sont une bonne chose&quot;, dit Mohamed, chauffeur \u00e0 Marseille\"\/>2:11Marseille, bient\u00f4t l&rsquo;ouverture d&rsquo;une salle de shoot ? : \u00ab\u00a0Moi je suis pour. Je ne vous raconte pas le nombre de seringues que je ramasse donc je pense que les salles de shoot sont une bonne chose\u00a0\u00bb, dit Mohamed, chauffeur \u00e0 Marseille<\/a><a href=\"https:\/\/rmc.bfmtv.com\/replay-emissions\/les-grandes-gueules\/video-marseille-bientot-l-ouverture-d-une-salle-de-shoot-c-est-quand-meme-utile-ca-evite-les-maladies-explique-elina-dumont_VN-202508140225.html\" title=\" Marseille : bient\u00f4t l&#039;ouverture d&#039;une salle de shoot ?  &quot;C&#039;est quand m\u00eame utile, \u00e7a \u00e9vite les maladies&quot;, explique \u00c9lina Dumont\" rel=\"nofollow noopener\" target=\"_blank\"><img width=\"16\" height=\"9\" class=\"lozad\"  alt=\" Marseille : bient\u00f4t l'ouverture d'une salle de shoot ?  &quot;C'est quand m\u00eame utile, \u00e7a \u00e9vite les maladies&quot;, explique \u00c9lina Dumont\"\/>1:38Marseille : bient\u00f4t l&rsquo;ouverture d&rsquo;une salle de shoot ? \u00ab\u00a0C&rsquo;est quand m\u00eame utile, \u00e7a \u00e9vite les maladies\u00a0\u00bb, explique \u00c9lina Dumont<\/a><a href=\"https:\/\/rmc.bfmtv.com\/replay-emissions\/les-grandes-gueules\/video-le-psg-gagne-la-supercoupe-d-europe-le-psg-c-est-emblematique-mondialement-pour-la-france-dit-emmanuel-de-villiers_VN-202508140222.html\" title=\"Le PSG gagne la Supercoupe d&#039;Europe :  &quot;Le PSG c&#039;est embl\u00e9matique mondialement pour la France&quot;, dit Emmanuel de Villiers\" rel=\"nofollow noopener\" target=\"_blank\"><img width=\"16\" height=\"9\" class=\"lozad\"  alt=\"Le PSG gagne la Supercoupe d'Europe :  &quot;Le PSG c'est embl\u00e9matique mondialement pour la France&quot;, dit Emmanuel de Villiers\"\/>1:15Le PSG gagne la Supercoupe d&rsquo;Europe : \u00ab\u00a0Le PSG c&rsquo;est embl\u00e9matique mondialement pour la France\u00a0\u00bb, dit Emmanuel de Villiers<\/a><a href=\"https:\/\/rmc.bfmtv.com\/replay-emissions\/les-grandes-gueules\/video-une-femme-annonce-ses-fiancailles-avec-l-ia-grok_VN-202508140219.html\" title=\"Une femme annonce ses fian\u00e7ailles avec l&#039;IA Grok\" rel=\"nofollow noopener\" target=\"_blank\"><img width=\"16\" height=\"9\" class=\"lozad\"  alt=\"Une femme annonce ses fian\u00e7ailles avec l'IA Grok\"\/>2:55Une femme annonce ses fian\u00e7ailles avec l&rsquo;IA Grok<\/a><a href=\"https:\/\/rmc.bfmtv.com\/replay-emissions\/les-grandes-gueules\/video-les-poules-de-yael-braun-pivet-nourries-par-des-crs_VN-202508140214.html\" title=\"Les poules de Ya\u00ebl Braun-Pivet nourries par des CRS\" rel=\"nofollow noopener\" target=\"_blank\"><img width=\"16\" height=\"9\" class=\"lozad\"  alt=\"Les poules de Ya\u00ebl Braun-Pivet nourries par des CRS\"\/>3:47Les poules de Ya\u00ebl Braun-Pivet nourries par des CRS<\/a><a href=\"https:\/\/rmc.bfmtv.com\/replay-emissions\/les-grandes-gueules\/video-eric-ciotti-dans-le-viseur-de-la-justice-pour-fichage-illegal-c-est-tres-de-droite-dit-mickael-auditeur-des-gg_VN-202508140210.html\" title=\"\u00c9ric Ciotti dans le viseur de la justice pour fichage ill\u00e9gal : &quot;C&#039;est tr\u00e8s de droite&quot;, dit Micka\u00ebl, auditeur des GG\" rel=\"nofollow noopener\" target=\"_blank\"><img width=\"16\" height=\"9\" class=\"lozad\"  alt=\"\u00c9ric Ciotti dans le viseur de la justice pour fichage ill\u00e9gal : &quot;C'est tr\u00e8s de droite&quot;, dit Micka\u00ebl, auditeur des GG\"\/>2:40\u00c9ric Ciotti dans le viseur de la justice pour fichage ill\u00e9gal : \u00ab\u00a0C&rsquo;est tr\u00e8s de droite\u00a0\u00bb, dit Micka\u00ebl, auditeur des GG<\/a><a href=\"https:\/\/rmc.bfmtv.com\/actualites\/politique\/video-durcir-les-regles-du-chomage-que-les-politiques-montrent-l-exemple-deja_VN-202508140205.html\" title=\"Durcir les r\u00e8gles du ch\u00f4mage : &quot;Que les politiques montrent l&#039;exemple, d\u00e9j\u00e0 !&quot;\" rel=\"nofollow noopener\" target=\"_blank\"><img width=\"16\" height=\"9\" class=\"lozad\"  alt=\"Durcir les r\u00e8gles du ch\u00f4mage : &quot;Que les politiques montrent l'exemple, d\u00e9j\u00e0 !&quot;\"\/>1:02Durcir les r\u00e8gles du ch\u00f4mage : \u00ab\u00a0Que les politiques montrent l&rsquo;exemple, d\u00e9j\u00e0 !\u00a0\u00bb<\/a><a href=\"https:\/\/rmc.bfmtv.com\/replay-emissions\/les-grandes-gueules\/video-eric-ciotti-dans-le-viseur-de-la-justice-pour-fichage-illegal-c-est-juste-le-boulot-d-un-elu-tempere-antoine-diers_VN-202508140202.html\" title=\"\u00c9ric Ciotti dans le viseur de la justice pour fichage ill\u00e9gal : &quot;C&#039;est juste le boulot d&#039;un \u00e9lu&quot;, temp\u00e8re Antoine Diers\" rel=\"nofollow noopener\" target=\"_blank\"><img width=\"16\" height=\"9\" class=\"lozad\"  alt=\"\u00c9ric Ciotti dans le viseur de la justice pour fichage ill\u00e9gal : &quot;C'est juste le boulot d'un \u00e9lu&quot;, temp\u00e8re Antoine Diers\"\/>1:23\u00c9ric Ciotti dans le viseur de la justice pour fichage ill\u00e9gal : \u00ab\u00a0C&rsquo;est juste le boulot d&rsquo;un \u00e9lu\u00a0\u00bb, temp\u00e8re Antoine Diers<\/a><a href=\"https:\/\/rmc.bfmtv.com\/replay-emissions\/les-grandes-gueules\/video-eric-ciotti-dans-le-viseur-de-la-justice-pour-fichage-illegal-c-est-un-peu-inquietant-dit-bruno-poncet_VN-202508140201.html\" title=\"\u00c9ric Ciotti dans le viseur de la justice pour fichage ill\u00e9gal  &quot;C&#039;est un peu inqui\u00e9tant&quot;, dit Bruno Poncet\" rel=\"nofollow noopener\" target=\"_blank\"><img width=\"16\" height=\"9\" class=\"lozad\"  alt=\"\u00c9ric Ciotti dans le viseur de la justice pour fichage ill\u00e9gal  &quot;C'est un peu inqui\u00e9tant&quot;, dit Bruno Poncet\"\/>1:09\u00c9ric Ciotti dans le viseur de la justice pour fichage ill\u00e9gal \u00ab\u00a0C&rsquo;est un peu inqui\u00e9tant\u00a0\u00bb, dit Bruno Poncet<\/a><a href=\"https:\/\/rmc.bfmtv.com\/replay-emissions\/les-grandes-gueules\/video-noisy-le-sec-la-projection-du-film-barbie-empechee-le-maire-aurait-du-aller-au-bout-de-son-idee-et-diffuser-le-film-dit-bruno-poncet_VN-202508140199.html\" title=\"Noisy-le-Sec, la projection du film Barbie emp\u00each\u00e9e : &quot;Le maire aurait d\u00fb aller au bout de son id\u00e9e&quot; et diffuser le film, dit Bruno Poncet\" rel=\"nofollow noopener\" target=\"_blank\"><img width=\"16\" height=\"9\" class=\"lozad\"  alt=\"Noisy-le-Sec, la projection du film Barbie emp\u00each\u00e9e : &quot;Le maire aurait d\u00fb aller au bout de son id\u00e9e&quot; et diffuser le film, dit Bruno Poncet\"\/>0:43Noisy-le-Sec, la projection du film Barbie emp\u00each\u00e9e : \u00ab\u00a0Le maire aurait d\u00fb aller au bout de son id\u00e9e\u00a0\u00bb et diffuser le film, dit Bruno Poncet<\/a><a href=\"https:\/\/rmc.bfmtv.com\/replay-emissions\/les-grandes-gueules\/video-noisy-le-sec-la-projection-du-film-barbie-empechee-un-maire-communiste-ca-m-inspire-de-la-mefiance-dit-emmanuel-de-villiers_VN-202508140195.html\" title=\" Noisy-le-Sec, la projection du film Barbie emp\u00each\u00e9e : &quot;Un maire communiste \u00e7a m&#039;inspire de la m\u00e9fiance !&quot;; dit Emmanuel de Villiers\" rel=\"nofollow noopener\" target=\"_blank\"><img width=\"16\" height=\"9\" class=\"lozad\"  alt=\" Noisy-le-Sec, la projection du film Barbie emp\u00each\u00e9e : &quot;Un maire communiste \u00e7a m'inspire de la m\u00e9fiance !&quot;; dit Emmanuel de Villiers\"\/>0:43Noisy-le-Sec, la projection du film Barbie emp\u00each\u00e9e : \u00ab\u00a0Un maire communiste \u00e7a m&rsquo;inspire de la m\u00e9fiance !\u00a0\u00bb; dit Emmanuel de Villiers<\/a><a class=\"jumpToVideo\" target=\"_blank\"><img class=\"thumbnailPreview\"\/><\/a><\/p>\n","protected":false},"excerpt":{"rendered":"Marseille, bient\u00f4t l&rsquo;ouverture d&rsquo;une salle de shoot ? \u00ab\u00a0Mon fils est mort \u00e0 la suite de sa 3e&hellip;\n","protected":false},"author":2,"featured_media":318224,"comment_status":"","ping_status":"","sticky":false,"template":"","format":"standard","meta":{"footnotes":""},"categories":[2814],"tags":[1111,11,1777,674,1011,27,884,12,882,25],"class_list":{"0":"post-318223","1":"post","2":"type-post","3":"status-publish","4":"format-standard","5":"has-post-thumbnail","7":"category-marseille","8":"tag-actu","9":"tag-actualites","10":"tag-eu","11":"tag-europe","12":"tag-fr","13":"tag-france","14":"tag-marseille","15":"tag-news","16":"tag-provence-alpes-cote-dazur","17":"tag-republique-francaise"},"share_on_mastodon":{"url":"https:\/\/pubeurope.com\/@fr\/115026273569730972","error":""},"_links":{"self":[{"href":"https:\/\/www.europesays.com\/fr\/wp-json\/wp\/v2\/posts\/318223","targetHints":{"allow":["GET"]}}],"collection":[{"href":"https:\/\/www.europesays.com\/fr\/wp-json\/wp\/v2\/posts"}],"about":[{"href":"https:\/\/www.europesays.com\/fr\/wp-json\/wp\/v2\/types\/post"}],"author":[{"embeddable":true,"href":"https:\/\/www.europesays.com\/fr\/wp-json\/wp\/v2\/users\/2"}],"replies":[{"embeddable":true,"href":"https:\/\/www.europesays.com\/fr\/wp-json\/wp\/v2\/comments?post=318223"}],"version-history":[{"count":0,"href":"https:\/\/www.europesays.com\/fr\/wp-json\/wp\/v2\/posts\/318223\/revisions"}],"wp:featuredmedia":[{"embeddable":true,"href":"https:\/\/www.europesays.com\/fr\/wp-json\/wp\/v2\/media\/318224"}],"wp:attachment":[{"href":"https:\/\/www.europesays.com\/fr\/wp-json\/wp\/v2\/media?parent=318223"}],"wp:term":[{"taxonomy":"category","embeddable":true,"href":"https:\/\/www.europesays.com\/fr\/wp-json\/wp\/v2\/categories?post=318223"},{"taxonomy":"post_tag","embeddable":true,"href":"https:\/\/www.europesays.com\/fr\/wp-json\/wp\/v2\/tags?post=318223"}],"curies":[{"name":"wp","href":"https:\/\/api.w.org\/{rel}","templated":true}]}}