{"id":318225,"date":"2025-08-14T08:53:10","date_gmt":"2025-08-14T08:53:10","guid":{"rendered":"https:\/\/www.europesays.com\/fr\/318225\/"},"modified":"2025-08-14T08:53:10","modified_gmt":"2025-08-14T08:53:10","slug":"face-a-letat-deplorable-des-fontaines-de-lyon-pierre-oliver-promet-un-grand-plan-dentretien-pour-2026","status":"publish","type":"post","link":"https:\/\/www.europesays.com\/fr\/318225\/","title":{"rendered":"Face \u00e0 l&rsquo;\u00e9tat \u00ab\u00a0d\u00e9plorable\u00a0\u00bb des fontaines de Lyon, Pierre Oliver promet un grand plan d&rsquo;entretien pour 2026"},"content":{"rendered":"<p itemprop=\"description\"><strong>Si les \u00e9cologistes lyonnais ont mis le paquet sur la v\u00e9g\u00e9talisation, il faut reconna\u00eetre qu&rsquo;ils sont assez avares en eau.<\/strong><\/p>\n<p>Cela ne concerne pas que les consignes donn\u00e9es aux \u00e9quipes d&rsquo;entretien de la M\u00e9tropole de Lyon ou le manque d&rsquo;arrosage de leurs propres plantations, les fontaines et bassins n&rsquo;ont pas \u00e9t\u00e9 les priorit\u00e9s de <a href=\"https:\/\/www.lyonmag.com\/profil-personnalite-lyonnaise\/504\/gregory-doucet\" target=\"_blank\" rel=\"noopener nofollow\">Gr\u00e9gory Doucet<\/a> durant ce mandat.<\/p>\n<p>Car outre la fontaine Bartholdi qui avait \u00e9t\u00e9 r\u00e9nov\u00e9e \u00e0 la fin du mandat pr\u00e9c\u00e9dent de G\u00e9rard Collomb, rares sont les efforts financiers \u00e0 avoir \u00e9t\u00e9 mis sur la table.<\/p>\n<p>Et cet \u00e9t\u00e9, le dernier du mandat de l&rsquo;ex\u00e9cutif \u00e9cologiste, le constat est l\u00e0 : la plupart des bassins sont vides.<\/p>\n<p>Une br\u00e8che dans laquelle s&rsquo;est engouffr\u00e9e <a href=\"https:\/\/www.lyonmag.com\/profil-personnalite-lyonnaise\/512\/pierre-oliver\" target=\"_blank\" rel=\"noopener nofollow\">Pierre Oliver<\/a>. Le maire LR du 2e arrondissement, toujours officiellement candidat aux municipales 2026 mais dont le ralliement \u00e0 <a href=\"https:\/\/www.lyonmag.com\/profil-personnalite-lyonnaise\/8\/jean-michel-aulas\" target=\"_blank\" rel=\"noopener nofollow\">Jean-Michel Aulas<\/a> pourrait s&rsquo;officialiser \u00e0 la rentr\u00e9e, promet un grand plan d&rsquo;entretien des bassins de la ville en cas de victoire l&rsquo;an prochain.<\/p>\n<p>Posant devant les bassins de la place Carnot ou des C\u00e9lestins, \u00ab\u00a0\u00e0 l&rsquo;abandon depuis de nombreuses ann\u00e9es\u00a0\u00bb, il regrette que la Ville de Lyon passe \u00e0 c\u00f4t\u00e9 d&rsquo;installations qui \u00ab\u00a0permettent de rafra\u00eechir les coeurs de ville\u00a0\u00bb.<\/p>\n<p>S&rsquo;il n&rsquo;a pas encore list\u00e9 les bassins \u00e0 entretenir, ni les co\u00fbts que cela r\u00e9clamerait, Pierre Oliver entend \u00ab\u00a0les rendre plus agr\u00e9ables\u00a0\u00bb et \u00ab\u00a0redonner cette belle \u00e2me\u00a0\u00bb \u00e0 Lyon. Il promet aussi la cr\u00e9ation de nouveaux bassins dans la capitale des Gaules.<\/p>\n<p>Ses opposants lui reprocheraient de n&rsquo;\u00eatre que dans la critique, le patron de la droite lyonnaise montre enfin le bout d&rsquo;une id\u00e9e concr\u00e8te. Avant une partie de programme en septembre ?<\/p>\n<blockquote class=\"twitter-tweet\"><p>&#13;<\/p>\n<p dir=\"ltr\" lang=\"fr\">Triste spectacle place des C\u00e9lestins\u2026 <a href=\"https:\/\/t.co\/8sRkdkeTJR\" rel=\"nofollow\">pic.twitter.com\/8sRkdkeTJR<\/a><\/p>\n<p>&#13;<br \/>\n\u2014 Pierre OLIVER (@poliver69) <a href=\"https:\/\/twitter.com\/poliver69\/status\/1955684674547925464?ref_src=twsrc%5Etfw\" rel=\"nofollow noopener\" target=\"_blank\">August 13, 2025<\/a><\/p><\/blockquote>\n<p>\t\t  <script async src=\"https:\/\/platform.twitter.com\/widgets.js\" charset=\"utf-8\"><\/script><\/p>\n","protected":false},"excerpt":{"rendered":"Si les \u00e9cologistes lyonnais ont mis le paquet sur la v\u00e9g\u00e9talisation, il faut reconna\u00eetre qu&rsquo;ils sont assez avares&hellip;\n","protected":false},"author":2,"featured_media":318226,"comment_status":"","ping_status":"","sticky":false,"template":"","format":"standard","meta":{"footnotes":""},"categories":[1889],"tags":[1111,11,2813,2190,2430,1109,251,1112,2811,1777,674,118,1011,27,1922,1110,1114,2428,2810,12,241,316,25,2812,517,800],"class_list":{"0":"post-318225","1":"post","2":"type-post","3":"status-publish","4":"format-standard","5":"has-post-thumbnail","7":"category-lyon","8":"tag-actu","9":"tag-actualites","10":"tag-article","11":"tag-asvel","12":"tag-auvergne-rhone-alpes","13":"tag-breves","14":"tag-culture","15":"tag-depeches","16":"tag-economique","17":"tag-eu","18":"tag-europe","19":"tag-faits-divers","20":"tag-fr","21":"tag-france","22":"tag-info","23":"tag-informations","24":"tag-infos","25":"tag-lyon","26":"tag-lyonmag","27":"tag-news","28":"tag-ol","29":"tag-politique","30":"tag-republique-francaise","31":"tag-sociale","32":"tag-sport","33":"tag-transports"},"share_on_mastodon":{"url":"https:\/\/pubeurope.com\/@fr\/115026277462918560","error":""},"_links":{"self":[{"href":"https:\/\/www.europesays.com\/fr\/wp-json\/wp\/v2\/posts\/318225","targetHints":{"allow":["GET"]}}],"collection":[{"href":"https:\/\/www.europesays.com\/fr\/wp-json\/wp\/v2\/posts"}],"about":[{"href":"https:\/\/www.europesays.com\/fr\/wp-json\/wp\/v2\/types\/post"}],"author":[{"embeddable":true,"href":"https:\/\/www.europesays.com\/fr\/wp-json\/wp\/v2\/users\/2"}],"replies":[{"embeddable":true,"href":"https:\/\/www.europesays.com\/fr\/wp-json\/wp\/v2\/comments?post=318225"}],"version-history":[{"count":0,"href":"https:\/\/www.europesays.com\/fr\/wp-json\/wp\/v2\/posts\/318225\/revisions"}],"wp:featuredmedia":[{"embeddable":true,"href":"https:\/\/www.europesays.com\/fr\/wp-json\/wp\/v2\/media\/318226"}],"wp:attachment":[{"href":"https:\/\/www.europesays.com\/fr\/wp-json\/wp\/v2\/media?parent=318225"}],"wp:term":[{"taxonomy":"category","embeddable":true,"href":"https:\/\/www.europesays.com\/fr\/wp-json\/wp\/v2\/categories?post=318225"},{"taxonomy":"post_tag","embeddable":true,"href":"https:\/\/www.europesays.com\/fr\/wp-json\/wp\/v2\/tags?post=318225"}],"curies":[{"name":"wp","href":"https:\/\/api.w.org\/{rel}","templated":true}]}}