{"id":318227,"date":"2025-08-14T08:54:10","date_gmt":"2025-08-14T08:54:10","guid":{"rendered":"https:\/\/www.europesays.com\/fr\/318227\/"},"modified":"2025-08-14T08:54:10","modified_gmt":"2025-08-14T08:54:10","slug":"un-jeune-meurt-noye-lors-dune-journee-entre-amis","status":"publish","type":"post","link":"https:\/\/www.europesays.com\/fr\/318227\/","title":{"rendered":"un jeune meurt noy\u00e9 lors d&rsquo;une journ\u00e9e entre amis"},"content":{"rendered":"<p>            Par<br \/>\n        <strong><br \/>\n            <a href=\"https:\/\/actu.fr\/auteur\/redaction-lyon\" title=\"Consulter tous les articles de R\u00e9daction Lyon\" target=\"_blank\" rel=\"noopener\">R\u00e9daction Lyon<\/a><br \/>\n        <\/strong><\/p>\n<p>        Publi\u00e9 le<\/p>\n<p>            14 ao\u00fbt 2025 \u00e0 10h47<br \/>\n        ; mis \u00e0 jour le 14 ao\u00fbt 2025 \u00e0 10h48    <\/p>\n<p>Nouvelle noyade au Grand Parc de Miribel Jonage dans la m\u00e9tropole de <a href=\"https:\/\/actu.fr\/auvergne-rhone-alpes\/lyon_69123\" target=\"_blank\" rel=\"noopener\">Lyon<\/a>. Un <strong>jeune homme de 25 ans est d\u00e9c\u00e9d\u00e9 \u00e0 la suite d\u2019une noyade<\/strong> survenue mercredi 13 ao\u00fbt en fin d\u2019apr\u00e8s-midi, a appris actu Lyon ce jeudi aupr\u00e8s des pompiers et de la pr\u00e9fecture du Rh\u00f4ne.\u00a0<\/p>\n<p>Il nageait avec son groupe d\u2019amis<\/p>\n<p class=\" wall-content\">La victime se baignait dans le lac sur la commune de Jonage et a \u00e9t\u00e9 port\u00e9 disparu alors qu\u2019il \u00e9tait pr\u00e9sent avec ses amis. Vers 18h15, les secours ont \u00e9t\u00e9 pr\u00e9venus alors que ce jeune homme \u00e9tait introuvable.<\/p>\n<p class=\" wall-content\">Il a \u00e9t\u00e9 sorti en arr\u00eat cardio-respiratoire. La tentative de sauvetage a \u00e9t\u00e9 op\u00e9r\u00e9e par les pompiers et le Samu. Il a finalement \u00e9t\u00e9 d\u00e9clar\u00e9 d\u00e9c\u00e9d\u00e9 et remis \u00e0 la police nationale qui a ouvert une enqu\u00eate.\u00a0<\/p>\n<p>Deux noyades \u00e0 Miribel cette semaine<\/p>\n<p class=\" wall-content\">C\u2019est la troisi\u00e8me noyade, la deuxi\u00e8me mortelle, en quelques jours dans la m\u00e9tropole de Lyon. Lundi, un jeune homme a \u00e9t\u00e9 <a href=\"https:\/\/actu.fr\/auvergne-rhone-alpes\/miribel_01249\/pres-de-lyon-un-homme-qui-se-noie-dans-un-lac-evacue-par-helicoptere-en-urgence-absolue_63028638.html\" target=\"_blank\" rel=\"noopener\">transport\u00e9 en urgence absolue vers un h\u00f4pital par h\u00e9licopt\u00e8re apr\u00e8s une noyade au lac de Miribel Jonage<\/a> alors qu\u2019il se baignait avec des amis. Son pronostic vital \u00e9tait engag\u00e9.\u00a0<\/p>\n<p class=\" wall-content\">Mardi 12 ao\u00fbt, vers 16h30, une op\u00e9ration de secours a \u00e9t\u00e9 d\u00e9clench\u00e9e \u00e0 Villeurbanne au niveau du parc de la Feyssine pour un homme chutant dans le Rh\u00f4ne. L\u2019homme de 25 ans est <a href=\"https:\/\/actu.fr\/auvergne-rhone-alpes\/villeurbanne_69266\/pres-de-lyon-un-homme-meurt-noye-dans-le-rhone-en-voulant-sauver-son-chien_63031432.html\" target=\"_blank\" rel=\"noopener\">mort noy\u00e9 alors qu\u2019il tentait de secourir son chien<\/a> pr\u00e9sent dans l\u2019eau. Un h\u00e9licopt\u00e8re Dragon 69 avait \u00e9t\u00e9 d\u00e9ploy\u00e9.\u00a0<\/p>\n<p>Appel \u00e0 la prudence<\/p>\n<p class=\" wall-content\">Les risques de noyades se multiplient ces derniers jours en raison des chaleurs caniculaires qui touchent la r\u00e9gion Rh\u00f4ne-Alpes.<\/p>\n<p class=\" wall-content\">Mardi et mercredi, le Rh\u00f4ne \u00e9tait en <a href=\"https:\/\/actu.fr\/auvergne-rhone-alpes\/lyon_69123\/canicule-fin-de-la-vigilance-rouge-dans-le-rhone-ce-jeudi-mais-le-temps-va-rester-brulant_63034323.html\" target=\"_blank\" rel=\"noopener\">vigilance rouge canicule<\/a>. La pr\u00e9fecture rappelle les bons gestes pour r\u00e9duire les risques : ne pas se baigner dans le Rh\u00f4ne et la Sa\u00f4ne, ce qui est interdit, privil\u00e9gier les lieux de baignade autoris\u00e9s et surveill\u00e9s, ne pas se baigner si on ne sait pas nager, surveiller ses enfants\u2026<\/p>\n<p class=\" wall-content\">Suivez toute l\u2019actualit\u00e9 de vos villes et m\u00e9dias favoris en vous inscrivant \u00e0 <a href=\"https:\/\/moncompte.actu.fr\" title=\"D\u00e9couvez Mon Actu\" rel=\"nofollow noopener\" data-trk=\"{&quot;cta&quot;:{&quot;action&quot;:&quot;https:\\\/\\\/moncompte.actu.fr&quot;,&quot;category&quot;:&quot;mon compte&quot;,&quot;from&quot;:&quot;article footer&quot;,&quot;name&quot;:&quot;Mon actu&quot;,&quot;type&quot;:&quot;cta&quot;}}\" target=\"_blank\">Mon Actu<\/a>.<\/p>\n","protected":false},"excerpt":{"rendered":"Par R\u00e9daction Lyon Publi\u00e9 le 14 ao\u00fbt 2025 \u00e0 10h47 ; mis \u00e0 jour le 14 ao\u00fbt 2025&hellip;\n","protected":false},"author":2,"featured_media":318228,"comment_status":"","ping_status":"","sticky":false,"template":"","format":"standard","meta":{"footnotes":""},"categories":[1889],"tags":[1111,11,2430,6698,1777,674,118,1011,27,2428,12,1311,25],"class_list":{"0":"post-318227","1":"post","2":"type-post","3":"status-publish","4":"format-standard","5":"has-post-thumbnail","7":"category-lyon","8":"tag-actu","9":"tag-actualites","10":"tag-auvergne-rhone-alpes","11":"tag-canicule","12":"tag-eu","13":"tag-europe","14":"tag-faits-divers","15":"tag-fr","16":"tag-france","17":"tag-lyon","18":"tag-news","19":"tag-pompiers","20":"tag-republique-francaise"},"share_on_mastodon":{"url":"https:\/\/pubeurope.com\/@fr\/115026281284064459","error":""},"_links":{"self":[{"href":"https:\/\/www.europesays.com\/fr\/wp-json\/wp\/v2\/posts\/318227","targetHints":{"allow":["GET"]}}],"collection":[{"href":"https:\/\/www.europesays.com\/fr\/wp-json\/wp\/v2\/posts"}],"about":[{"href":"https:\/\/www.europesays.com\/fr\/wp-json\/wp\/v2\/types\/post"}],"author":[{"embeddable":true,"href":"https:\/\/www.europesays.com\/fr\/wp-json\/wp\/v2\/users\/2"}],"replies":[{"embeddable":true,"href":"https:\/\/www.europesays.com\/fr\/wp-json\/wp\/v2\/comments?post=318227"}],"version-history":[{"count":0,"href":"https:\/\/www.europesays.com\/fr\/wp-json\/wp\/v2\/posts\/318227\/revisions"}],"wp:featuredmedia":[{"embeddable":true,"href":"https:\/\/www.europesays.com\/fr\/wp-json\/wp\/v2\/media\/318228"}],"wp:attachment":[{"href":"https:\/\/www.europesays.com\/fr\/wp-json\/wp\/v2\/media?parent=318227"}],"wp:term":[{"taxonomy":"category","embeddable":true,"href":"https:\/\/www.europesays.com\/fr\/wp-json\/wp\/v2\/categories?post=318227"},{"taxonomy":"post_tag","embeddable":true,"href":"https:\/\/www.europesays.com\/fr\/wp-json\/wp\/v2\/tags?post=318227"}],"curies":[{"name":"wp","href":"https:\/\/api.w.org\/{rel}","templated":true}]}}