{"id":318229,"date":"2025-08-14T08:56:20","date_gmt":"2025-08-14T08:56:20","guid":{"rendered":"https:\/\/www.europesays.com\/fr\/318229\/"},"modified":"2025-08-14T08:56:20","modified_gmt":"2025-08-14T08:56:20","slug":"alerte-pollution-a-lozone-en-ile-de-france-2","status":"publish","type":"post","link":"https:\/\/www.europesays.com\/fr\/318229\/","title":{"rendered":"Alerte pollution \u00e0 l\u2019ozone en \u00cele-de-France"},"content":{"rendered":"<p><strong>Ce jeudi 14 ao\u00fbt 2025, AIRPARIF<\/strong><strong>, association de surveillance de la qualit\u00e9 de l\u2019air, annonce un \u00e9pisode de pollution persistant \u00e0 l\u2019ozone (O\u2083). Cette situation d\u00e9clenche la proc\u00e9dure d\u2019alerte du public.<\/strong><\/p>\n<p>\nPr\u00e9visions AIRPARIF :\n<\/p>\n<p><img loading=\"lazy\" decoding=\"async\" class=\"xz74otr x15mokao x1ga7v0g x16uus16 xbiv7yw\" src=\"https:\/\/www.europesays.com\/fr\/wp-content\/uploads\/2025\/08\/1f4a8.png\" alt=\"\ud83d\udca8\" width=\"16\" height=\"16\"\/> Concentration en ozone comprise entre 170 \u00b5g\/m\u00b3 et 200 \u00b5g\/m\u00b3 <img loading=\"lazy\" decoding=\"async\" class=\"xz74otr x15mokao x1ga7v0g x16uus16 xbiv7yw\" src=\"https:\/\/www.europesays.com\/fr\/wp-content\/uploads\/2025\/04\/26a0.png\" alt=\"\u26a0\ufe0f\" width=\"16\" height=\"16\"\/> (d\u00e9passement du seuil d\u2019information).<\/p>\n<p><img loading=\"lazy\" decoding=\"async\" class=\"xz74otr x15mokao x1ga7v0g x16uus16 xbiv7yw\" src=\"https:\/\/www.europesays.com\/fr\/wp-content\/uploads\/2025\/08\/23f0.png\" alt=\"\u23f0\" width=\"16\" height=\"16\"\/> Mesures restrictives appliqu\u00e9es jeudi 14 ao\u00fbt 2025, de 5h30 \u00e0 minuit, maintenues jusqu\u2019au retour \u00e0 des niveaux inf\u00e9rieurs au seuil d\u2019information-recommandation.<\/p>\n<p><img loading=\"lazy\" decoding=\"async\" class=\"xz74otr x15mokao x1ga7v0g x16uus16 xbiv7yw\" src=\"https:\/\/www.europesays.com\/fr\/wp-content\/uploads\/2025\/08\/1f697.png\" alt=\"\ud83d\ude97\" width=\"16\" height=\"16\"\/> Mesures concernant le trafic routier<\/p>\n<p><img loading=\"lazy\" decoding=\"async\" class=\"xz74otr x15mokao x1ga7v0g x16uus16 xbiv7yw\" src=\"https:\/\/www.europesays.com\/fr\/wp-content\/uploads\/2025\/04\/26a0.png\" alt=\"\u26a0\ufe0f\" width=\"16\" height=\"16\"\/> R\u00e9duction de la vitesse maximale autoris\u00e9e :<\/p>\n<p><img loading=\"lazy\" decoding=\"async\" class=\"xz74otr x15mokao x1ga7v0g x16uus16 xbiv7yw\" src=\"https:\/\/www.europesays.com\/fr\/wp-content\/uploads\/2025\/08\/1f6e3.png\" alt=\"\ud83d\udee3\ufe0f\" width=\"16\" height=\"16\"\/> 110 km\/h sur les portions normalement limit\u00e9es \u00e0 130 km\/h<\/p>\n<p><img loading=\"lazy\" decoding=\"async\" class=\"xz74otr x15mokao x1ga7v0g x16uus16 xbiv7yw\" src=\"https:\/\/www.europesays.com\/fr\/wp-content\/uploads\/2025\/08\/1f6a7.png\" alt=\"\ud83d\udea7\" width=\"16\" height=\"16\"\/> 90 km\/h sur les portions normalement limit\u00e9es \u00e0 110 km\/h<\/p>\n<p><img loading=\"lazy\" decoding=\"async\" class=\"xz74otr x15mokao x1ga7v0g x16uus16 xbiv7yw\" src=\"https:\/\/www.europesays.com\/fr\/wp-content\/uploads\/2025\/08\/1f3ce.png\" alt=\"\ud83c\udfce\ufe0f\" width=\"16\" height=\"16\"\/> 70 km\/h sur les portions normalement limit\u00e9es \u00e0 90 km\/h et sur routes limit\u00e9es \u00e0 80 ou 90 km\/h<br \/>\n<img loading=\"lazy\" decoding=\"async\" class=\"xz74otr x15mokao x1ga7v0g x16uus16 xbiv7yw\" src=\"https:\/\/www.europesays.com\/fr\/wp-content\/uploads\/2025\/08\/1f69b.png\" alt=\"\ud83d\ude9b\" width=\"16\" height=\"16\"\/> Obligation de contournement par la rocade francilienne pour les v\u00e9hicules &gt; 3,5 t<\/p>\n<p><img loading=\"lazy\" decoding=\"async\" class=\"xz74otr x15mokao x1ga7v0g x16uus16 xbiv7yw\" src=\"https:\/\/www.europesays.com\/fr\/wp-content\/uploads\/2025\/08\/267b.png\" alt=\"\u267b\ufe0f\" width=\"16\" height=\"16\"\/> Mesures compl\u00e9mentaires<\/p>\n<p><img loading=\"lazy\" decoding=\"async\" class=\"xz74otr x15mokao x1ga7v0g x16uus16 xbiv7yw\" src=\"https:\/\/www.europesays.com\/fr\/wp-content\/uploads\/2025\/08\/1f6ab.png\" alt=\"\ud83d\udeab\" width=\"16\" height=\"16\"\/> Interdiction de l\u2019\u00e9cobuage et du br\u00fblage \u00e0 l\u2019air libre des d\u00e9chets verts<br \/>\n<img loading=\"lazy\" decoding=\"async\" class=\"xz74otr x15mokao x1ga7v0g x16uus16 xbiv7yw\" src=\"https:\/\/www.europesays.com\/fr\/wp-content\/uploads\/2025\/08\/1f6d1.png\" alt=\"\ud83d\uded1\" width=\"16\" height=\"16\"\/> Report des travaux \u00e9mettant des compos\u00e9s organiques volatils (moteurs thermiques, solvants, vernis, colles, peintures\u2026)<br \/>\n<img loading=\"lazy\" decoding=\"async\" class=\"xz74otr x15mokao x1ga7v0g x16uus16 xbiv7yw\" src=\"https:\/\/www.europesays.com\/fr\/wp-content\/uploads\/2025\/08\/1f3ed.png\" alt=\"\ud83c\udfed\" width=\"16\" height=\"16\"\/> Secteur industriel : application de prescriptions sp\u00e9cifiques pr\u00e9vues en cas d\u2019alerte pollution<br \/>\n<img loading=\"lazy\" decoding=\"async\" class=\"xz74otr x15mokao x1ga7v0g x16uus16 xbiv7yw\" src=\"https:\/\/www.europesays.com\/fr\/wp-content\/uploads\/2025\/08\/1f50d.png\" alt=\"\ud83d\udd0d\" width=\"16\" height=\"16\"\/> Des contr\u00f4les seront effectu\u00e9s pour v\u00e9rifier le respect de ces mesures<\/p>\n<p><img loading=\"lazy\" decoding=\"async\" class=\"xz74otr x15mokao x1ga7v0g x16uus16 xbiv7yw\" src=\"https:\/\/www.europesays.com\/fr\/wp-content\/uploads\/2025\/08\/2764_200d_1fa79.png\" alt=\"\u2764\ufe0f\u200d\ud83e\ude79\" width=\"16\" height=\"16\"\/> Recommandations sanitaires<\/p>\n<p><img loading=\"lazy\" decoding=\"async\" class=\"xz74otr x15mokao x1ga7v0g x16uus16 xbiv7yw\" src=\"https:\/\/www.europesays.com\/fr\/wp-content\/uploads\/2025\/08\/1f62e_200d_1f4a8.png\" alt=\"\ud83d\ude2e\u200d\ud83d\udca8\" width=\"16\" height=\"16\"\/> En cas de g\u00eane respiratoire ou cardiaque : consulter un m\u00e9decin ou un pharmacien<\/p>\n<p><img loading=\"lazy\" decoding=\"async\" class=\"xz74otr x15mokao x1ga7v0g x16uus16 xbiv7yw\" src=\"https:\/\/www.europesays.com\/fr\/wp-content\/uploads\/2025\/08\/1f3e0.png\" alt=\"\ud83c\udfe0\" width=\"16\" height=\"16\"\/> \u00c0 l\u2019int\u00e9rieur : \u00e9viter les produits irritants, ne pas fumer ou allumer de feu, a\u00e9rer 10 min\/jour<\/p>\n<p><img loading=\"lazy\" decoding=\"async\" class=\"xz74otr x15mokao x1ga7v0g x16uus16 xbiv7yw\" src=\"https:\/\/www.europesays.com\/fr\/wp-content\/uploads\/2025\/08\/1f3c3_200d_2642.png\" alt=\"\ud83c\udfc3\u200d\u2642\ufe0f\" width=\"16\" height=\"16\"\/> Pr\u00e8s des routes : \u00e9viter le sport en plein air<\/p>\n<p><img loading=\"lazy\" decoding=\"async\" class=\"xz74otr x15mokao x1ga7v0g x16uus16 xbiv7yw\" src=\"https:\/\/www.europesays.com\/fr\/wp-content\/uploads\/2025\/08\/1f475.png\" alt=\"\ud83d\udc75\" width=\"16\" height=\"16\"\/><img loading=\"lazy\" decoding=\"async\" class=\"xz74otr x15mokao x1ga7v0g x16uus16 xbiv7yw\" src=\"https:\/\/www.europesays.com\/fr\/wp-content\/uploads\/2025\/08\/1f930.png\" alt=\"\ud83e\udd30\" width=\"16\" height=\"16\"\/><img loading=\"lazy\" decoding=\"async\" class=\"xz74otr x15mokao x1ga7v0g x16uus16 xbiv7yw\" src=\"https:\/\/www.europesays.com\/fr\/wp-content\/uploads\/2025\/08\/1f9d2.png\" alt=\"\ud83e\uddd2\" width=\"16\" height=\"16\"\/> Personnes vuln\u00e9rables : \u00e9viter les efforts physiques intenses et limiter les sorties l\u2019apr\u00e8s-midi<\/p>\n<p><img loading=\"lazy\" decoding=\"async\" class=\"xz74otr x15mokao x1ga7v0g x16uus16 xbiv7yw\" src=\"https:\/\/www.europesays.com\/fr\/wp-content\/uploads\/2025\/08\/1f4ce.png\" alt=\"\ud83d\udcce\" width=\"16\" height=\"16\"\/> Plus d\u2019infos :<\/p>\n","protected":false},"excerpt":{"rendered":"Ce jeudi 14 ao\u00fbt 2025, AIRPARIF, association de surveillance de la qualit\u00e9 de l\u2019air, annonce un \u00e9pisode de&hellip;\n","protected":false},"author":2,"featured_media":318230,"comment_status":"","ping_status":"","sticky":false,"template":"","format":"standard","meta":{"footnotes":""},"categories":[1592],"tags":[1111,11,1777,674,1011,27,662,12,626,25],"class_list":{"0":"post-318229","1":"post","2":"type-post","3":"status-publish","4":"format-standard","5":"has-post-thumbnail","7":"category-ile-de-france","8":"tag-actu","9":"tag-actualites","10":"tag-eu","11":"tag-europe","12":"tag-fr","13":"tag-france","14":"tag-ile-de-france","15":"tag-news","16":"tag-paris","17":"tag-republique-francaise"},"share_on_mastodon":{"url":"https:\/\/pubeurope.com\/@fr\/115026290227475785","error":""},"_links":{"self":[{"href":"https:\/\/www.europesays.com\/fr\/wp-json\/wp\/v2\/posts\/318229","targetHints":{"allow":["GET"]}}],"collection":[{"href":"https:\/\/www.europesays.com\/fr\/wp-json\/wp\/v2\/posts"}],"about":[{"href":"https:\/\/www.europesays.com\/fr\/wp-json\/wp\/v2\/types\/post"}],"author":[{"embeddable":true,"href":"https:\/\/www.europesays.com\/fr\/wp-json\/wp\/v2\/users\/2"}],"replies":[{"embeddable":true,"href":"https:\/\/www.europesays.com\/fr\/wp-json\/wp\/v2\/comments?post=318229"}],"version-history":[{"count":0,"href":"https:\/\/www.europesays.com\/fr\/wp-json\/wp\/v2\/posts\/318229\/revisions"}],"wp:featuredmedia":[{"embeddable":true,"href":"https:\/\/www.europesays.com\/fr\/wp-json\/wp\/v2\/media\/318230"}],"wp:attachment":[{"href":"https:\/\/www.europesays.com\/fr\/wp-json\/wp\/v2\/media?parent=318229"}],"wp:term":[{"taxonomy":"category","embeddable":true,"href":"https:\/\/www.europesays.com\/fr\/wp-json\/wp\/v2\/categories?post=318229"},{"taxonomy":"post_tag","embeddable":true,"href":"https:\/\/www.europesays.com\/fr\/wp-json\/wp\/v2\/tags?post=318229"}],"curies":[{"name":"wp","href":"https:\/\/api.w.org\/{rel}","templated":true}]}}