{"id":318231,"date":"2025-08-14T08:57:16","date_gmt":"2025-08-14T08:57:16","guid":{"rendered":"https:\/\/www.europesays.com\/fr\/318231\/"},"modified":"2025-08-14T08:57:16","modified_gmt":"2025-08-14T08:57:16","slug":"je-pensais-que-cetait-le-meme-prix-a-paris-confondre-tickets-de-metro-et-de-bus-peut-vous-couter-cher","status":"publish","type":"post","link":"https:\/\/www.europesays.com\/fr\/318231\/","title":{"rendered":"\u00ab\u00a0Je pensais que c\u2019\u00e9tait le m\u00eame prix\u00a0\u00bb\u00a0: \u00e0 Paris, confondre tickets de m\u00e9tro et de bus peut vous co\u00fbter cher"},"content":{"rendered":"<p class=\"paragraph text_align_left lp-f-body-02\">Luc n\u2019en revient pas. En visite \u00e0 <a href=\"https:\/\/www.leparisien.fr\/paris-75\/\" target=\"_self\" rel=\"nofollow noopener\">Paris<\/a>, ce touriste belge retrait\u00e9 a choisi de prendre le bus pour relier la place de Clichy \u00e0 la gare du Nord. Dans le bus, il a pr\u00e9sent\u00e9 son passe, sur lequel \u00e9tait charg\u00e9 <a href=\"https:\/\/www.leparisien.fr\/info-paris-ile-de-france-oise\/transports\/la-grande-histoire-du-ticket-de-metro-parisien-16-09-2018-7890321.php\" target=\"_self\" rel=\"nofollow noopener\">un ticket de m\u00e9tro <\/a>(2,50 euros). Un signal rouge s\u2019est affich\u00e9, mais le conducteur ne lui a rien dit et Luc est rest\u00e9 dans le bus, certain d\u2019\u00eatre en r\u00e8gle. \u00c0 l\u2019arr\u00eat suivant, des contr\u00f4leurs sont mont\u00e9s et l\u2019ont verbalis\u00e9.<\/p>\n<p class=\"paragraph text_align_left lp-f-body-02\">Sa faute ? Avoir charg\u00e9 sur son passe des tickets \u00ab M\u00e9tro-Train-RER \u00bb (2,50 euros) et non pas \u00ab Bus-Tram \u00bb (2 euros). Car <a href=\"https:\/\/www.leparisien.fr\/info-paris-ile-de-france-oise\/transports\/ticket-unique-fin-de-la-vente-au-carnet-tarifs-liberte-ce-qui-change-le-1er-janvier-dans-les-transports-31-12-2024-MF5RQDUK2FDUFAF63IOXL3BM6E.php\" target=\"_self\" rel=\"nofollow noopener\">depuis janvier 2025, la tarification est uniformis\u00e9e<\/a> : un tarif pour le bus\/tram, un autre pour le<a href=\"https:\/\/www.leparisien.fr\/info-paris-ile-de-france-oise\/transports\/nouveau-ticket-de-metro-train-rer-en-ile-de-france-gare-aux-files-dattente-au-guichet-02-01-2025-YGXPQQPSQVBD7DVW2ZF3C66LIA.php\" target=\"_self\" rel=\"nofollow noopener\"> m\u00e9tro\/RER\/train<\/a>, quelle que soit la zone. Devant l\u2019incapacit\u00e9 de Luc de payer imm\u00e9diatement, l\u2019amende fut sal\u00e9e : 120 euros (contre 60 euros en payant sur place).<\/p>\n","protected":false},"excerpt":{"rendered":"Luc n\u2019en revient pas. En visite \u00e0 Paris, ce touriste belge retrait\u00e9 a choisi de prendre le bus&hellip;\n","protected":false},"author":2,"featured_media":318232,"comment_status":"","ping_status":"","sticky":false,"template":"","format":"standard","meta":{"footnotes":""},"categories":[1888],"tags":[1111,1928,11,1927,1777,674,1011,27,1944,12,1926,626,1925,25],"class_list":{"0":"post-318231","1":"post","2":"type-post","3":"status-publish","4":"format-standard","5":"has-post-thumbnail","7":"category-paris","8":"tag-actu","9":"tag-actu-paris","10":"tag-actualites","11":"tag-actualites-paris","12":"tag-eu","13":"tag-europe","14":"tag-fr","15":"tag-france","16":"tag-ma-ville","17":"tag-news","18":"tag-news-paris","19":"tag-paris","20":"tag-paris-news","21":"tag-republique-francaise"},"share_on_mastodon":{"url":"https:\/\/pubeurope.com\/@fr\/115026293307727372","error":""},"_links":{"self":[{"href":"https:\/\/www.europesays.com\/fr\/wp-json\/wp\/v2\/posts\/318231","targetHints":{"allow":["GET"]}}],"collection":[{"href":"https:\/\/www.europesays.com\/fr\/wp-json\/wp\/v2\/posts"}],"about":[{"href":"https:\/\/www.europesays.com\/fr\/wp-json\/wp\/v2\/types\/post"}],"author":[{"embeddable":true,"href":"https:\/\/www.europesays.com\/fr\/wp-json\/wp\/v2\/users\/2"}],"replies":[{"embeddable":true,"href":"https:\/\/www.europesays.com\/fr\/wp-json\/wp\/v2\/comments?post=318231"}],"version-history":[{"count":0,"href":"https:\/\/www.europesays.com\/fr\/wp-json\/wp\/v2\/posts\/318231\/revisions"}],"wp:featuredmedia":[{"embeddable":true,"href":"https:\/\/www.europesays.com\/fr\/wp-json\/wp\/v2\/media\/318232"}],"wp:attachment":[{"href":"https:\/\/www.europesays.com\/fr\/wp-json\/wp\/v2\/media?parent=318231"}],"wp:term":[{"taxonomy":"category","embeddable":true,"href":"https:\/\/www.europesays.com\/fr\/wp-json\/wp\/v2\/categories?post=318231"},{"taxonomy":"post_tag","embeddable":true,"href":"https:\/\/www.europesays.com\/fr\/wp-json\/wp\/v2\/tags?post=318231"}],"curies":[{"name":"wp","href":"https:\/\/api.w.org\/{rel}","templated":true}]}}