{"id":318233,"date":"2025-08-14T08:58:21","date_gmt":"2025-08-14T08:58:21","guid":{"rendered":"https:\/\/www.europesays.com\/fr\/318233\/"},"modified":"2025-08-14T08:58:21","modified_gmt":"2025-08-14T08:58:21","slug":"un-an-apres-la-vasque-olympique-brille-toujours","status":"publish","type":"post","link":"https:\/\/www.europesays.com\/fr\/318233\/","title":{"rendered":"un an apr\u00e8s, la vasque olympique brille toujours"},"content":{"rendered":"<p class=\"article__intro\">Depuis Paris 2024, le designer Mathieu Lehanneur n\u2019est pas encore tout \u00e0 fait redescendu sur Terre. Toki Woki s\u2019infiltre dans son studio et dans les coulisses de la fabrication de cet objet mythique des Jeux olympiques.<\/p>\n<p>\n      L\u2019actu des r\u00e9gions\n    <\/p>\n<p>\n      Chaque jour, un tour d\u2019horizon des principales infos de toutes les r\u00e9gions.\n    <\/p>\n<p>    France T\u00e9l\u00e9visions utilise votre adresse e-mail afin de vous envoyer la newsletter \u00ab\u00a0L\u2019actu des r\u00e9gions\u00a0\u00bb. Vous pouvez vous d\u00e9sinscrire \u00e0 tout moment via le lien en bas de cette newsletter. <a target=\"_blank\" href=\"https:\/\/www.francetelevisions.fr\/groupe\/confidentialite\/politique-de-confidentialite\/politique-de-confidentialite-de-france-televisions-6503\" rel=\"nofollow noopener\">Notre politique de confidentialit\u00e9<\/a><\/p>\n<p>Il est \u00e0 l&rsquo;origine d&rsquo;un objet vu par pr\u00e8s de 5 milliards de personnes.\u00a0\u00bbC\u2019est rare. Pour n\u2019importe quel designer. On parle des Jeux Olympiques et des jeux Paralympiques donc \u00e9videmment, on touche la terre enti\u00e8re\u00a0\u00bb.\u00a0<\/p>\n<p>C&rsquo;est dans son studio, \u00e0 Ivry-sur-Seine (Val-de-Marne), que Mathieu Lehanneur passe le plus clair de son temps. Un espace aux tons clairs, habill\u00e9s de ses nombreuses cr\u00e9ations et o\u00f9 tr\u00f4ne, au milieu d&rsquo;entre elles, la torche olympique. Un objet fait main, dupliqu\u00e9 une centaine de fois et film\u00e9 par des milliers de cam\u00e9ras.\u00a0<\/p>\n<p><a data-article-figure=\"\" href=\"https:\/\/france3-regions.franceinfo.fr\/image\/GtUWS7RUKkwHcg4tskIGYOMcuoA\/7770x5180\/regions\/2024\/10\/23\/000-34dq3mn-6718c897022eb347633420.jpg\" data-pswp-width=\"7770\" data-pswp-height=\"5180\" target=\"_blank\" rel=\"nofollow noopener\"><\/p>\n<p>          <img width=\"600\" height=\"400\" class=\"article-image lazy\" data-src=\"https:\/\/www.europesays.com\/fr\/wp-content\/uploads\/2025\/08\/000-34dq3mn-6718c897022eb347633420.jpg\" alt=\"Le designer francilien Mathieu Lehanneur dans son atelier \u00e0 Ivry-sur-Seine (Val-de-Marne)\" fetchpriority=\"high\" as=\"image\"\/><\/p>\n<p>\n            Le designer francilien Mathieu Lehanneur dans son atelier \u00e0 Ivry-sur-Seine (Val-de-Marne)<br \/>\n                           \u2022<br \/>\n                                      \u00a9 BERTRAND GUAY \/ AFP\n                      <\/p>\n<p><\/a><\/p>\n<p>Une aventure qui commence par un concours, lanc\u00e9 en 2022 : \u00ab\u00a0Paris 2024 avait choisi un certain nombre de designers et donc nous avions tous, je crois, un mois pour dessiner, proposer une torche olympique et la vasque olympique\u00a0\u00bb.<\/p>\n<p>En janvier 2023, le designer est appel\u00e9 par le comit\u00e9, c&rsquo;est lui qui a \u00e9t\u00e9 choisi pour dessiner tous les objets olympiques. \u00c0 partir de l\u00e0, des prototypes sont lanc\u00e9s en production. La torche n&rsquo;est pas seulement un d\u00e9fi esth\u00e9tique mais \u00e9galement technique. Il ne faut pas que la flamme s&rsquo;\u00e9teigne.\u00a0<\/p>\n<p>Le br\u00fbleur doit tenir : \u00ab\u00a0C&rsquo;est lui qui va assurer que quelle que soit la vitesse du vent, la flamme restera allum\u00e9e. En fait, il faut bien imaginer qu\u2019il va \u00eatre \u00e0 l&rsquo;int\u00e9rieur. Donc finalement, une torche olympique, c&rsquo;est cette partie haute, ce br\u00fbleur, une partie basse et puis une petite cartouche de gaz qu\u2019on vient ins\u00e9rer par le dessous qui assure la combustion\u00a0\u00bb.\u00a0Malgr\u00e9 les nombreux tests, le designer avoue qu&rsquo;il n&rsquo;a pas pu s&#8217;emp\u00eacher de serrer les poings \u00e0 chaque passage de torche : \u00ab\u00a0J&rsquo;ai eu peur tout le temps\u00a0\u00bb.<\/p>\n<p>La torche n&rsquo;est pas le seul objet que devait imaginer Mathieu Lehanneur. C&rsquo;est \u00e0 \u00e9galement \u00e0 lui qu&rsquo;on doit la vasque volante qui a tant fait parler sur les r\u00e9seaux sociaux. Une coupe inspir\u00e9e directement du slogan de Paris 2024 \u00ab\u00a0Ouvrons grand les Jeux\u00a0\u00bb : \u00ab\u00a0Pour moi, il fallait que la vasque soit \u00e0 la hauteur de \u00e7a. Habituellement, une vasque olympique, c\u2019est dans un stade. L\u00e0 on la sort du stade, mais \u00e7a ne suffit pas. Il faut que les gens puissent s&rsquo;en approcher. Il faut qu&rsquo;on puisse se dire d&rsquo;un maximum d&rsquo;endroits dans Paris, on va la voir. Et puis il y a cette id\u00e9e aussi de se dire que le feu sacr\u00e9 qu&rsquo;on allume \u00e0 Olympie, en Gr\u00e8ce, au d\u00e9but de chaque olympiade, il vient du soleil. On va se le transmettre pendant le relais sur ces milliers de kilom\u00e8tres. Et puis \u00e0 la fin, il embrase la vasque et la vasque repart vers le ciel, vers son origine\u00a0\u00bb.<\/p>\n<p><a data-article-figure=\"\" href=\"https:\/\/france3-regions.franceinfo.fr\/image\/kEHl0KfK7UHlghIW_PxObFmNldU\/6000x4000\/regions\/2024\/10\/23\/000-34qt9cg-6718c9cd94b38708125703.jpg\" data-pswp-width=\"6000\" data-pswp-height=\"4000\" target=\"_blank\" rel=\"nofollow noopener\"><\/p>\n<p>          <img width=\"600\" height=\"400\" class=\"article-image lazy\" data-src=\"https:\/\/www.europesays.com\/fr\/wp-content\/uploads\/2025\/08\/000-34qt9cg-6718c9cd94b38708125703.jpg\" alt=\"Mathieu Lehanneur dans son atelier \u00e0 c\u00f4t\u00e9 de la vasque des JO 2024\" fetchpriority=\"high\" as=\"image\"\/><\/p>\n<p>\n            Mathieu Lehanneur dans son atelier \u00e0 c\u00f4t\u00e9 de la vasque des JO 2024<br \/>\n                           \u2022<br \/>\n                                      \u00a9 THOMAS SAMSON \/ AFP\n                      <\/p>\n<p><\/a><\/p>\n<p>Alors qu&rsquo;il r\u00e9fl\u00e9chit \u00e0 la mani\u00e8re de ramener la flamme vers son origine, le designer s&rsquo;int\u00e9resse aux travaux des fr\u00e8res Montgolfier. C&rsquo;est ainsi que na\u00eet la vasque volante.\u00a0<\/p>\n<p>Pour faire voler cette gigantesque lumi\u00e8re au-dessus de Paris, il a fallu un ballon rempli d&rsquo;h\u00e9lium, reli\u00e9 \u00e0 de nombreux c\u00e2bles et \u00e0 une nacelle porteuse de la flamme. L&rsquo;anneau de feu est en fait une s\u00e9rie de tuyaux qui envoient de l&rsquo;eau sur des spots LED pour cr\u00e9er la fum\u00e9e et donner l&rsquo;impression \u00ab\u00a0d&rsquo;une flamme absolue\u00a0\u00bb.<\/p>\n<p><a data-article-figure=\"\" href=\"https:\/\/france3-regions.franceinfo.fr\/image\/Vx5SrrNbKo_OjmUPbED-ject69k\/5600x3733\/regions\/2024\/10\/23\/050-only-0500328-6718c93c26cd5244434146.jpg\" data-pswp-width=\"5600\" data-pswp-height=\"3733\" target=\"_blank\" rel=\"nofollow noopener\"><\/p>\n<p>          <img width=\"600\" height=\"400\" class=\"article-image lazy\" data-src=\"https:\/\/www.europesays.com\/fr\/wp-content\/uploads\/2025\/08\/050-only-0500328-6718c93c26cd5244434146.jpg\" alt=\"La vasque volante des Jeux olympiques de Paris 2024\" fetchpriority=\"high\" as=\"image\"\/><\/p>\n<p>\n            La vasque volante des Jeux olympiques de Paris 2024<br \/>\n                           \u2022<br \/>\n                                      \u00a9 J-F ROLLINGER \/ ONLY FRANCE\n                      <\/p>\n<p><\/a><\/p>\n<p>Le but : faire du feu avec de l&rsquo;eau : \u00ab\u00a0On est quelques mois avant la c\u00e9r\u00e9monie d&rsquo;ouverture et on teste la partie basse, la nacelle avec la flamme. Et donc on ne veut pas mettre de ballons parce qu&rsquo;on veut rester discret. Donc on am\u00e8ne une grue qui fait 80 m\u00e8tres de hauteur et on fait monter toute la nacelle et on regarde si la flamme se comporte bien. Et au bout de dix minutes, on entend des sir\u00e8nes de pompiers. C\u2019est les pompiers qui arrivaient, persuad\u00e9s qu&rsquo;il s&rsquo;agissait d&rsquo;une vraie flamme. Donc lorsqu&rsquo;on fait ce test et que m\u00eame les pompiers ont l&rsquo;impression qu&rsquo;il s&rsquo;agit d&rsquo;un vrai feu, on se dit : je crois que c&rsquo;est bon, on a r\u00e9ussi\u00a0\u00bb.<\/p>\n<p>Retrouvez l&rsquo;int\u00e9gralit\u00e9 de l&rsquo;interview de Mathieu Lehanneur en replay sur <a target=\"_blank\" rel=\"noopener nofollow\" href=\"https:\/\/www.france.tv\/france-3\/paris-ile-de-france\/toki-woki\/6631466-n-52-avec-mathieu-lehanneur.html\">france.tv\/idf<\/a><\/p>\n","protected":false},"excerpt":{"rendered":"Depuis Paris 2024, le designer Mathieu Lehanneur n\u2019est pas encore tout \u00e0 fait redescendu sur Terre. Toki Woki&hellip;\n","protected":false},"author":2,"featured_media":318234,"comment_status":"","ping_status":"","sticky":false,"template":"","format":"standard","meta":{"footnotes":""},"categories":[1888],"tags":[1111,1928,11,1927,1777,674,1011,27,12,1926,626,1925,25],"class_list":{"0":"post-318233","1":"post","2":"type-post","3":"status-publish","4":"format-standard","5":"has-post-thumbnail","7":"category-paris","8":"tag-actu","9":"tag-actu-paris","10":"tag-actualites","11":"tag-actualites-paris","12":"tag-eu","13":"tag-europe","14":"tag-fr","15":"tag-france","16":"tag-news","17":"tag-news-paris","18":"tag-paris","19":"tag-paris-news","20":"tag-republique-francaise"},"share_on_mastodon":{"url":"https:\/\/pubeurope.com\/@fr\/115026297219463172","error":""},"_links":{"self":[{"href":"https:\/\/www.europesays.com\/fr\/wp-json\/wp\/v2\/posts\/318233","targetHints":{"allow":["GET"]}}],"collection":[{"href":"https:\/\/www.europesays.com\/fr\/wp-json\/wp\/v2\/posts"}],"about":[{"href":"https:\/\/www.europesays.com\/fr\/wp-json\/wp\/v2\/types\/post"}],"author":[{"embeddable":true,"href":"https:\/\/www.europesays.com\/fr\/wp-json\/wp\/v2\/users\/2"}],"replies":[{"embeddable":true,"href":"https:\/\/www.europesays.com\/fr\/wp-json\/wp\/v2\/comments?post=318233"}],"version-history":[{"count":0,"href":"https:\/\/www.europesays.com\/fr\/wp-json\/wp\/v2\/posts\/318233\/revisions"}],"wp:featuredmedia":[{"embeddable":true,"href":"https:\/\/www.europesays.com\/fr\/wp-json\/wp\/v2\/media\/318234"}],"wp:attachment":[{"href":"https:\/\/www.europesays.com\/fr\/wp-json\/wp\/v2\/media?parent=318233"}],"wp:term":[{"taxonomy":"category","embeddable":true,"href":"https:\/\/www.europesays.com\/fr\/wp-json\/wp\/v2\/categories?post=318233"},{"taxonomy":"post_tag","embeddable":true,"href":"https:\/\/www.europesays.com\/fr\/wp-json\/wp\/v2\/tags?post=318233"}],"curies":[{"name":"wp","href":"https:\/\/api.w.org\/{rel}","templated":true}]}}