{"id":318235,"date":"2025-08-14T08:59:12","date_gmt":"2025-08-14T08:59:12","guid":{"rendered":"https:\/\/www.europesays.com\/fr\/318235\/"},"modified":"2025-08-14T08:59:12","modified_gmt":"2025-08-14T08:59:12","slug":"deux-complices-presumes-extrades-du-maroc-et-mis-en-examen-a-paris","status":"publish","type":"post","link":"https:\/\/www.europesays.com\/fr\/318235\/","title":{"rendered":"deux complices pr\u00e9sum\u00e9s extrad\u00e9s du Maroc et mis en examen \u00e0 Paris"},"content":{"rendered":"<p class=\"authors latino-300b text-grey-600\">\n<p>  Par\u00a0<br \/>\nLe Nouvel Obs avec AFP<\/p>\n<p class=\"latino-300r text-grey-600 pe-10  border-end-lg\">\n<p>    Publi\u00e9 le\u00a014 ao\u00fbt 2025 \u00e0 10h43\n  <\/p>\n<p>              Lecture\u00a0:\u00a02\u00a0min.<\/p>\n<p>      <img fetchpriority=\"high\" decoding=\"async\" class=\"mx-auto\" src=\"data:image\/svg+xml,%3Csvg%20xmlns%3D%27http%3A%2F%2Fwww.w3.org%2F2000%2Fsvg%27%20fill%3D%22%23e4e4e4%22%20viewBox%3D%270%200%20510%20340%27%20width%3D%22510%22%20height%3D%22340%22%3E%3Cpath%20d%3D%27M0%200h510v340H0z%27%2F%3E%3C%2Fsvg%3E\"  loading=\"eager\" width=\"510\" height=\"340\" data-oncrawl-image-size=\"510x340\" alt=\"Des policiers escortent Mohamed Amra apr\u00e8s son arrestation en Roumanie, le 23\u00a0f\u00e9vrier 2025.\"\/>      <\/p>\n<p class=\"latino-100m text-grey-600\">\n            Des policiers escortent Mohamed Amra apr\u00e8s son arrestation en Roumanie, le 23\u00a0f\u00e9vrier 2025.\u00a0VADIM GHIRDA\/AP\/SIPA         <\/p>\n<p>        Lire\u00a0plus\u00a0tard      <\/p>\n<p><a aria-label=\"Nous suivre sur Google News\" href=\"https:\/\/news.google.com\/publications\/CAAqBwgKMJe4nQkw3dFs?hl=fr&amp;gl=FR&amp;ceid=FR%3Afr\" target=\"_blank\" data-piano=\"Page_Article,Sous_date_publi,Nous_suivre_sur_google_news,1er_clic,action\" class=\"btn btn--small btn--tertiary btn--icon-only\" rel=\"noopener\"><\/p>\n<p>      Google Actualit\u00e9s<br \/>\n  <\/a><\/p>\n<p>  Partager<\/p>\n<p>        Facebook<\/p>\n<p>        Bluesky<\/p>\n<p>        E-mail<\/p>\n<p>        Copier le lien<\/p>\n<p>      Envoyer<\/p>\n<p>      S\u2019abonner    <\/p>\n<p class=\"node__paragraphe antonia-750r text-grey-800 pb-24 pb-md-30\">\nDeux hommes soup\u00e7onn\u00e9s d\u2019\u00eatre des complices du narcotrafiquant Mohamed Amra, qui s\u2019\u00e9tait \u00e9vad\u00e9 en\u00a02024 apr\u00e8s une attaque sanglante de son fourgon p\u00e9nitentiaire, ont \u00e9t\u00e9 mis en examen et \u00e9crou\u00e9s \u00e0 Paris apr\u00e8s avoir \u00e9t\u00e9 extrad\u00e9s mercredi 13\u00a0ao\u00fbt du Maroc.<\/p>\n<p class=\"latino-500b text-grey-600 pb-16\">A lire aussi<\/p>\n<p><a href=\"https:\/\/www.nouvelobs.com\/justice\/20250307.OBS101154\/proches-de-koba-lad-profils-deja-connus-de-la-justice-qui-sont-les-individus-soupconnes-d-avoir-joue-un-role-central-dans-l-evasion-de-mohamed-amra.html\" data-article-key=\"20250307.OBS101154\" class=\"link--box flex-grow-1\" data-piano=\"Page_Article,Lire_aussi,,Lien1,navigation\" target=\"_blank\" rel=\"noopener\"><\/p>\n<p>                <img decoding=\"async\" src=\"data:image\/svg+xml,%3Csvg%20xmlns%3D%27http%3A%2F%2Fwww.w3.org%2F2000%2Fsvg%27%20fill%3D%22%23e4e4e4%22%20viewBox%3D%270%200%20120%2080%27%20width%3D%22120%22%20height%3D%2280%22%3E%3Cpath%20d%3D%27M0%200h120v80H0z%27%2F%3E%3C%2Fsvg%3E\"  width=\"120\" height=\"80\" loading=\"lazy\" alt=\"Le narcotrafiquant Mohamed Amra escort\u00e9 par des policiers \u00e0 l\u2019a\u00e9roport international Henri-Coanda de Bucarest, en Roumanie, le 25\u00a0f\u00e9vrier 2025, avant d\u2019\u00eatre extrad\u00e9 vers la France.\"\/><\/p>\n<p class=\"latino-300r latino-lg-600m text-grey-800\">\n                      <strong class=\"latino-300b latino-lg-600m text-grey-500\">Enqu\u00eate\u00a0<\/strong><br \/>\n                    \u00ab\u00a0Mohamed Amra a eu l\u2019intention de s\u2019\u00e9vader d\u00e8s son arriv\u00e9e \u00e0 la maison d\u2019arr\u00eat d\u2019Evreux\u00a0\u00bb\u00a0: huit nouvelles mises en examen dans l\u2019\u00e9vasion du narcotrafiquant        <\/p>\n<p><\/a><\/p>\n<p class=\"node__paragraphe antonia-750r text-grey-800 pb-24 pb-md-30\">\nVis\u00e9s par des mandats d\u2019arr\u00eat, Alan Gomes, 28\u00a0ans, et Albinou Da Sylva, 38\u00a0ans, avaient \u00e9t\u00e9 interpell\u00e9s le 23\u00a0f\u00e9vrier dernier au Maroc, au lendemain de <a href=\"https:\/\/www.nouvelobs.com\/faits-divers\/20250224.OBS100710\/arrestation-de-mohamed-amra-en-roumanie-transfert-vers-la-france-interpellations-de-ses-complices-ce-que-l-on-sait.html\" target=\"_blank\" rel=\"noopener\">l\u2019arrestation en Roumanie de Mohamed Amra<\/a> apr\u00e8s neuf mois de cavale.<\/p>\n<p class=\"node__paragraphe antonia-750r text-grey-800 pb-24 pb-md-30\">\n\u00ab\u00a0Les deux complices pr\u00e9sum\u00e9s de M. Amra, dont la l\u00e2che \u00e9vasion a co\u00fbt\u00e9 la vie \u00e0 deux agents p\u00e9nitentiaires, viennent d\u2019\u00eatre extrad\u00e9s vers la France\u00a0\u00bb, avait \u00e9crit le <a href=\"https:\/\/www.nouvelobs.com\/politique\/20250810.OBS106628\/gerald-darmanin-ou-la-strategie-du-garde-des-sauts.html\" target=\"_blank\" rel=\"noopener\">ministre de la Justice G\u00e9rald Darmanin<\/a> sur X mercredi en fin de journ\u00e9e, peu de temps apr\u00e8s que \u00ab\u00a0<a target=\"_blank\" href=\"https:\/\/www.parismatch.com\/actu\/faits-divers\/info-paris-match-deux-complices-presumes-de-mohamed-amra-extrades-du-maroc-vers-la-france-255562\" rel=\"noopener\">Paris Match<\/a>\u00a0\u00bb et \u00ab\u00a0<a target=\"_blank\" href=\"https:\/\/www.leparisien.fr\/faits-divers\/evasion-de-mohamed-amra-deux-complices-de-premier-plan-en-cours-dextradition-du-maroc-vers-la-france-13-08-2025-7VR7DTXTAFDVLNTAS57BMG5QTY.php\" rel=\"noopener\">Le Parisien<\/a>\u00a0\u00bb ont r\u00e9v\u00e9l\u00e9 cette information.<\/p>\n<p class=\"node__paragraphe antonia-750r text-grey-800 pb-24 pb-md-30\">\n\u00ab\u00a0Ils vont \u00eatre pr\u00e9sent\u00e9s rapidement \u00e0 un juge et devront r\u00e9pondre de leurs actes\u00a0\u00bb, avait-il affirm\u00e9, en remerciant les autorit\u00e9s marocaines qui ont \u00ab\u00a0rendu cette op\u00e9ration (d\u2019extradition) possible rapidement\u00a0\u00bb.<\/p>\n<p>Les deux hommes \u00e9crou\u00e9s<\/p>\n<p class=\"node__paragraphe antonia-750r text-grey-800 pb-24 pb-md-30\">\nAlbinou Da Sylva a \u00e9t\u00e9 mis en examen mercredi soir pour de nombreux chefs, dont association de malfaiteurs, meurtre et tentative de meurtre en bande organis\u00e9e ou encore \u00e9vasion, a appris l\u2019AFP aupr\u00e8s de ses avocats, Mes Nabil El Ouchikli et Ouadie Elhamamouchi. Il a \u00e9t\u00e9 \u00e9crou\u00e9 dans l\u2019attente du d\u00e9bat lundi devant le juge des libert\u00e9s et de la d\u00e9tention (JLD), selon ses conseils. \u00ab\u00a0Il nie avoir particip\u00e9 au convoi meurtrier et garde ses d\u00e9clarations pour la suite de l\u2019instruction\u00a0\u00bb, ont ajout\u00e9 Mes El Ouchikli et Elhamamouchi.<\/p>\n<p class=\"node__paragraphe antonia-750r text-grey-800 pb-24 pb-md-30\">\nAlan Gomes, qui faisait l\u2019objet comme Albinou Da Sylva d\u2019une notice rouge d\u2019Interpol, a \u00e9galement \u00e9t\u00e9 mis en examen pour une s\u00e9rie de chefs d\u2019accusation, dont association de malfaiteurs, meurtre et tentative de meurtre en bande organis\u00e9e et \u00e9vasion, selon une source proche du dossier. Il a \u00e9t\u00e9 \u00e9crou\u00e9 dans la nuit de mercredi \u00e0 jeudi, dans l\u2019attente de son passage lui aussi devant le JLD lundi. Contact\u00e9 par l\u2019AFP, son avocat, Karim Morand-Lahouazi, n\u2019a pas donn\u00e9 suite.<\/p>\n<p class=\"node__paragraphe antonia-750r text-grey-800 pb-24 pb-md-30\">\nAlan Gomes est consid\u00e9r\u00e9 par les enqu\u00eateurs comme faisant partie du commando ayant attaqu\u00e9 le 14\u00a0mai 2024 <a href=\"https:\/\/www.nouvelobs.com\/faits-divers\/20240514.OBS88347\/deux-agents-penitentiaires-tues-dans-l-attaque-de-leur-fourgon-dans-l-eure.html\" target=\"_blank\" rel=\"noopener\">au p\u00e9age d\u2019Incarville<\/a> (Eure) le fourgon p\u00e9nitentiaire qui transportait Mohamed Amra.<\/p>\n<p class=\"node__paragraphe antonia-750r text-grey-800 pb-24 pb-md-30\">\nApr\u00e8s l\u2019\u00e9vasion meurtri\u00e8re, Alan Gomes et Albinou Da Sylva avaient fui au Maroc. Tous deux sont originaires et domicili\u00e9s \u00e0 Evreux, la base de Amra.<\/p>\n<p class=\"node__paragraphe antonia-750r text-grey-800 pb-24 pb-md-30\">\nAu moins, 41 autres personnes sont mises en examen, dont 30 sont en d\u00e9tention provisoire, dans cette affaire tentaculaire qui a mobilis\u00e9 des moyens exceptionnels pour interpeller les suspects, dont certains \u00e0 l\u2019\u00e9tranger.<\/p>\n<p class=\"node__paragraphe antonia-750r text-grey-800 pb-24 pb-md-30\">\nMohamed Amra, surnomm\u00e9 \u00ab\u00a0La Mouche\u00a0\u00bb, s\u2019\u00e9tait \u00e9vad\u00e9 lors d\u2019un v\u00e9ritable guet-apens au cours duquel deux agents p\u00e9nitentiaires avaient \u00e9t\u00e9 abattus et trois gri\u00e8vement bless\u00e9s. Sa cavale avait pris fin le 22\u00a0f\u00e9vrier \u00e0 Bucarest.<\/p>\n<p class=\"node__paragraphe antonia-750r text-grey-800 pb-24 pb-md-30\">\nInitialement d\u00e9tenu \u00e0 Cond\u00e9-sur-Sarthe (Orne) apr\u00e8s son extradition en France, il a \u00e9t\u00e9 transf\u00e9r\u00e9 le 24\u00a0juillet \u00e0 la <a href=\"https:\/\/www.nouvelobs.com\/justice\/20250727.OBS106268\/parloirs-surveilles-selection-arbitraire-la-nouvelle-prison-de-haute-securite-de-vendin-le-vieil-critiquee-par-les-avocats-des-detenus.html\" target=\"_blank\" rel=\"noopener\">prison de Vendin-le-Vieil<\/a> (Pas-de-Calais), dont le quartier de haute s\u00e9curit\u00e9 doit accueillir les narcotrafiquants parmi les plus \u00ab\u00a0dangereux\u00a0\u00bb du pays.<\/p>\n<p>Black Manjak Family<\/p>\n<p class=\"node__paragraphe antonia-750r text-grey-800 pb-24 pb-md-30\">\nSelon les enqu\u00eateurs, Alan Gomes est impliqu\u00e9 dans de multiples activit\u00e9s occultes et consid\u00e9r\u00e9 comme \u00ab\u00a0un membre \u00e0 part enti\u00e8re de la BMF\u00a0\u00bb, la Black Manjak Family, une organisation criminelle bas\u00e9e en Normandie et sp\u00e9cialis\u00e9e dans les stup\u00e9fiants.<\/p>\n<p class=\"node__paragraphe antonia-750r text-grey-800 pb-24 pb-md-30\">\nD\u2019apr\u00e8s les m\u00eames sources, il entretenait des liens avec <a href=\"https:\/\/www.nouvelobs.com\/justice\/20250328.OBS102080\/evasion-de-mohamed-amra-le-rappeur-koba-lad-mis-en-examen.html\" target=\"_blank\" rel=\"noopener\">le rappeur Koba LaD<\/a> et \u00e9tait pr\u00e9sent sur nombre de ses d\u00e9placements. L\u2019artiste, qui a d\u00e9j\u00e0 \u00e9t\u00e9 condamn\u00e9 \u00e0 plusieurs reprises, dont r\u00e9cemment \u00e0 six ans de prison pour un accident de la route mortel sous l\u2019emprise de stup\u00e9fiants et \u00e0 15 mois de prison pour violences sur son manager, a \u00e9t\u00e9 mis en examen en mars pour une possible contribution au financement de la cavale de Mohamed Amra.<\/p>\n<p class=\"latino-500b text-grey-600 pb-16\">A lire aussi<\/p>\n<p><a href=\"https:\/\/www.nouvelobs.com\/justice\/20250604.OBS104612\/l-extraction-de-mohamed-amara-de-sa-prison-ultra-securisee-divise-et-fait-ressurgir-l-episode-de-son-evasion-meurtriere.html\" data-article-key=\"20250604.OBS104612\" class=\"link--box flex-grow-1\" data-piano=\"Page_Article,Lire_aussi,,Lien2,navigation\" target=\"_blank\" rel=\"noopener\"><\/p>\n<p>                <img decoding=\"async\" src=\"data:image\/svg+xml,%3Csvg%20xmlns%3D%27http%3A%2F%2Fwww.w3.org%2F2000%2Fsvg%27%20fill%3D%22%23e4e4e4%22%20viewBox%3D%270%200%20120%2080%27%20width%3D%22120%22%20height%3D%2280%22%3E%3Cpath%20d%3D%27M0%200h120v80H0z%27%2F%3E%3C%2Fsvg%3E\"  width=\"120\" height=\"80\" loading=\"lazy\" alt=\"Mohamed Amra, surnomm\u00e9 \u00ab\u00a0la Mouche\u00a0\u00bb, arr\u00eat\u00e9 par la police roumaine \u00e0 Bucarest, le 23\u00a0f\u00e9vrier 2025. \"\/><\/p>\n<p class=\"latino-300r latino-lg-600m text-grey-800\">\n                      <strong class=\"latino-300b latino-lg-600m text-grey-500\">R\u00e9cap\u00a0<\/strong><br \/>\n                    L\u2019extraction de Mohamed Amara de sa prison ultras\u00e9curis\u00e9e divise et fait ressurgir l\u2019\u00e9pisode de son \u00e9vasion meurtri\u00e8re        <\/p>\n<p><\/a><\/p>\n<p class=\"node__paragraphe antonia-750r text-grey-800 pb-24 pb-md-30\">\nAlan Gomes \u00e9tait le g\u00e9rant d\u2019un bar \u00e0 chicha, dans lequel il \u00e9tait assist\u00e9 par Albinou Da Sylva. Ce bar, selon les enqu\u00eateurs, \u00e9tait un lieu de rassemblement des membres de la Black Manjak Family.<\/p>\n<p class=\"node__paragraphe antonia-750r text-grey-800 pb-24 pb-md-30\">\nAu domicile d\u2019Albinou Da Sylva, \u00ab\u00a0tr\u00e8s d\u00e9favorablement connu des services de police\u00a0\u00bb avant m\u00eame l\u2019\u00e9vasion d\u2019Amra, ont \u00e9t\u00e9 saisis notamment deux pistolets automatiques, des \u00e9l\u00e9ments de t\u00e9l\u00e9phonie et 855\u00a0euros, tandis que dans les diff\u00e9rents points de chute d\u2019Alan Gomes, \u00e0 Evreux, ont \u00e9t\u00e9 retrouv\u00e9s 1\u00a0250\u00a0euros en num\u00e9raire, de multiples terminaux mobiles, des munitions, un chargeur de pistolet automatique, d\u2019apr\u00e8s la m\u00eame source.<\/p>\n<p class=\"authors latino-600m text-grey-800\">\n<p>  Par\u00a0<br \/>\nLe Nouvel Obs avec AFP<\/p>\n","protected":false},"excerpt":{"rendered":"Par\u00a0 Le Nouvel Obs avec AFP Publi\u00e9 le\u00a014 ao\u00fbt 2025 \u00e0 10h43 Lecture\u00a0:\u00a02\u00a0min. Des policiers escortent Mohamed Amra&hellip;\n","protected":false},"author":2,"featured_media":318236,"comment_status":"","ping_status":"","sticky":false,"template":"","format":"standard","meta":{"footnotes":""},"categories":[1888],"tags":[17,11,45659,12612,45658,1777,674,3727,45660,1011,27,303,2223,39251,12,626,32004,25],"class_list":{"0":"post-318235","1":"post","2":"type-post","3":"status-publish","4":"format-standard","5":"has-post-thumbnail","7":"category-paris","8":"tag-17","9":"tag-actualites","10":"tag-amra","11":"tag-complices","12":"tag-crime-organise","13":"tag-eu","14":"tag-europe","15":"tag-evasion","16":"tag-extrades","17":"tag-fr","18":"tag-france","19":"tag-justice","20":"tag-maroc","21":"tag-mohamed","22":"tag-news","23":"tag-paris","24":"tag-presumes","25":"tag-republique-francaise"},"share_on_mastodon":{"url":"https:\/\/pubeurope.com\/@fr\/115026301076279606","error":""},"_links":{"self":[{"href":"https:\/\/www.europesays.com\/fr\/wp-json\/wp\/v2\/posts\/318235","targetHints":{"allow":["GET"]}}],"collection":[{"href":"https:\/\/www.europesays.com\/fr\/wp-json\/wp\/v2\/posts"}],"about":[{"href":"https:\/\/www.europesays.com\/fr\/wp-json\/wp\/v2\/types\/post"}],"author":[{"embeddable":true,"href":"https:\/\/www.europesays.com\/fr\/wp-json\/wp\/v2\/users\/2"}],"replies":[{"embeddable":true,"href":"https:\/\/www.europesays.com\/fr\/wp-json\/wp\/v2\/comments?post=318235"}],"version-history":[{"count":0,"href":"https:\/\/www.europesays.com\/fr\/wp-json\/wp\/v2\/posts\/318235\/revisions"}],"wp:featuredmedia":[{"embeddable":true,"href":"https:\/\/www.europesays.com\/fr\/wp-json\/wp\/v2\/media\/318236"}],"wp:attachment":[{"href":"https:\/\/www.europesays.com\/fr\/wp-json\/wp\/v2\/media?parent=318235"}],"wp:term":[{"taxonomy":"category","embeddable":true,"href":"https:\/\/www.europesays.com\/fr\/wp-json\/wp\/v2\/categories?post=318235"},{"taxonomy":"post_tag","embeddable":true,"href":"https:\/\/www.europesays.com\/fr\/wp-json\/wp\/v2\/tags?post=318235"}],"curies":[{"name":"wp","href":"https:\/\/api.w.org\/{rel}","templated":true}]}}