{"id":318241,"date":"2025-08-14T09:02:16","date_gmt":"2025-08-14T09:02:16","guid":{"rendered":"https:\/\/www.europesays.com\/fr\/318241\/"},"modified":"2025-08-14T09:02:16","modified_gmt":"2025-08-14T09:02:16","slug":"en-direct-ukraine-zelensky-recu-a-londres-par-starmer-a-la-veille-du-sommet-trump-poutine","status":"publish","type":"post","link":"https:\/\/www.europesays.com\/fr\/318241\/","title":{"rendered":"EN DIRECT &#8211; Ukraine : Zelensky re\u00e7u \u00e0 Londres par Starmer \u00e0 la veille du sommet Trump-Poutine"},"content":{"rendered":"<ul class=\"jsx-862013697 ArticleChapo__List\">\n<li class=\"jsx-862013697 ArticleChapo__List_Item flex\">L&rsquo;Ukraine a tir\u00e9 des dizaines de drones sur la Russie entre mercredi soir et jeudi matin, une attaque qui a fait trois bless\u00e9s et provoqu\u00e9 des incendies dans deux r\u00e9gions du sud du pays, notamment dans une raffinerie de p\u00e9trole, ont annonc\u00e9 les autorit\u00e9s russes.<\/li>\n<li class=\"jsx-862013697 ArticleChapo__List_Item flex\">Suivez en direct les derni\u00e8res informations \u00e0 ce sujet.<\/li>\n<\/ul>\n<p><a href=\"https:\/\/www.tf1info.fr\/actualite\/guerre-ukraine-russie-une-rencontre-donald-trump-vladimir-poutine-historique-le-vendredi-15-aout-2025-en-alaska-sans-volodymyr-zelensky-14326\/\" rel=\"noopener\" class=\"jsx-484472199 Link jsx-1428418400 jsx-554215408\" target=\"_blank\"><\/p>\n<p style=\"font-weight:400\" class=\"jsx-1837267516\">Suivez la couverture compl\u00e8te<\/p>\n<p style=\"font-weight:800\" class=\"jsx-1837267516\">Ukraine : une rencontre cruciale Trump-Poutine le 15 ao\u00fbt, sans Zelensky ?<\/p>\n<p><\/a>Les \u00e9l\u00e9ments marquantsATTAQUE UKRAINIENNE08:24<\/p>\n<p>L\u2019Ukraine a tir\u00e9 des dizaines de drones sur la Russie entre mercredi soir et jeudi matin, une attaque qui a fait trois bless\u00e9s et provoqu\u00e9 des incendies dans deux r\u00e9gions du sud du pays, notamment dans une raffinerie de p\u00e9trole, ont annonc\u00e9 les autorit\u00e9s russes.<\/p>\n<p>\u00ab\u00a0L\u2019attaque a provoqu\u00e9 un d\u00e9versement de produits p\u00e9troliers qui ont pris feu \u00e0 la raffinerie de p\u00e9trole de Volgograd\u00a0\u00bb, a indiqu\u00e9 le gouverneur de cette r\u00e9gion, Andre\u00ef Bocharov, dans un communiqu\u00e9 sur Telegram. \u00a0Un autre drone ukrainien a frapp\u00e9 une voiture et bless\u00e9 trois personnes dans la r\u00e9gion de Belgorod, a indiqu\u00e9 son gouverneur, Viatcheslav Gladkov.<\/p>\n<p>Minute par minuteRENCONTRE LONDONIENNE10:48<\/p>\n<p>Le pr\u00e9sident ukrainien Volodymyr Zelensky a \u00e9t\u00e9 re\u00e7u jeudi \u00e0 Downing Street par le Premier ministre britannique Keir Starmer, \u00e0 la veille du sommet Trump-Poutine en Alaska.<\/p>\n<p>Les deux hommes se sont embrass\u00e9s sur le perron de la r\u00e9sidence du Premier ministre et se sont serr\u00e9 la main devant les cam\u00e9ras avant d&rsquo;entrer \u00e0 Downing Street, dans une manifestation d&rsquo;unit\u00e9 avant le sommet de vendredi.<\/p>\n<p>DRONES ET MISSILES10:47<\/p>\n<p>L&rsquo;arm\u00e9e de l\u2019air ukrainienne rapporte que la Russie a attaqu\u00e9 l\u2019Ukraine dans la nuit de mercredi \u00e0 jeudi. Elle a eu recours \u00e0 deux missiles antia\u00e9riens S-300\/400, ainsi qu&rsquo;\u00e0 45 drones de type Shahed et divers types de drones leurres. Les unit\u00e9s de d\u00e9fense antia\u00e9rienne ukrainiennes expliquent ce jeudi avoir abattu et brouill\u00e9 24 drones kamikazes et divers leurres dans le nord et l&rsquo;est du pays.<\/p>\n<p>ATTAQUE UKRAINIENNE08:24<\/p>\n<p>L\u2019Ukraine a tir\u00e9 des dizaines de drones sur la Russie entre mercredi soir et jeudi matin, une attaque qui a fait trois bless\u00e9s et provoqu\u00e9 des incendies dans deux r\u00e9gions du sud du pays, notamment dans une raffinerie de p\u00e9trole, ont annonc\u00e9 les autorit\u00e9s russes.<\/p>\n<p>\u00ab\u00a0L\u2019attaque a provoqu\u00e9 un d\u00e9versement de produits p\u00e9troliers qui ont pris feu \u00e0 la raffinerie de p\u00e9trole de Volgograd\u00a0\u00bb, a indiqu\u00e9 le gouverneur de cette r\u00e9gion, Andre\u00ef Bocharov, dans un communiqu\u00e9 sur Telegram. \u00a0Un autre drone ukrainien a frapp\u00e9 une voiture et bless\u00e9 trois personnes dans la r\u00e9gion de Belgorod, a indiqu\u00e9 son gouverneur, Viatcheslav Gladkov.<\/p>\n<p>ZELENSKY \u00c0 LONDRES07:56<\/p>\n<p>Le Premier ministre britannique, Keir Starmer, doit rencontrer ce jeudi \u00e0 Londres le pr\u00e9sident ukrainien Volodymyr Zelensky, \u00e0 la veille du sommet entre Donald Trump et Vladimir Poutine en Alaska, a annonc\u00e9 son cabinet.<\/p>\n<p>M. Starmer, qui a \u00e9voqu\u00e9 mercredi une chance r\u00e9elle de parvenir \u00e0 un cessez-le-feu gr\u00e2ce \u00e0 la m\u00e9diation du pr\u00e9sident am\u00e9ricain, doit recevoir le dirigeant ukrainien \u00e0 09H30 (08H30 GMT) \u00e0 Downing Street, a-t-on pr\u00e9cis\u00e9 de m\u00eame source.<\/p>\n<p>ET MAINTENANT ?06:43<\/p>\n<p>\u00c0 l&rsquo;approche du sommet Trump-Poutine en Alaska, les Russes poussent tr\u00e8s fort sur le front de l&rsquo;Est. Plusieurs villages ont \u00e9t\u00e9 conquis par les hommes de Poutine.<\/p>\n<p>Ukraine : quelle issue pour le conflit ?Source : TF1 Info<\/p>\n<p><img decoding=\"async\" src=\"https:\/\/www.europesays.com\/fr\/wp-content\/uploads\/2025\/08\/ukraine-quelle-issue-pour-le-conflit-11be72-0@1x.jpeg\" alt=\"Ukraine : quelle issue pour le conflit ?\" loading=\"lazy\" importance=\"low\" fetchpriority=\"low\" class=\"\"\/><img decoding=\"async\" src=\"https:\/\/www.tf1info.fr\/images\/icons\/player-logo-play.svg\" alt=\"Logo lecture\" class=\"jsx-d0de44c05fe3042c PlayerLazyload__Play\"\/>POUTINE EST PR\u00c9VENU06:19<\/p>\n<p>\u00ab\u00a0Il y aura des cons\u00e9quences tr\u00e8s graves\u00a0\u00bb pour la Russie si elle n&rsquo;arr\u00eate pas la guerre, a affirm\u00e9 Donald Trump en conf\u00e9rence de presse mercrecredi, sans donner de d\u00e9tails, \u00e0 deux jours de sa rencontre vendredi en Alaska avec le pr\u00e9sident Vladimir Poutine.<\/p>\n<p data-module=\"article-paragraph\" class=\"jsx-3046738180 Paragraph Paragraph__End\">J-1 avant le rendez-vous entre<a href=\"https:\/\/www.tf1info.fr\/international\/la-base-militaire-d-elmendorf-richardson-decor-de-la-rencontre-donald-trump-et-vladimir-poutine-en-alaska-2388492.html\" target=\"_blank\" rel=\"noopener\"> Donald Trump et Vladimir Poutine en Alaska<\/a>. Apr\u00e8s sa visioconf\u00e9rence avec les dirigeants europ\u00e9ens mercredi, qualifi\u00e9 de \u00ab\u00a0tr\u00e8s bon appel\u00a0\u00bb, le pr\u00e9sident am\u00e9ricain a fait part de son souhait d&rsquo;organiser \u00ab\u00a0rapidement une seconde rencontre entre le pr\u00e9sident Poutine, le pr\u00e9sident Zelensky et (lui)-m\u00eame, s&rsquo;ils veulent que je sois l\u00e0\u00a0\u00bb. Le pr\u00e9sident am\u00e9ricain a cependant d\u00e9clar\u00e9 qu&rsquo;il pourrait renoncer \u00e0 organiser cette rencontre, en fonction de la teneur de son t\u00eate-\u00e0-t\u00eate avec Vladimir Poutine vendredi sur une base militaire am\u00e9ricaine en Alaska.<\/p>\n<p data-module=\"article-paragraph\" class=\"jsx-3046738180 Paragraph Paragraph__End\">Devant la presse, Donald Trump a aussi averti que la <a href=\"https:\/\/www.tf1info.fr\/international\/en-direct-ukraine-trump-poutine-sommet-alaska-anchorage-zelensky-exclut-un-retrait-des-forces-de-kiev-dans-le-donbass-les-dernieres-informations-de-ce-mercredi-13-aout-2025-2388418.html\" target=\"_blank\" rel=\"noopener\">Russie ferait face \u00e0 des \u00ab\u00a0cons\u00e9quences tr\u00e8s graves\u00a0\u00bb<\/a> si elle n&rsquo;acceptait pas de mettre fin \u00e0 la guerre, sans pour autant rentrer dans les d\u00e9tails.<\/p>\n<p>Zelensky r\u00e9clame un \u00ab\u00a0cessez-le-feu imm\u00e9diat\u00a0\u00bb<\/p>\n<p data-module=\"article-paragraph\" class=\"jsx-3046738180 Paragraph Paragraph__End\">\u00ab\u00a0Nous esp\u00e9rons que le th\u00e8me central de la r\u00e9union\u00a0\u00bb entre Donald Trump et Vladimir Poutine en Alaska sera \u00ab\u00a0un cessez-le-feu imm\u00e9diat\u00a0\u00bb, a de son c\u00f4t\u00e9 d\u00e9clar\u00e9 Volodymyr Zelensky. Le pr\u00e9sident ukrainien s&rsquo;exprimait de Berlin, o\u00f9 il a \u00e9t\u00e9 re\u00e7u par le chancelier allemand, Friedrich Merz, pour une visioconf\u00e9rence avec Donald Trump et les principaux dirigeants europ\u00e9ens, ceux de l&rsquo;UE et de l&rsquo;Otan.<\/p>\n<p data-module=\"article-paragraph\" class=\"jsx-3046738180 Paragraph Paragraph__End\">Ces \u00e9changes ont eu lieu au lendemain de la plus grande progression en 24 heures des forces russes en territoire ukrainien depuis plus d&rsquo;un an, selon l&rsquo;analyse par l&rsquo;AFP des donn\u00e9es fournies par l&rsquo;Institut am\u00e9ricain pour l&rsquo;\u00e9tude de la guerre (ISW). Les troupes russes, dont l&rsquo;avanc\u00e9e s&rsquo;acc\u00e9l\u00e8re, ont dit avoir conquis plus de 110 km2 suppl\u00e9mentaires au 12 ao\u00fbt par rapport \u00e0 la veille, ce qui n&rsquo;\u00e9tait plus arriv\u00e9 depuis fin mai 2024.<\/p>\n<p>La r\u00e9daction de TF1info<\/p>\n","protected":false},"excerpt":{"rendered":"L&rsquo;Ukraine a tir\u00e9 des dizaines de drones sur la Russie entre mercredi soir et jeudi matin, une attaque&hellip;\n","protected":false},"author":2,"featured_media":287037,"comment_status":"","ping_status":"","sticky":false,"template":"","format":"standard","meta":{"footnotes":""},"categories":[1590],"tags":[1111,11,1921,75,1777,674,28083,1922,12,45201,220,1917,45200,133,1920,135,134],"class_list":{"0":"post-318241","1":"post","2":"type-post","3":"status-publish","4":"format-standard","5":"has-post-thumbnail","7":"category-ukraine","8":"tag-actu","9":"tag-actualites","10":"tag-article-video","11":"tag-donald-trump","12":"tag-eu","13":"tag-europe","14":"tag-guerre-en-ukraine-une-treve-sera-t-elle-possible","15":"tag-info","16":"tag-news","17":"tag-sans-zelensky","18":"tag-ukraine","19":"tag-ukraine-4-annee-de-guerre","20":"tag-ukraine-une-rencontre-cruciale-trump-poutine-le-15-aout","21":"tag-video","22":"tag-video-international","23":"tag-vladimir-poutine","24":"tag-volodymyr-zelensky"},"share_on_mastodon":{"url":"https:\/\/pubeurope.com\/@fr\/115026313154379138","error":""},"_links":{"self":[{"href":"https:\/\/www.europesays.com\/fr\/wp-json\/wp\/v2\/posts\/318241","targetHints":{"allow":["GET"]}}],"collection":[{"href":"https:\/\/www.europesays.com\/fr\/wp-json\/wp\/v2\/posts"}],"about":[{"href":"https:\/\/www.europesays.com\/fr\/wp-json\/wp\/v2\/types\/post"}],"author":[{"embeddable":true,"href":"https:\/\/www.europesays.com\/fr\/wp-json\/wp\/v2\/users\/2"}],"replies":[{"embeddable":true,"href":"https:\/\/www.europesays.com\/fr\/wp-json\/wp\/v2\/comments?post=318241"}],"version-history":[{"count":0,"href":"https:\/\/www.europesays.com\/fr\/wp-json\/wp\/v2\/posts\/318241\/revisions"}],"wp:featuredmedia":[{"embeddable":true,"href":"https:\/\/www.europesays.com\/fr\/wp-json\/wp\/v2\/media\/287037"}],"wp:attachment":[{"href":"https:\/\/www.europesays.com\/fr\/wp-json\/wp\/v2\/media?parent=318241"}],"wp:term":[{"taxonomy":"category","embeddable":true,"href":"https:\/\/www.europesays.com\/fr\/wp-json\/wp\/v2\/categories?post=318241"},{"taxonomy":"post_tag","embeddable":true,"href":"https:\/\/www.europesays.com\/fr\/wp-json\/wp\/v2\/tags?post=318241"}],"curies":[{"name":"wp","href":"https:\/\/api.w.org\/{rel}","templated":true}]}}