{"id":318244,"date":"2025-08-14T09:04:15","date_gmt":"2025-08-14T09:04:15","guid":{"rendered":"https:\/\/www.europesays.com\/fr\/318244\/"},"modified":"2025-08-14T09:04:15","modified_gmt":"2025-08-14T09:04:15","slug":"volodymyr-zelensky-en-deplacement-a-londres-a-la-veille-du-sommet-trump-poutine-lexpress","status":"publish","type":"post","link":"https:\/\/www.europesays.com\/fr\/318244\/","title":{"rendered":"Volodymyr Zelensky en d\u00e9placement \u00e0 Londres \u00e0 la veille du sommet Trump-Poutine \u2013 L&rsquo;Express"},"content":{"rendered":"<p class=\"paragraph article-body-paragraph article__item article-body-paragraph--live  \">Une fin de semaine d\u00e9cisive pour Kiev. <a href=\"https:\/\/www.lexpress.fr\/monde\/europe\/sommet-trump-poutine-les-europeens-quantite-negligeable-sur-leur-propre-continent-PC62IWPU7NCA3LX7CSNAYLZUJY\/\" target=\"_self\" rel=\"nofollow noopener\" title=\"https:\/\/www.lexpress.fr\/monde\/europe\/sommet-trump-poutine-les-europeens-quantite-negligeable-sur-leur-propre-continent-PC62IWPU7NCA3LX7CSNAYLZUJY\/\">La communaut\u00e9 internationale<\/a> s&rsquo;active ces derniers jours avant la tenue du sommet entre le pr\u00e9sident am\u00e9ricain Donald Trump et <a href=\"\" rel=\"\" title=\"\">son homologue russe Vladimir Poutine<\/a>, ce vendredi 15 ao\u00fbt en Alaska, aux \u00c9tats-Unis. Les deux dirigeants vont se rencontrer pour la premi\u00e8re fois depuis le d\u00e9but de l&rsquo;invasion russe de l&rsquo;Ukraine, en f\u00e9vrier 2022, afin d&rsquo;\u00e9voquer de possibles pistes pour mettre un terme au conflit qui d\u00e9chire l&rsquo;est de l&rsquo;Europe.<\/p>\n<p class=\"paragraph article-body-paragraph article__item article-body-paragraph--live  \"><a href=\"https:\/\/www.lexpress.fr\/monde\/europe\/guerre-en-ukraine-volodymyr-zelensky-appelle-a-contrer-toute-tromperie-russe-26XSIFCTSFGHZLKLOCLBXEQTZQ\/\" target=\"_self\" rel=\"nofollow noopener\" title=\"https:\/\/www.lexpress.fr\/monde\/europe\/guerre-en-ukraine-volodymyr-zelensky-appelle-a-contrer-toute-tromperie-russe-26XSIFCTSFGHZLKLOCLBXEQTZQ\/\">Volodymyr Zelensky<\/a>, lui, ne souhaite pas \u00eatre laiss\u00e9 de c\u00f4t\u00e9 lors des n\u00e9gociations. Mercredi, le pr\u00e9sident ukrainien a \u00e9galement \u00e9chang\u00e9 avec <a href=\"https:\/\/www.lexpress.fr\/monde\/asie\/droits-de-douane-donald-trump-a-pousse-linde-dans-les-bras-de-la-chine-PZMIK3CLVJHRVDGLF2E6S2AFOE\/\" target=\"_self\" rel=\"nofollow noopener\" title=\"https:\/\/www.lexpress.fr\/monde\/asie\/droits-de-douane-donald-trump-a-pousse-linde-dans-les-bras-de-la-chine-PZMIK3CLVJHRVDGLF2E6S2AFOE\/\">Donald Trump<\/a> lors d&rsquo;un appel conjoint avec le milliardaire r\u00e9publicain et ses partenaires europ\u00e9ens. \u00ab\u00a0Nous aurons rapidement une seconde rencontre. J&rsquo;aimerais le faire presque imm\u00e9diatement, et nous aurons rapidement une seconde rencontre entre le pr\u00e9sident Poutine, le pr\u00e9sident Zelensky, et moi-m\u00eame, s&rsquo;ils veulent que je sois l\u00e0\u00a0\u00bb, a assur\u00e9 Donald Trump mercredi.<\/p>\n<p class=\"paragraph article-body-paragraph article__item article-body-paragraph--live  \"><b>Les infos \u00e0 retenir :<\/b><\/p>\n<p class=\"paragraph article-body-paragraph article__item article-body-paragraph--live  \">\u21d2 Volodymyr Zelensky rencontre ce jeudi Keir Starmer \u00e0 Londres<\/p>\n<p class=\"paragraph article-body-paragraph article__item article-body-paragraph--live  \">\u21d2 Une attaque de drones ukrainiens en Russie, une raffinerie touch\u00e9e<\/p>\n<p class=\"paragraph article-body-paragraph article__item article-body-paragraph--live  \">\u21d2 Trump esp\u00e8re une rencontre tripartite avec Poutine et Zelensky \u00ab\u00a0presque imm\u00e9diatement\u00a0\u00bb apr\u00e8s l&rsquo;Alaska<\/p>\n<p class=\"paragraph article-body-paragraph article__item  article-body-paragraph--live-short  \">09H15<\/p>\n<p>Volodymyr Zelensky rencontre Keir Starmer ce jeudi \u00e0 Londres<\/p>\n<p class=\"paragraph article-body-paragraph article__item article-body-paragraph--live  \">\u00c0 la veille d&rsquo;un sommet jug\u00e9 d\u00e9cisif en Alaska (\u00c9tats-Unis) entre Donald Trump et son homologue russe Vladimir Poutine, <a href=\"https:\/\/www.lexpress.fr\/monde\/europe\/ukraine-a-la-veille-du-sommet-en-alaska-donald-trump-tient-toujours-a-lecart-volodymyr-zelensky-JOAJGGJYNFH6HFYAINEQV7PV7Q\/\" target=\"_self\" rel=\"nofollow noopener\" title=\"https:\/\/www.lexpress.fr\/monde\/europe\/ukraine-a-la-veille-du-sommet-en-alaska-donald-trump-tient-toujours-a-lecart-volodymyr-zelensky-JOAJGGJYNFH6HFYAINEQV7PV7Q\/\">le pr\u00e9sident ukrainien Volodymyr Zelensky<\/a> doit \u00eatre re\u00e7u ce jeudi 14 ao\u00fbt \u00e0 Londres, au Royaume-Uni, par le Premier ministre britannique, Keir Starmer. Mercredi, ce dernier a \u00e9voqu\u00e9 l&rsquo;opportunit\u00e9 que repr\u00e9sente ce sommet bilat\u00e9ral au nord du continent am\u00e9ricain pour tenter de mettre fin au conflit.<\/p>\n<p><strong class=\"article-body-link-list__item text-gray-800 article-body-link-list__item--one-item\">LIRE AUSSI : <a class=\"article-body-link-list__item-link\" href=\"https:\/\/www.lexpress.fr\/monde\/europe\/avant-le-sommet-trump-poutine-linquietude-des-ukrainiens-si-vous-netes-pas-invites-cest-que-ZSZ5YDAUUZHJPLX3ATJH2T6O7I\/\" target=\"_blank\" rel=\"noreferrer nofollow noopener\">Avant le sommet Trump-Poutine, l\u2019inqui\u00e9tude des Ukrainiens : \u00ab\u00a0Si vous n&rsquo;\u00eates pas invit\u00e9s, c&rsquo;est que&#8230;\u00a0\u00bb<\/a><\/strong><\/p>\n<p class=\"paragraph article-body-paragraph article__item article-body-paragraph--live  \">\u00ab\u00a0Durant les trois ans et quelques mois que ce conflit a dur\u00e9, nous n&rsquo;avons jamais \u00e9t\u00e9 proches d&rsquo;une solution r\u00e9elle pour parvenir \u00e0 un cessez-le-feu\u00a0\u00bb, a r\u00e9sum\u00e9 <a href=\"https:\/\/www.lexpress.fr\/monde\/europe\/keir-starmer-un-an-au-pouvoir-la-presse-britannique-tacle-un-premier-ministre-invisible-EWTYJAPDURBEZBWZQ7W3NMOSQI\/\" target=\"_self\" rel=\"nofollow noopener\" title=\"https:\/\/www.lexpress.fr\/monde\/europe\/keir-starmer-un-an-au-pouvoir-la-presse-britannique-tacle-un-premier-ministre-invisible-EWTYJAPDURBEZBWZQ7W3NMOSQI\/\">Keir Starmer<\/a>. \u00ab\u00a0Et maintenant, nous avons cette chance, gr\u00e2ce au travail accompli par le pr\u00e9sident.\u00a0\u00bb Le responsable britannique s&rsquo;adressait en visioconf\u00e9rence aux membres de la \u00ab\u00a0coalition des pays volontaires\u00a0\u00bb, peu apr\u00e8s s&rsquo;\u00eatre entretenu avec les principaux dirigeants europ\u00e9ens, ceux de l&rsquo;UE, <a href=\"https:\/\/www.lexpress.fr\/monde\/europe\/face-a-vladimir-poutine-comment-lotan-est-redevenue-une-machine-de-guerre-A43W5PC6RVE4LP3RD7BNC6GXYY\/\" target=\"_self\" rel=\"nofollow noopener\" title=\"https:\/\/www.lexpress.fr\/monde\/europe\/face-a-vladimir-poutine-comment-lotan-est-redevenue-une-machine-de-guerre-A43W5PC6RVE4LP3RD7BNC6GXYY\/\">l&rsquo;Otan<\/a> et Donald Trump.<\/p>\n<p class=\"paragraph article-body-paragraph article__item  article-body-paragraph--live-short  \">08H50<\/p>\n<p>Attaque de drones ukrainiens en Russie, une raffinerie en feu<\/p>\n<p class=\"paragraph article-body-paragraph article__item article-body-paragraph--live  \">L\u2019Ukraine a tir\u00e9 <a href=\"https:\/\/www.lexpress.fr\/monde\/europe\/une-vraie-revolution-comment-les-drones-bouleversent-le-champ-de-bataille-3444F7M5OVHC7PAWJFUOM5APOE\/\" target=\"_self\" rel=\"nofollow noopener\" title=\"https:\/\/www.lexpress.fr\/monde\/europe\/une-vraie-revolution-comment-les-drones-bouleversent-le-champ-de-bataille-3444F7M5OVHC7PAWJFUOM5APOE\/\">des dizaines de drones<\/a> sur la Russie entre mercredi soir et jeudi matin, ont annonc\u00e9 les autorit\u00e9s russes. \u00ab\u00a0L\u2019attaque a provoqu\u00e9 un d\u00e9versement de produits p\u00e9troliers qui ont pris feu \u00e0 la raffinerie de p\u00e9trole de Volgograd\u00a0\u00bb, a indiqu\u00e9 Andre\u00ef Bocharov, le gouverneur de cette r\u00e9gion situ\u00e9e \u00e0 pr\u00e8s de 500 kilom\u00e8tres de la ligne de front, dans un communiqu\u00e9 sur Telegram.<\/p>\n<\/p>\n<p class=\"paragraph article-body-paragraph article__item article-body-paragraph--live  \"><a href=\"https:\/\/www.lexpress.fr\/monde\/europe\/guerre-en-ukraine-les-drones-a-fibre-optique-nouvelle-arme-fatale-sur-le-front-VYILCSQNKJHZ5AEQYJHJEFGKJ4\/\" target=\"_self\" rel=\"nofollow noopener\" title=\"https:\/\/www.lexpress.fr\/monde\/europe\/guerre-en-ukraine-les-drones-a-fibre-optique-nouvelle-arme-fatale-sur-le-front-VYILCSQNKJHZ5AEQYJHJEFGKJ4\/\">Un autre drone ukrainien<\/a> a frapp\u00e9 une voiture et bless\u00e9 trois personnes dans la r\u00e9gion de Belgorod, a pr\u00e9cis\u00e9 son gouverneur, Viatcheslav Gladkov, qui a publi\u00e9 une vid\u00e9o montrant la voiture en flammes et des d\u00e9bris \u00e9parpill\u00e9s dans la rue. \u00ab\u00a0Les services d\u2019urgence sont sur place\u00a0\u00bb, a-t-il ajout\u00e9, toujours sur Telegram. L\u2019Ukraine n\u2019a pas imm\u00e9diatement comment\u00e9 cette attaque.<\/p>\n<p class=\"paragraph article-body-paragraph article__item  article-body-paragraph--live-short  \">08H10<\/p>\n<p>Donald Trump esp\u00e8re une rencontre tripartite avec Zelensky et Poutine \u00ab\u00a0presque imm\u00e9diatement\u00a0\u00bb apr\u00e8s l&rsquo;Alaska<\/p>\n<p class=\"paragraph article-body-paragraph article__item article-body-paragraph--live  \">Mercredi, le pr\u00e9sident am\u00e9ricain a affirm\u00e9 souhaiter organiser une rencontre tripartite avec Volodymyr Zelensky et Vladimir Poutine \u00ab\u00a0presque imm\u00e9diatement\u00a0\u00bb apr\u00e8s <a href=\"https:\/\/www.lexpress.fr\/monde\/sommet-trump-poutine-pourquoi-le-choix-de-lalaska-est-loin-detre-anodin-IXMPQKOKANBNBJ36F5QJOGCLFQ\/\" target=\"_self\" rel=\"nofollow noopener\" title=\"https:\/\/www.lexpress.fr\/monde\/sommet-trump-poutine-pourquoi-le-choix-de-lalaska-est-loin-detre-anodin-IXMPQKOKANBNBJ36F5QJOGCLFQ\/\">son face-\u00e0-face avec le pr\u00e9sident russe<\/a>, pr\u00e9vu vendredi en Alaska. \u00ab\u00a0Certaines grandes choses peuvent \u00eatre acquises lors de la premi\u00e8re rencontre \u2013 cela sera une rencontre tr\u00e8s importante \u2013 mais elle pr\u00e9pare le terrain pour une seconde r\u00e9union\u00a0\u00bb, a lanc\u00e9 le locataire de la Maison-Blanche, lors d&rsquo;un \u00e9change avec la presse. <\/p>\n<p><strong class=\"article-body-link-list__item text-gray-800 article-body-link-list__item--one-item\">LIRE AUSSI : <a class=\"article-body-link-list__item-link\" href=\"https:\/\/www.lexpress.fr\/monde\/europe\/rencontre-trump-poutine-ce-que-le-maitre-du-kremlin-a-vraiment-en-tete-64OIHOGRI5HJ3EUS54QPFGQI6I\/\" target=\"_blank\" rel=\"noreferrer nofollow noopener\">Rencontre Trump-Poutine : ce que le ma\u00eetre du Kremlin a vraiment en t\u00eate<\/a><\/strong><\/p>\n<p class=\"paragraph article-body-paragraph article__item article-body-paragraph--live   article__text__endpicto\">\u00ab\u00a0Nous aurons rapidement une seconde rencontre. J&rsquo;aimerais le faire presque imm\u00e9diatement, et nous aurons rapidement une seconde rencontre entre le pr\u00e9sident Poutine, le pr\u00e9sident Zelensky, et moi-m\u00eame, s&rsquo;ils veulent que je sois l\u00e0\u00a0\u00bb, a-t-il poursuivi, tout en conditionnant la tenue de ce rendez-vous au bon d\u00e9roulement de son sommet bilat\u00e9ral avec <a href=\"https:\/\/www.lexpress.fr\/monde\/europe\/sommet-en-alaska-vladimir-poutine-obtient-ce-quil-veut-de-donald-trump-YO24L5TG4FBLLLIMO6AWQGZCAU\/\" target=\"_self\" rel=\"nofollow noopener\" title=\"https:\/\/www.lexpress.fr\/monde\/europe\/sommet-en-alaska-vladimir-poutine-obtient-ce-quil-veut-de-donald-trump-YO24L5TG4FBLLLIMO6AWQGZCAU\/\">Vladimir Poutine<\/a> vendredi. Donald Trump a averti Moscou de \u00ab\u00a0cons\u00e9quences tr\u00e8s graves\u00a0\u00bb si elle n&rsquo;acceptait pas de mettre un terme \u00e0 la guerre en Ukraine.<\/p>\n","protected":false},"excerpt":{"rendered":"Une fin de semaine d\u00e9cisive pour Kiev. La communaut\u00e9 internationale s&rsquo;active ces derniers jours avant la tenue du&hellip;\n","protected":false},"author":2,"featured_media":318245,"comment_status":"","ping_status":"","sticky":false,"template":"","format":"standard","meta":{"footnotes":""},"categories":[1588],"tags":[11,1777,674,74,12,473,1853,1851,1850,1852],"class_list":{"0":"post-318244","1":"post","2":"type-post","3":"status-publish","4":"format-standard","5":"has-post-thumbnail","7":"category-royaume-uni","8":"tag-actualites","9":"tag-eu","10":"tag-europe","11":"tag-monde","12":"tag-news","13":"tag-royaume-uni","14":"tag-royaume-uni-de-grande-bretagne-et-dirlande-du-nord","15":"tag-uk","16":"tag-united-kingdom","17":"tag-united-kingdom-of-great-britain-and-northern-ireland"},"share_on_mastodon":{"url":"https:\/\/pubeurope.com\/@fr\/115026320710474580","error":""},"_links":{"self":[{"href":"https:\/\/www.europesays.com\/fr\/wp-json\/wp\/v2\/posts\/318244","targetHints":{"allow":["GET"]}}],"collection":[{"href":"https:\/\/www.europesays.com\/fr\/wp-json\/wp\/v2\/posts"}],"about":[{"href":"https:\/\/www.europesays.com\/fr\/wp-json\/wp\/v2\/types\/post"}],"author":[{"embeddable":true,"href":"https:\/\/www.europesays.com\/fr\/wp-json\/wp\/v2\/users\/2"}],"replies":[{"embeddable":true,"href":"https:\/\/www.europesays.com\/fr\/wp-json\/wp\/v2\/comments?post=318244"}],"version-history":[{"count":0,"href":"https:\/\/www.europesays.com\/fr\/wp-json\/wp\/v2\/posts\/318244\/revisions"}],"wp:featuredmedia":[{"embeddable":true,"href":"https:\/\/www.europesays.com\/fr\/wp-json\/wp\/v2\/media\/318245"}],"wp:attachment":[{"href":"https:\/\/www.europesays.com\/fr\/wp-json\/wp\/v2\/media?parent=318244"}],"wp:term":[{"taxonomy":"category","embeddable":true,"href":"https:\/\/www.europesays.com\/fr\/wp-json\/wp\/v2\/categories?post=318244"},{"taxonomy":"post_tag","embeddable":true,"href":"https:\/\/www.europesays.com\/fr\/wp-json\/wp\/v2\/tags?post=318244"}],"curies":[{"name":"wp","href":"https:\/\/api.w.org\/{rel}","templated":true}]}}