{"id":318246,"date":"2025-08-14T09:05:19","date_gmt":"2025-08-14T09:05:19","guid":{"rendered":"https:\/\/www.europesays.com\/fr\/318246\/"},"modified":"2025-08-14T09:05:19","modified_gmt":"2025-08-14T09:05:19","slug":"marche-allemand-la-serbie-et-la-croatie-plus-importantes-que-la-russie","status":"publish","type":"post","link":"https:\/\/www.europesays.com\/fr\/318246\/","title":{"rendered":"March\u00e9 allemand\u00a0: la Serbie et la Croatie plus importantes que la Russie"},"content":{"rendered":"<p>                                                March\u00e9 allemand : la Serbie et la Croatie plus importantes que la Russie                    <\/p>\n<p>                        <img decoding=\"async\" src=\"https:\/\/www.europesays.com\/fr\/wp-content\/uploads\/2025\/08\/IMG_8430-600x360.png\" alt=\"\"\/><\/p>\n<p>                        nouvelles<\/p>\n<p>                            <img decoding=\"async\" src=\"https:\/\/www.europesays.com\/fr\/wp-content\/uploads\/2025\/08\/1754177174_227_LogoExpress-96x96.png\" alt=\"\"\/><\/p>\n<p>                        Gazeta Express<br \/>\n                        14\/08\/2025 9:08<\/p>\n<p class=\"gt-block\"><strong>La Serbie et la Croatie deviennent des partenaires plus importants pour l&rsquo;\u00e9conomie allemande que la Russie. Les \u00e9changes commerciaux avec la Russie diminuent, tandis qu&rsquo;ils augmentent avec ces pays.<\/strong><\/p>\n<p>La Russie \u00e9tait autrefois l&rsquo;un des principaux partenaires commerciaux de l&rsquo;Allemagne, mais depuis l&rsquo;invasion de l&rsquo;Ukraine et l&rsquo;imposition de sanctions par l&rsquo;UE, les \u00e9changes commerciaux sont en baisse constante. Au premier semestre de cette ann\u00e9e, les importations en provenance de Russie se sont \u00e9lev\u00e9es \u00e0 moins de 670 millions d&rsquo;euros \u2013 principalement des pesticides et des m\u00e9taux. Les exportations \u2013 principalement des m\u00e9dicaments, du mat\u00e9riel m\u00e9dical et de l&rsquo;aide humanitaire non soumis \u00e0 des sanctions internationales \u2013 ont chut\u00e9 \u00e0 un peu plus de 3.5 milliards d&rsquo;euros.<\/p>\n<p>La Russie est ainsi tomb\u00e9e \u00e0 la 48e place parmi les principaux partenaires de l&rsquo;Allemagne, selon les donn\u00e9es officielles. Des exportations indirectes de produits allemands vers la Russie via des pays tiers, contournant ainsi les sanctions, sont signal\u00e9es, mais il n&rsquo;existe aucune donn\u00e9e fiable et concr\u00e8te \u00e0 ce sujet.<\/p>\n<p>En mati\u00e8re d&rsquo;exportations l\u00e9gales, suite \u00e0 l&rsquo;effondrement du march\u00e9 russe, les pays d&rsquo;Europe de l&rsquo;Est ont pris une importance croissante pour l&rsquo;\u00e9conomie allemande. Ainsi, apr\u00e8s les \u00c9tats-Unis, la Chine, les Pays-Bas et la France, la Pologne est devenue le cinqui\u00e8me partenaire le plus important, avec un volume d&rsquo;\u00e9changes totalisant plus de 90 milliards d&rsquo;euros. Parmi les pays d&rsquo;Europe de l&rsquo;Est, la Russie n&rsquo;occupe plus que la 12e place, devanc\u00e9e par la Serbie (9e) et la Croatie (11e), a annonc\u00e9 la Commission pour l&rsquo;\u00e9conomie allemande de l&rsquo;Est.<\/p>\n<p class=\"gt-block\"><strong>Bonnes relations avec la Serbie et probl\u00e8me de manifestations<\/strong><\/p>\n<p>Les \u00e9changes commerciaux avec la Serbie s&rsquo;\u00e9l\u00e8vent \u00e0 pr\u00e8s de 890 millions d&rsquo;euros, soit une augmentation allant jusqu&rsquo;\u00e0 16.9 % par rapport \u00e0 juin dernier, mais les experts de GTAI constatent un ralentissement significatif de cette tendance.<\/p>\n<p>Le pr\u00e9sident serbe Aleksandar Vu\u010di\u0107 annonce des investissements majeurs dans l&rsquo;\u00e9conomie, mais compte tenu des manifestations, les partenaires allemands ne savent pas comment \u00e9valuer la stabilit\u00e9 politique du pays.<\/p>\n<p>De janvier \u00e0 avril 2025, les investissements directs \u00e9trangers ont chut\u00e9 de 77% par rapport \u00e0 l&rsquo;ann\u00e9e pr\u00e9c\u00e9dente, \u00e0 385 millions d&rsquo;euros, selon le portail allemand de promotion \u00e9conomique.<\/p>\n<p>Le plus optimiste est toutefois l\u2019objectif de la Serbie de rejoindre l\u2019espace unique de paiement europ\u00e9en (SEPA) en 2026, ce qui permettrait des transactions de paiement plus rapides, plus s\u00fbres et moins ch\u00e8res.<\/p>\n<p>Les experts allemands parlent d&rsquo;une augmentation significative des salaires r\u00e9els en Serbie de 8.7%, \u00e0 environ 930 euros net en avril 2025, ainsi que d&rsquo;une augmentation pr\u00e9vue du salaire minimum \u00e0 500 euros \u00e0 partir du 1er octobre 2025. Cela stimule la consommation priv\u00e9e.<\/p>\n<p>L&rsquo;inflation sera d&rsquo;environ 4.2 % en 2025, selon les estimations de l&rsquo;Institut de Vienne pour la recherche \u00e9conomique internationale (wiiw), et la croissance r\u00e9elle de la consommation priv\u00e9e devrait \u00eatre de 2.5 %.<\/p>\n<p>La Serbie demeure un march\u00e9 d&rsquo;approvisionnement attractif pour l&rsquo;Allemagne, malgr\u00e9 le retard accumul\u00e9 dans les nouveaux projets d&rsquo;investissement. Malgr\u00e9 la persistance de l&rsquo;incertitude politique, les entreprises allemandes consid\u00e8rent toujours la Serbie comme une destination potentielle pour ce que l&rsquo;on appelle le \u00ab\u00a0nearshoring\u00a0\u00bb. Elles ont investi dans de nombreux projets ces derni\u00e8res ann\u00e9es, mais les manifestations ont probablement frein\u00e9 leur d\u00e9veloppement.<\/p>\n<p>Environ 900 entreprises \u00e0 capitaux allemands emploient environ 80,000\u00a02025 salari\u00e9s. Neuf participants sur dix \u00e0 l&rsquo;enqu\u00eate d&rsquo;affaires AHK Serbie choisiraient \u00e0 nouveau la Serbie comme destination d&rsquo;investissement d&rsquo;ici l&rsquo;\u00e9t\u00e9 XNUMX. Selon GTAI, un sur trois pr\u00e9voit d&rsquo;accro\u00eetre ses investissements.<\/p>\n<p class=\"gt-block\"><strong>Le probl\u00e8me de la Croatie avec la hausse des prix\u00a0<\/strong><\/p>\n<p>Les \u00e9changes commerciaux avec la Croatie ont augment\u00e9 de 8.2 % jusqu&rsquo;en juin de cette ann\u00e9e par rapport \u00e0 la m\u00eame p\u00e9riode de l&rsquo;ann\u00e9e derni\u00e8re, mais Fabian Mepret de l&rsquo;agence d&rsquo;\u00c9tat Germany Trade &amp; Invest (GTAI) n&rsquo;est pas convaincu que cette tendance positive se poursuivra.<\/p>\n<p>L&rsquo;inflation, qui reste \u00e9lev\u00e9e, constitue un risque \u00e9conomique s\u00e9rieux pour l&rsquo;\u00e9conomie croate, fortement tributaire de la consommation. En mai 2025, le taux de croissance annuel des prix \u00e9tait de 3.5 % et l&rsquo;indice des prix \u00e0 la consommation harmonis\u00e9 (IPC) atteignait 4.3 %, soit 2.4 points de pourcentage de plus que la moyenne de la zone euro. Les prix des services et des produits alimentaires ont enregistr\u00e9 la plus forte hausse.<\/p>\n<p>La hausse des prix des services publics constitue un risque encore plus important. La forte demande int\u00e9rieure comble un march\u00e9 du travail tendu et fait grimper les salaires, un facteur cl\u00e9 des co\u00fbts.<\/p>\n<p>En mai, les prix des services ont augment\u00e9 de 6.2 % par rapport \u00e0 l&rsquo;ann\u00e9e pr\u00e9c\u00e9dente. La saison touristique devrait entra\u00eener de nouvelles hausses de prix. Les inqui\u00e9tudes grandissent dans le secteur touristique quant \u00e0 la comp\u00e9titivit\u00e9 des destinations, et la baisse du nombre de visiteurs en mai sugg\u00e8re que nombre d&rsquo;entre eux ont atteint la limite de tol\u00e9rance, selon un expert du GTAI.<\/p>\n<p class=\"gt-block\"><strong>Changement forc\u00e9 dans le commerce<\/strong><\/p>\n<p>En 2025, les \u00e9changes de biens avec l&rsquo;Allemagne \u00e9voluent positivement, mais plus lentement que la croissance globale du commerce ext\u00e9rieur croate, notamment en provenance d&rsquo;Allemagne. R\u00e9cemment, la demande de machines et de mat\u00e9riel de transport allemands, traditionnellement les groupes de biens les plus importants, a faibli en Croatie.<\/p>\n<p>Silva Stipi\u0107 Kobali, de la Chambre de commerce croate, s&rsquo;attend \u00e0 une croissance r\u00e9guli\u00e8re, mais lente, des exportations croates vers l&rsquo;Allemagne. Elle cite comme raisons le conflit commercial avec les \u00c9tats-Unis et une possible baisse de la demande sur le march\u00e9 allemand, selon le portail de promotion de l&rsquo;\u00e9conomie allemande.<\/p>\n<p>La Croatie affiche toujours un important d\u00e9ficit commercial avec l&rsquo;Allemagne\u00a0: elle a export\u00e9 des biens et services pour une valeur de 220 millions d&rsquo;euros et en a import\u00e9 pr\u00e8s de 485 millions. Une grande partie de la croissance des exportations est due \u00e0 l&rsquo;industrie pharmaceutique croate.<\/p>\n<p>La Croatie n\u2019a pas \u00e9t\u00e9 particuli\u00e8rement touch\u00e9e par les \u00ab tarifs Trump \u00bb car le march\u00e9 am\u00e9ricain est n\u00e9gligeable pour elle, mais ils affectent l\u2019industrie pharmaceutique, donc l\u2019augmentation des exportations peut \u00eatre en partie consid\u00e9r\u00e9e comme un changement de priorit\u00e9s dans ce secteur.<\/p>\n<p>Cependant, l&rsquo;expert allemand estime que ce changement a d\u00e9j\u00e0 eu lieu et ne changera pas de mani\u00e8re significative. \/DW<\/p>\n","protected":false},"excerpt":{"rendered":"March\u00e9 allemand : la Serbie et la Croatie plus importantes que la Russie nouvelles Gazeta Express 14\/08\/2025 9:08&hellip;\n","protected":false},"author":2,"featured_media":318247,"comment_status":"","ping_status":"","sticky":false,"template":"","format":"standard","meta":{"footnotes":""},"categories":[1587],"tags":[11,672,1804,1805,1803,1777,674,1801,12,1802],"class_list":{"0":"post-318246","1":"post","2":"type-post","3":"status-publish","4":"format-standard","5":"has-post-thumbnail","7":"category-allemagne","8":"tag-actualites","9":"tag-allemagne","10":"tag-bundesrepublik-deutschland","11":"tag-de","12":"tag-deutschland","13":"tag-eu","14":"tag-europe","15":"tag-germany","16":"tag-news","17":"tag-republique-federale-dallemagne"},"share_on_mastodon":{"url":"https:\/\/pubeurope.com\/@fr\/115026324954129815","error":""},"_links":{"self":[{"href":"https:\/\/www.europesays.com\/fr\/wp-json\/wp\/v2\/posts\/318246","targetHints":{"allow":["GET"]}}],"collection":[{"href":"https:\/\/www.europesays.com\/fr\/wp-json\/wp\/v2\/posts"}],"about":[{"href":"https:\/\/www.europesays.com\/fr\/wp-json\/wp\/v2\/types\/post"}],"author":[{"embeddable":true,"href":"https:\/\/www.europesays.com\/fr\/wp-json\/wp\/v2\/users\/2"}],"replies":[{"embeddable":true,"href":"https:\/\/www.europesays.com\/fr\/wp-json\/wp\/v2\/comments?post=318246"}],"version-history":[{"count":0,"href":"https:\/\/www.europesays.com\/fr\/wp-json\/wp\/v2\/posts\/318246\/revisions"}],"wp:featuredmedia":[{"embeddable":true,"href":"https:\/\/www.europesays.com\/fr\/wp-json\/wp\/v2\/media\/318247"}],"wp:attachment":[{"href":"https:\/\/www.europesays.com\/fr\/wp-json\/wp\/v2\/media?parent=318246"}],"wp:term":[{"taxonomy":"category","embeddable":true,"href":"https:\/\/www.europesays.com\/fr\/wp-json\/wp\/v2\/categories?post=318246"},{"taxonomy":"post_tag","embeddable":true,"href":"https:\/\/www.europesays.com\/fr\/wp-json\/wp\/v2\/tags?post=318246"}],"curies":[{"name":"wp","href":"https:\/\/api.w.org\/{rel}","templated":true}]}}