{"id":318248,"date":"2025-08-14T09:06:16","date_gmt":"2025-08-14T09:06:16","guid":{"rendered":"https:\/\/www.europesays.com\/fr\/318248\/"},"modified":"2025-08-14T09:06:16","modified_gmt":"2025-08-14T09:06:16","slug":"leurope-sur-de-faibles-variations-apres-le-recent-rallye-14-08-2025-a-0955","status":"publish","type":"post","link":"https:\/\/www.europesays.com\/fr\/318248\/","title":{"rendered":"L&rsquo;Europe sur de faibles variations apr\u00e8s le r\u00e9cent rallye &#8211; 14\/08\/2025 \u00e0 09:55"},"content":{"rendered":"<p>\n Les principales Bourses<br \/>\neurop\u00e9ennes sont sur de faibles variations jeudi en matin\u00e9e<br \/>\napr\u00e8s le r\u00e9cent rallye des march\u00e9s alors que les investisseurs<br \/>\ndig\u00e8rent de nombreux indicateurs macro\u00e9conomiques et attendent<br \/>\navec impatience l&rsquo;issue du sommet de vendredi entre les<br \/>\npr\u00e9sidents am\u00e9ricain et russe.\n<\/p>\n<p>\n \u00c0 Paris, le CAC 40<br \/>\n <a href=\"https:\/\/www.boursorama.com\/cours\/1rPCAC\/\" rel=\"nofollow noopener\" target=\"_blank\"><br \/>\n  .FCHI<br \/>\n <\/a><br \/>\n prend 0,40% \u00e0 7.835,80 points<br \/>\nvers 07h40 GMT. \u00c0 Londres, le FTSE 100<br \/>\n <a href=\"https:\/\/www.boursorama.com\/cours\/UKX.L\/\" rel=\"nofollow noopener\" target=\"_blank\"><br \/>\n  .FTSE<br \/>\n <\/a><br \/>\n recule de 0,15%,<br \/>\nplomb\u00e9 principalement par les ressources de base. A Francfort,<br \/>\nle Dax<br \/>\n <a href=\"https:\/\/www.boursorama.com\/cours\/5pDAX\/\" rel=\"nofollow noopener\" target=\"_blank\"><br \/>\n  .GDAXI<br \/>\n <\/a><br \/>\n avance de 0,31%.\n<\/p>\n<p>\n L&rsquo;indice EuroStoxx 50<br \/>\n <a href=\"https:\/\/www.boursorama.com\/cours\/2cSX5E\/\" rel=\"nofollow noopener\" target=\"_blank\"><br \/>\n  .STOXX50E<br \/>\n <\/a><br \/>\n progresse de 0,24% et le<br \/>\nFTSEurofirst 300<br \/>\n <a href=\"https:\/\/www.boursorama.com\/cours\/3uE3X3760.L\/\" rel=\"nofollow noopener\" target=\"_blank\"><br \/>\n  .FTEU3<br \/>\n <\/a><br \/>\n de 0,25%. Le Stoxx 600<br \/>\n <a href=\"https:\/\/www.boursorama.com\/cours\/2cSXXP\/\" rel=\"nofollow noopener\" target=\"_blank\"><br \/>\n  .STOXX<br \/>\n <\/a><br \/>\n gagne<br \/>\n0,25%, soutenu essentiellement par le compartiment d\u00e9fensif de<br \/>\nl&rsquo;immobilier, tandis que des prises de b\u00e9n\u00e9fice ont lieu dans<br \/>\nles nouvelles technologies.\n<\/p>\n<p>\n Les contrats \u00e0 terme \u00e0 Wall Street pr\u00e9figurent une stabilit\u00e9<br \/>\npour le Dow Jones<br \/>\n <a href=\"https:\/\/www.boursorama.com\/cours\/%24INDU\/\" rel=\"nofollow noopener\" target=\"_blank\"><br \/>\n  .DJI<br \/>\n <\/a><br \/>\n , une baisse de 0,07% pour le Standard &amp;<br \/>\nPoor&rsquo;s 500<br \/>\n <a href=\"https:\/\/www.boursorama.com\/cours\/%24INX\/\" rel=\"nofollow noopener\" target=\"_blank\"><br \/>\n  .SPX<br \/>\n <\/a><br \/>\n et de 0,09% pour le Nasdaq<br \/>\n <a href=\"https:\/\/www.boursorama.com\/cours\/%24COMPX\/\" rel=\"nofollow noopener\" target=\"_blank\"><br \/>\n  .IXIC<br \/>\n <\/a><br \/>\n au<br \/>\nlendemain d&rsquo;une s\u00e9ance o\u00f9 ces deux derniers indices ont termin\u00e9<br \/>\n\u00e0 des niveaux records pour la deuxi\u00e8me s\u00e9ance cons\u00e9cutive.\n<\/p>\n<p>\n L&rsquo;enthousiame des march\u00e9s d\u00e9coule de la perspective d&rsquo;une<br \/>\nbaisse quasi assur\u00e9e des taux de la banque centrale am\u00e9ricaine<br \/>\nlors de sa r\u00e9union des 16 et 17 septembre, des donn\u00e9es sur les<br \/>\nprix \u00e0 la consommation ayant montr\u00e9 que l&rsquo;inflation a augment\u00e9 \u00e0<br \/>\nun rythme mod\u00e9r\u00e9 en juillet. Le secr\u00e9taire am\u00e9ricain au Tr\u00e9sor,<br \/>\nScott Bessent, a d\u00e9clar\u00e9 mercredi qu&rsquo;il pensait qu&rsquo;une baisse<br \/>\nagressive d&rsquo;un demi-point des taux de la Fed en septembre \u00e9tait<br \/>\npossible au regard des r\u00e9cents chiffres montrant une faiblesse<br \/>\nde l&#8217;emploi.\n<\/p>\n<p>\n La publication \u00e0 12h30 GMT des prix \u00e0 la production (PPI)<br \/>\naux Etats-Unis devrait donner un nouvel aper\u00e7u des pressions<br \/>\ninflationnistes outre-Atlantique. En France, l&rsquo;inflation IPCH a<br \/>\n\u00e9t\u00e9 confirm\u00e9e \u00e0 0,9% en juillet, selon les donn\u00e9es de l&rsquo;Insee.\n<\/p>\n<p>\n En Grande-Bretagne, l&rsquo;\u00e9conomie a ralenti moins vite que<br \/>\npr\u00e9vu au deuxi\u00e8me trimestre 2025, avec une croissance de 0,3%.<br \/>\nLe march\u00e9 attend d\u00e9sormais dans le courant de la journ\u00e9e<br \/>\nd&rsquo;autres statistiques de conjoncture en Europe et aux<br \/>\nEtats-Unis, dont la premi\u00e8re estimation du PIB en zone euro.\n<\/p>\n<p>\n Sur le plan g\u00e9opolitique, avant la rencontre vendredi en<br \/>\nAlaska entre le pr\u00e9sident Donald Trump et son homologue russe<br \/>\nVladimir Poutine, le locataire de la Maison blanche a menac\u00e9<br \/>\nmercredi la Russie de \u00ab\u00a0cons\u00e9quences tr\u00e8s s\u00e9v\u00e8res\u00a0\u00bb si le chef du<br \/>\nKremlin entravait les efforts de paix en Ukraine, tout en<br \/>\n\u00e9voquant la possibilit\u00e9 d&rsquo;une seconde rencontre incluant le<br \/>\npr\u00e9sident ukrainien Volodimir Zelensky.\n<\/p>\n<p>\n L&rsquo;incertitude sur l&rsquo;issue de ce sommet limite le potentiel<br \/>\nde gains des march\u00e9s et la prise de risque.\n<\/p>\n<p>\n Dans les r\u00e9sultats d&rsquo;entreprises, Carlsberg<br \/>\n <a href=\"https:\/\/www.boursorama.com\/cours\/2u0AI4.LQ\/\" rel=\"nofollow noopener\" target=\"_blank\"><br \/>\n  CARLb.CO<br \/>\n <\/a><br \/>\n chute<br \/>\nde 4,83%, le brasseur danois ayant fait \u00e9tat d&rsquo;un b\u00e9n\u00e9fice<br \/>\nsemestriel en de\u00e7\u00e0 des attentes. Le g\u00e9ant allemand du transport<br \/>\nmaritime Hapag-Lloyd<br \/>\n <a href=\"https:\/\/www.boursorama.com\/cours\/1zHLAG\/\" rel=\"nofollow noopener\" target=\"_blank\"><br \/>\n  HLAG.DE<br \/>\n <\/a><br \/>\n plonge de 10,89% apr\u00e8s abaiss\u00e9 le<br \/>\nhaut de la fourchette de sa pr\u00e9vision de b\u00e9n\u00e9fice annuel.\n<\/p>\n<p>\n La fintech n\u00e9erlandaise Adyen<br \/>\n <a href=\"https:\/\/www.boursorama.com\/cours\/1rAADYEN\/\" rel=\"nofollow noopener\" target=\"_blank\"><br \/>\n  ADYEN.AS<br \/>\n <\/a><br \/>\n d\u00e9visse de pr\u00e8s de<br \/>\n20%, \u00e0 un plus bas de quatre mois, apr\u00e8s la publication d&rsquo;un<br \/>\nchiffre d&rsquo;affaires semestriel d\u00e9cevant.\n<\/p>\n<p>\n Embracer <\/p>\n<p>\n C\u00f4t\u00e9 hausse, l&rsquo;assureur britannique Aviva<br \/>\n <a href=\"https:\/\/www.boursorama.com\/cours\/1uAV..L\/\" rel=\"nofollow noopener\" target=\"_blank\"><br \/>\n  AV.L<br \/>\n <\/a><br \/>\n monte de<br \/>\n4,15%, \u00e0 la faveur d&rsquo;un rel\u00e8vement de son dividende int\u00e9rimaire,<br \/>\ntandis que le groupe de r\u00e9assurance Swiss Re<br \/>\n <a href=\"https:\/\/www.boursorama.com\/cours\/2aSREN\/\" rel=\"nofollow noopener\" target=\"_blank\"><br \/>\n  SRENH.S<br \/>\n <\/a><br \/>\n avance de<br \/>\npr\u00e8s de 1% apr\u00e8s un b\u00e9n\u00e9fice semestriel meilleur que pr\u00e9vu.\n<\/p>\n<p>\n (R\u00e9dig\u00e9 par Claude Chendjou, \u00e9dit\u00e9 par Blandine H\u00e9nault)\n<\/p><\/p>\n","protected":false},"excerpt":{"rendered":"Les principales Bourses europ\u00e9ennes sont sur de faibles variations jeudi en matin\u00e9e apr\u00e8s le r\u00e9cent rallye des march\u00e9s&hellip;\n","protected":false},"author":2,"featured_media":9135,"comment_status":"","ping_status":"","sticky":false,"template":"","format":"standard","meta":{"footnotes":""},"categories":[1586],"tags":[400,11,398,408,405,1777,674,1011,27,403,402,399,404,12,25,401,406,407],"class_list":{"0":"post-318248","1":"post","2":"type-post","3":"status-publish","4":"format-standard","5":"has-post-thumbnail","7":"category-europe","8":"tag-action-cac-40","9":"tag-actualites","10":"tag-bourse-de-paris","11":"tag-boursorama","12":"tag-cotations","13":"tag-eu","14":"tag-europe","15":"tag-fr","16":"tag-france","17":"tag-indices-devises","18":"tag-investir","19":"tag-investissement","20":"tag-marche-boursier","21":"tag-news","22":"tag-republique-francaise","23":"tag-sicav","24":"tag-trackers","25":"tag-warrants"},"share_on_mastodon":{"url":"https:\/\/pubeurope.com\/@fr\/115026328613030695","error":""},"_links":{"self":[{"href":"https:\/\/www.europesays.com\/fr\/wp-json\/wp\/v2\/posts\/318248","targetHints":{"allow":["GET"]}}],"collection":[{"href":"https:\/\/www.europesays.com\/fr\/wp-json\/wp\/v2\/posts"}],"about":[{"href":"https:\/\/www.europesays.com\/fr\/wp-json\/wp\/v2\/types\/post"}],"author":[{"embeddable":true,"href":"https:\/\/www.europesays.com\/fr\/wp-json\/wp\/v2\/users\/2"}],"replies":[{"embeddable":true,"href":"https:\/\/www.europesays.com\/fr\/wp-json\/wp\/v2\/comments?post=318248"}],"version-history":[{"count":0,"href":"https:\/\/www.europesays.com\/fr\/wp-json\/wp\/v2\/posts\/318248\/revisions"}],"wp:featuredmedia":[{"embeddable":true,"href":"https:\/\/www.europesays.com\/fr\/wp-json\/wp\/v2\/media\/9135"}],"wp:attachment":[{"href":"https:\/\/www.europesays.com\/fr\/wp-json\/wp\/v2\/media?parent=318248"}],"wp:term":[{"taxonomy":"category","embeddable":true,"href":"https:\/\/www.europesays.com\/fr\/wp-json\/wp\/v2\/categories?post=318248"},{"taxonomy":"post_tag","embeddable":true,"href":"https:\/\/www.europesays.com\/fr\/wp-json\/wp\/v2\/tags?post=318248"}],"curies":[{"name":"wp","href":"https:\/\/api.w.org\/{rel}","templated":true}]}}