{"id":318254,"date":"2025-08-14T09:10:13","date_gmt":"2025-08-14T09:10:13","guid":{"rendered":"https:\/\/www.europesays.com\/fr\/318254\/"},"modified":"2025-08-14T09:10:13","modified_gmt":"2025-08-14T09:10:13","slug":"des-ateliers-numeriques-en-septembre-a-la-maison-france-service-de-pouldreuzic","status":"publish","type":"post","link":"https:\/\/www.europesays.com\/fr\/318254\/","title":{"rendered":"Des ateliers num\u00e9riques en septembre \u00e0 la maison France Service de Pouldreuzic"},"content":{"rendered":"<p>La rentr\u00e9e approche et avec elle, les bonnes r\u00e9solutions, comme se mettre au num\u00e9rique. \u00c7a tombe bien, la Maison France Services du Haut Pays Bigouden, \u00e0 Pouldreuzic, met en place pour septembre plusieurs ateliers.<\/p>\n<p>De nouveaux ateliers seront propos\u00e9s \u00e0 France Services pour guider dans l\u2019utilisation des outils num\u00e9riques. Ces ateliers, interactifs et pratiques, sont anim\u00e9s par la conseill\u00e8re num\u00e9rique, Rebecca Hanks. Le 10 septembre \u00e0 10\u200ah, un atelier portera sur une application qui permet de scanner des documents sur smartphone ou tablette. Le 24 septembre \u00e0 10\u00a0h, l\u2019atelier portera sur la d\u00e9couverte du fonctionnement de son navigateur web (Chrome, Edge ou Firefox). Enfin, une mini-formation de quatre s\u00e9ances d\u2019initiation \u00e0 l\u2019utilisation de l\u2019ordinateur sera d\u00e9di\u00e9e aux d\u00e9butants le mercredi 3 septembre \u00e0 10\u200ah et les lundis 8,15 et 22 septembre \u00e0 14\u200ah. Rebecca Hanks re\u00e7oit \u00e9galement en rendez-vous individuel.<\/p>\n<p>Pratique<\/p>\n<p class=\"note\">C\u2019est gratuit et ouvert \u00e0 tous sur inscription, \u00e0 France Services, 2a rue de la Mer \u00e0 Pouldreuzic. Contact\u00a0: t\u00e9l. 02\u00a098\u00a054\u00a038\u00a043, m\u00e9l. conseill\u00e8re.numerique@cchpb.com<\/p>\n","protected":false},"excerpt":{"rendered":"La rentr\u00e9e approche et avec elle, les bonnes r\u00e9solutions, comme se mettre au num\u00e9rique. \u00c7a tombe bien, la&hellip;\n","protected":false},"author":2,"featured_media":318255,"comment_status":"","ping_status":"","sticky":false,"template":"","format":"standard","meta":{"footnotes":""},"categories":[4],"tags":[11,1011,27,12,45664,29015,45662,45663,24222,3323,45661,25],"class_list":{"0":"post-318254","1":"post","2":"type-post","3":"status-publish","4":"format-standard","5":"has-post-thumbnail","7":"category-france","8":"tag-actualites","9":"tag-fr","10":"tag-france","11":"tag-news","12":"tag-plogastel-saint-germain","13":"tag-ploneour-lanvern","14":"tag-plouhinec-29","15":"tag-plovan","16":"tag-plozevet","17":"tag-pont-labbe","18":"tag-pouldreuzic","19":"tag-republique-francaise"},"share_on_mastodon":{"url":"https:\/\/pubeurope.com\/@fr\/115026344384676143","error":""},"_links":{"self":[{"href":"https:\/\/www.europesays.com\/fr\/wp-json\/wp\/v2\/posts\/318254","targetHints":{"allow":["GET"]}}],"collection":[{"href":"https:\/\/www.europesays.com\/fr\/wp-json\/wp\/v2\/posts"}],"about":[{"href":"https:\/\/www.europesays.com\/fr\/wp-json\/wp\/v2\/types\/post"}],"author":[{"embeddable":true,"href":"https:\/\/www.europesays.com\/fr\/wp-json\/wp\/v2\/users\/2"}],"replies":[{"embeddable":true,"href":"https:\/\/www.europesays.com\/fr\/wp-json\/wp\/v2\/comments?post=318254"}],"version-history":[{"count":0,"href":"https:\/\/www.europesays.com\/fr\/wp-json\/wp\/v2\/posts\/318254\/revisions"}],"wp:featuredmedia":[{"embeddable":true,"href":"https:\/\/www.europesays.com\/fr\/wp-json\/wp\/v2\/media\/318255"}],"wp:attachment":[{"href":"https:\/\/www.europesays.com\/fr\/wp-json\/wp\/v2\/media?parent=318254"}],"wp:term":[{"taxonomy":"category","embeddable":true,"href":"https:\/\/www.europesays.com\/fr\/wp-json\/wp\/v2\/categories?post=318254"},{"taxonomy":"post_tag","embeddable":true,"href":"https:\/\/www.europesays.com\/fr\/wp-json\/wp\/v2\/tags?post=318254"}],"curies":[{"name":"wp","href":"https:\/\/api.w.org\/{rel}","templated":true}]}}