{"id":318256,"date":"2025-08-14T09:11:25","date_gmt":"2025-08-14T09:11:25","guid":{"rendered":"https:\/\/www.europesays.com\/fr\/318256\/"},"modified":"2025-08-14T09:11:25","modified_gmt":"2025-08-14T09:11:25","slug":"video-ce-teaser-de-bethpage-black-qui-donne-deja-tres-envie","status":"publish","type":"post","link":"https:\/\/www.europesays.com\/fr\/318256\/","title":{"rendered":"Vid\u00e9o : Ce teaser de Bethpage Black qui donne d\u00e9j\u00e0 tr\u00e8s envie"},"content":{"rendered":"<p>\t\t\t\t\t\t<img width=\"770\" height=\"556\" src=\"https:\/\/www.europesays.com\/fr\/wp-content\/uploads\/2025\/08\/bethpage-770x556.jpg\" class=\"img-responsive wp-post-image\" alt=\"\" decoding=\"async\" fetchpriority=\"high\"  \/>\t\t\t\t\t<\/p>\n<p>\t\t\t\t\t\t Partager cet article <\/p>\n<p class=\"screen-reader-text juiz_sps_maybe_hidden_text\">Partager la publication \u00ab\u00a0Vid\u00e9o : Ce teaser de Bethpage Black qui donne d\u00e9j\u00e0 tr\u00e8s envie\u00a0\u00bb<\/p>\n<p><strong>A un peu plus d\u2019un mois de la 45e Ryder Cup de l\u2019histoire, la tension monte du c\u00f4t\u00e9 de New York, h\u00f4te de cet \u00e9v\u00e9nement incontournable entre les Etats-Unis et l\u2019Europe. Pour preuve ce teaser plut\u00f4t bien ficel\u00e9 qui annonce l\u2019un des duels les plus chauds entre les deux \u00e9quipes. A vous de juger !\u00a0<\/strong><\/p>\n<p>\u00a0<\/p>\n<p>\u00a0<\/p>\n<blockquote class=\"twitter-tweet\">\n<p dir=\"ltr\" lang=\"en\">Next stop, Bethpage \ud83d\ude87\ud83c\uddea\ud83c\uddfa<\/p>\n<p><a href=\"https:\/\/t.co\/VzJ5oCKVOu\" rel=\"nofollow\">pic.twitter.com\/VzJ5oCKVOu<\/a><\/p>\n<p>\u2014 Ryder Cup Europe (@RyderCupEurope) <a href=\"https:\/\/twitter.com\/RyderCupEurope\/status\/1955238863116403155?ref_src=twsrc%5Etfw\" rel=\"nofollow noopener\" target=\"_blank\">August 12, 2025<\/a><\/p>\n<\/blockquote>\n<p>\t\t\t\t\t<a id=\"180479\" href=\"https:\/\/www.swing.fr\/voyage\/35-14eme-edition-des-doubles-gosset-by-beachcomber\" target=\"_blank\" rel=\"sponsorised nofollow noopener\"><img decoding=\"async\" src=\"data:image\/svg+xml,%3Csvg%20xmlns=\" http:=\"\" class=\"img-responsive\" alt=\"\" data-lazy-src=\"https:\/\/www.europesays.com\/fr\/wp-content\/uploads\/2025\/07\/beachcomber-e01-doubles-gosset-26-1170x275-1.jpg\"\/><\/a><\/p>\n<p>Photo : BRUCE BENNETT \/ GETTY IMAGES NORTH AMERICA \/ Getty Images via AFP<\/p>\n<p>\t\t\t<script async src=\"https:\/\/platform.twitter.com\/widgets.js\" charset=\"utf-8\"><\/script><\/p>\n","protected":false},"excerpt":{"rendered":"Partager cet article Partager la publication \u00ab\u00a0Vid\u00e9o : Ce teaser de Bethpage Black qui donne d\u00e9j\u00e0 tr\u00e8s envie\u00a0\u00bb&hellip;\n","protected":false},"author":2,"featured_media":318257,"comment_status":"","ping_status":"","sticky":false,"template":"","format":"standard","meta":{"footnotes":""},"categories":[1418],"tags":[1011,27,1472,60],"class_list":{"0":"post-318256","1":"post","2":"type-post","3":"status-publish","4":"format-standard","5":"has-post-thumbnail","7":"category-golf","8":"tag-fr","9":"tag-france","10":"tag-golf","11":"tag-sports"},"share_on_mastodon":{"url":"https:\/\/pubeurope.com\/@fr\/115026348182099729","error":""},"_links":{"self":[{"href":"https:\/\/www.europesays.com\/fr\/wp-json\/wp\/v2\/posts\/318256","targetHints":{"allow":["GET"]}}],"collection":[{"href":"https:\/\/www.europesays.com\/fr\/wp-json\/wp\/v2\/posts"}],"about":[{"href":"https:\/\/www.europesays.com\/fr\/wp-json\/wp\/v2\/types\/post"}],"author":[{"embeddable":true,"href":"https:\/\/www.europesays.com\/fr\/wp-json\/wp\/v2\/users\/2"}],"replies":[{"embeddable":true,"href":"https:\/\/www.europesays.com\/fr\/wp-json\/wp\/v2\/comments?post=318256"}],"version-history":[{"count":0,"href":"https:\/\/www.europesays.com\/fr\/wp-json\/wp\/v2\/posts\/318256\/revisions"}],"wp:featuredmedia":[{"embeddable":true,"href":"https:\/\/www.europesays.com\/fr\/wp-json\/wp\/v2\/media\/318257"}],"wp:attachment":[{"href":"https:\/\/www.europesays.com\/fr\/wp-json\/wp\/v2\/media?parent=318256"}],"wp:term":[{"taxonomy":"category","embeddable":true,"href":"https:\/\/www.europesays.com\/fr\/wp-json\/wp\/v2\/categories?post=318256"},{"taxonomy":"post_tag","embeddable":true,"href":"https:\/\/www.europesays.com\/fr\/wp-json\/wp\/v2\/tags?post=318256"}],"curies":[{"name":"wp","href":"https:\/\/api.w.org\/{rel}","templated":true}]}}