{"id":318258,"date":"2025-08-14T09:13:12","date_gmt":"2025-08-14T09:13:12","guid":{"rendered":"https:\/\/www.europesays.com\/fr\/318258\/"},"modified":"2025-08-14T09:13:12","modified_gmt":"2025-08-14T09:13:12","slug":"a-peine-arrive-un-nouveau-joueur-deja-sur-le-depart-vers-le-top-14","status":"publish","type":"post","link":"https:\/\/www.europesays.com\/fr\/318258\/","title":{"rendered":"A peine arriv\u00e9, un nouveau joueur d\u00e9j\u00e0 sur le d\u00e9part vers le Top 14"},"content":{"rendered":"<p>Arriv\u00e9 au CA Brive au printemps dernier en provenance de Colomiers, Janse Roux ne disputera finalement aucun match officiel sous les couleurs corr\u00e9ziennes. Le solide deuxi\u00e8me-ligne sud-africain \u00e9tait pourtant pr\u00e9sent \u00e0 la reprise d\u00e9but juillet. Il a m\u00eame particip\u00e9 au stage de pr\u00e9paration \u00e0 Saint-Lary-Soulan avec le club.<\/p>\n<p>\u00a0<\/p>\n<p>Le casse-t\u00eate du quota non-JIFF<\/p>\n<p>\u00a0<\/p>\n<p>Malgr\u00e9 tout \u00e7a, le Sud-africain de 27 ans voit son parcours stopp\u00e9 net par une contrainte r\u00e9glementaire. Il s&rsquo;agit du quota de joueurs non-JIFF. En effet, le club briviste est d\u00e9j\u00e0 riche de 13 \u00e9l\u00e9ments non form\u00e9s en France et a franchi la limite avec l\u2019arriv\u00e9e d&rsquo;un 14e en la personne de Ben Tapuai. Une situation qui oblige les dirigeants \u00e0 trancher, et Janse Roux en fait les frais.<\/p>\n<p>\u00a0<\/p>\n<p>La r\u00e8gle est stricte, pas plus de treize joueurs non-JIFF dans un effectif. Avec quatorze d\u00e9sormais recens\u00e9s, le CA Brive se trouve en infraction. \u00ab Janse s\u2019entra\u00eene avec nous. On va essayer de faire au mieux, pour tout le monde, pour avoir le nombre de non-JIFF ad\u00e9quat. Je ne sais pas quand cela va se d\u00e9canter \u00bb, a confi\u00e9 l&rsquo;entra\u00eeneur David Darricarr\u00e8re r\u00e9cemment.<\/p>\n<p>\u00a0<\/p>\n<p>Direction Lyon, une belle opportunit\u00e9 s&rsquo;offre \u00e0 Roux<\/p>\n<p>\u00a0<\/p>\n<p>Ce mercredi 13 ao\u00fbt 2025, La Montagne a confirm\u00e9 que Janse Roux ne portera pas le maillot noir et blanc en comp\u00e9tition. Le d\u00e9nouement est d\u00e9sormais imminent. Le transfert de Janse Roux vers le LOU Rugby est en cours de finalisation. Le joueur devrait donc d\u00e9couvrir le Top 14 cette saison sous les couleurs lyonnaises. Un rebond inattendu pour le Sud-Africain, qui passe de l\u2019ombre d\u2019un quota r\u00e9glementaire \u00e0 une opportunit\u00e9 dans l\u2019\u00e9lite du rugby fran\u00e7ais.<\/p>\n<p>Partagez cette info avec vos amis et vos proches en cliquant ici<br \/>Pour r\u00e9sumer<\/p>\n<p>Arriv\u00e9 \u00e0 Brive au printemps, Janse Roux ne jouera pas en raison du quota non-JIFF d\u00e9pass\u00e9. \u00c9cart\u00e9 malgr\u00e9 sa pr\u00e9paration estivale, le deuxi\u00e8me-ligne sud-africain rebondit. Son transfert vers le LOU Rugby est en cours et il d\u00e9couvrira bient\u00f4t le Top 14.<\/p>\n<p> <img decoding=\"async\" width=\"76\" height=\"76\" loading=\"lazy\" src=\"https:\/\/www.europesays.com\/fr\/wp-content\/uploads\/2025\/04\/avatar-quinze.png\" alt=\"Voldi Fr\u00e9jus\u00a0Hounvio\"\/><\/p>\n","protected":false},"excerpt":{"rendered":"Arriv\u00e9 au CA Brive au printemps dernier en provenance de Colomiers, Janse Roux ne disputera finalement aucun match&hellip;\n","protected":false},"author":2,"featured_media":318259,"comment_status":"","ping_status":"","sticky":false,"template":"","format":"standard","meta":{"footnotes":""},"categories":[1416],"tags":[1011,27,479,1468,60],"class_list":{"0":"post-318258","1":"post","2":"type-post","3":"status-publish","4":"format-standard","5":"has-post-thumbnail","7":"category-rugby","8":"tag-fr","9":"tag-france","10":"tag-rugby","11":"tag-rugby-football","12":"tag-sports"},"share_on_mastodon":{"url":"https:\/\/pubeurope.com\/@fr\/115026356071254645","error":""},"_links":{"self":[{"href":"https:\/\/www.europesays.com\/fr\/wp-json\/wp\/v2\/posts\/318258","targetHints":{"allow":["GET"]}}],"collection":[{"href":"https:\/\/www.europesays.com\/fr\/wp-json\/wp\/v2\/posts"}],"about":[{"href":"https:\/\/www.europesays.com\/fr\/wp-json\/wp\/v2\/types\/post"}],"author":[{"embeddable":true,"href":"https:\/\/www.europesays.com\/fr\/wp-json\/wp\/v2\/users\/2"}],"replies":[{"embeddable":true,"href":"https:\/\/www.europesays.com\/fr\/wp-json\/wp\/v2\/comments?post=318258"}],"version-history":[{"count":0,"href":"https:\/\/www.europesays.com\/fr\/wp-json\/wp\/v2\/posts\/318258\/revisions"}],"wp:featuredmedia":[{"embeddable":true,"href":"https:\/\/www.europesays.com\/fr\/wp-json\/wp\/v2\/media\/318259"}],"wp:attachment":[{"href":"https:\/\/www.europesays.com\/fr\/wp-json\/wp\/v2\/media?parent=318258"}],"wp:term":[{"taxonomy":"category","embeddable":true,"href":"https:\/\/www.europesays.com\/fr\/wp-json\/wp\/v2\/categories?post=318258"},{"taxonomy":"post_tag","embeddable":true,"href":"https:\/\/www.europesays.com\/fr\/wp-json\/wp\/v2\/tags?post=318258"}],"curies":[{"name":"wp","href":"https:\/\/api.w.org\/{rel}","templated":true}]}}