{"id":318260,"date":"2025-08-14T09:14:11","date_gmt":"2025-08-14T09:14:11","guid":{"rendered":"https:\/\/www.europesays.com\/fr\/318260\/"},"modified":"2025-08-14T09:14:11","modified_gmt":"2025-08-14T09:14:11","slug":"pas-de-wild-card-pour-wawrinka-venus-williams-invitee-rts-ch","status":"publish","type":"post","link":"https:\/\/www.europesays.com\/fr\/318260\/","title":{"rendered":"Pas de wild-card pour Wawrinka, Venus Williams invit\u00e9e &#8211; rts.ch"},"content":{"rendered":"<p>L&rsquo;Am\u00e9ricaine Venus Williams, 45 ans, ancienne no1 mondiale sortie de sa retraite le mois dernier, a re\u00e7u une invitation pour participer \u00e0 l&rsquo;US Open (24 ao\u00fbt-7 septembre \u00e0 New York), qu&rsquo;elle a remport\u00e9 2 fois en 2000 et 2001 et o\u00f9 elle reviendra apr\u00e8s 2 ans d&rsquo;absence. Caroline Garcia, demi-finaliste du tournoi en 2022, a elle aussi b\u00e9n\u00e9fici\u00e9 d&rsquo;une invitation. La Fran\u00e7aise, ex-no4 mondiale retomb\u00e9e \u00e0 la 201e place au classement WTA, disputera \u00e0 Flushing Meadows le dernier tournoi du Grand Chelem de sa carri\u00e8re, \u00e0 31 ans, avant de prendre sa retraite \u00e0 la fin de la saison.<\/p>\n","protected":false},"excerpt":{"rendered":"L&rsquo;Am\u00e9ricaine Venus Williams, 45 ans, ancienne no1 mondiale sortie de sa retraite le mois dernier, a re\u00e7u une&hellip;\n","protected":false},"author":2,"featured_media":318261,"comment_status":"","ping_status":"","sticky":false,"template":"","format":"standard","meta":{"footnotes":""},"categories":[1415],"tags":[4169,37348,1011,27,517,60,2232,3067,1467,45665],"class_list":{"0":"post-318260","1":"post","2":"type-post","3":"status-publish","4":"format-standard","5":"has-post-thumbnail","7":"category-tennis","8":"tag-atp","9":"tag-canton-de-vaud","10":"tag-fr","11":"tag-france","12":"tag-sport","13":"tag-sports","14":"tag-stanislas-wawrinka","15":"tag-suisse","16":"tag-tennis","17":"tag-us-open-de-tennis"},"share_on_mastodon":{"url":"https:\/\/pubeurope.com\/@fr\/115026359908200865","error":""},"_links":{"self":[{"href":"https:\/\/www.europesays.com\/fr\/wp-json\/wp\/v2\/posts\/318260","targetHints":{"allow":["GET"]}}],"collection":[{"href":"https:\/\/www.europesays.com\/fr\/wp-json\/wp\/v2\/posts"}],"about":[{"href":"https:\/\/www.europesays.com\/fr\/wp-json\/wp\/v2\/types\/post"}],"author":[{"embeddable":true,"href":"https:\/\/www.europesays.com\/fr\/wp-json\/wp\/v2\/users\/2"}],"replies":[{"embeddable":true,"href":"https:\/\/www.europesays.com\/fr\/wp-json\/wp\/v2\/comments?post=318260"}],"version-history":[{"count":0,"href":"https:\/\/www.europesays.com\/fr\/wp-json\/wp\/v2\/posts\/318260\/revisions"}],"wp:featuredmedia":[{"embeddable":true,"href":"https:\/\/www.europesays.com\/fr\/wp-json\/wp\/v2\/media\/318261"}],"wp:attachment":[{"href":"https:\/\/www.europesays.com\/fr\/wp-json\/wp\/v2\/media?parent=318260"}],"wp:term":[{"taxonomy":"category","embeddable":true,"href":"https:\/\/www.europesays.com\/fr\/wp-json\/wp\/v2\/categories?post=318260"},{"taxonomy":"post_tag","embeddable":true,"href":"https:\/\/www.europesays.com\/fr\/wp-json\/wp\/v2\/tags?post=318260"}],"curies":[{"name":"wp","href":"https:\/\/api.w.org\/{rel}","templated":true}]}}