{"id":318262,"date":"2025-08-14T09:16:14","date_gmt":"2025-08-14T09:16:14","guid":{"rendered":"https:\/\/www.europesays.com\/fr\/318262\/"},"modified":"2025-08-14T09:16:14","modified_gmt":"2025-08-14T09:16:14","slug":"la-relation-des-freres-marquez-intacte-malgre-une-rivalite-intense","status":"publish","type":"post","link":"https:\/\/www.europesays.com\/fr\/318262\/","title":{"rendered":"La relation des fr\u00e8res M\u00e1rquez intacte malgr\u00e9 une rivalit\u00e9 intense"},"content":{"rendered":"<p>Le MotoGP vit une situation in\u00e9dite, avec des fr\u00e8res M\u00e1rquez dominateurs. Avant eux, le championnat a <a href=\"https:\/\/fr.motorsport.com\/motogp\/news\/fratries-grands-prix-moto\/5899016\/\" target=\"_blank\" rel=\"noopener\">connu plusieurs fratries<\/a>\u00a0: <a href=\"https:\/\/fr.motorsport.com\/driver\/mick-doohan\/79589\/\" target=\"_blank\" rel=\"noopener\">Mick Doohan<\/a> et <a href=\"https:\/\/fr.motorsport.com\/driver\/nicky-hayden\/76011\/\" target=\"_blank\" rel=\"noopener\">Nicky Hayden<\/a> ont partag\u00e9 une course avec un fr\u00e8re, tandis que <a href=\"https:\/\/fr.motorsport.com\/driver\/kenny-roberts\/77465\/\" target=\"_blank\" rel=\"noopener\">Kenny Roberts Jr<\/a> et <a href=\"https:\/\/fr.motorsport.com\/driver\/valentino-rossi\/76374\/\" target=\"_blank\" rel=\"noopener\">Valentino Rossi<\/a> ont roul\u00e9 en m\u00eame temps qu&rsquo;un demi-fr\u00e8re\u00a0\u2013 <a href=\"https:\/\/fr.motorsport.com\/driver\/luca-marini\/201098\/\" target=\"_blank\" rel=\"noopener\">Luca Marini<\/a> pour le second. Chez les Monneret et les Aoki, ils ont m\u00eame \u00e9t\u00e9 trois \u00e0 rouler en Grand Prix, avec d&rsquo;ailleurs un podium partag\u00e9 pour Nobuatsu\u00a0et\u00a0Takuma\u00a0Aoki.<\/p>\n<p>En termes de performances, les M\u00e1rquez ont fait nettement mieux. Depuis le d\u00e9but de la saison, ils ont r\u00e9alis\u00e9 dix doubl\u00e9s en 12 sprints, neuf fois avec Marc devant \u00c1lex et une fois dans l&rsquo;ordre inverse. Le dimanche, cinq courses ont vu <a href=\"https:\/\/fr.motorsport.com\/driver\/marc-marquez\/92646\/\" target=\"_blank\" rel=\"noopener\">Marc M\u00e1rquez<\/a> s&rsquo;imposer devant son cadet, qui est ainsi devenu son plus proche rival au championnat\u00a0\u2013 ou plut\u00f4t le moins \u00e9loign\u00e9\u00a0\u2013 avec 120 points de retard.<\/p>\n<p>Depuis l&rsquo;arriv\u00e9e d&rsquo;<a href=\"https:\/\/fr.motorsport.com\/driver\/alex-marquez\/96324\/\" target=\"_blank\" rel=\"noopener\">\u00c1lex M\u00e1rquez<\/a> en MotoGP, en 2020, les deux fr\u00e8res sont rest\u00e9s tr\u00e8s proches pendant les week-ends de course et ils ont m\u00eame \u00e9t\u00e9 co\u00e9quipiers, bri\u00e8vement chez Honda il y a cinq ans, l&rsquo;ann\u00e9e o\u00f9 le plus \u00e2g\u00e9 des deux s&rsquo;est bless\u00e9, puis l&rsquo;an pass\u00e9. Ils ont pris l&rsquo;habitude de tout partager mais d\u00e9couvrent une situation qui fait d&rsquo;eux des rivaux direct au championnat.<\/p>\n<p>Ce qu&rsquo;ils vivent depuis le d\u00e9but de la saison n&rsquo;a rien chang\u00e9 \u00e0 leur relation et ils continuent \u00e0 partager de nombreuses informations, dans la lign\u00e9e de ce que fait Ducati avec les pilotes de ses diff\u00e9rentes \u00e9quipes. \u00ab\u00a0C&rsquo;est comme d&rsquo;habitude\u00a0\u00bb, expliquait Marc M\u00e1rquez le vendredi du Grand Prix d&rsquo;Italie.<\/p>\n<p>\u00ab\u00a0Aujourd&rsquo;hui, par exemple, on a d\u00e9jeun\u00e9 ensemble dans le motorhome, puis on y a fait la sieste ensemble avant la deuxi\u00e8me s\u00e9ance. On a discut\u00e9 des sensations avec l&rsquo;avant parce que le matin, c&rsquo;est toujours critique avec ce pneu tendre.\u00a0\u00bb<\/p>\n<p>   <img decoding=\"async\" draggable=\"false\" src=\"https:\/\/www.europesays.com\/fr\/wp-content\/uploads\/2025\/08\/marc-marquez-ducati-team-alex-.jpg\" alt=\"Marc Marquez, Ducati Team, Alex Marquez, Gresini Racing\" width=\"1200\" height=\"800\" loading=\"lazy\"\/> <\/p>\n<p class=\"title\">Marc et \u00c1lex M\u00e1rquez<\/p>\n<p class=\"photographer\">Photo de: Alexander Trienitz<\/p>\n<p>\u00ab\u00a0Il semble avoir progress\u00e9 cet apr\u00e8s-midi, alors au final, on essaye de parler de nos sensations sur la moto mais il a sa propre strat\u00e9gie avec son chef m\u00e9canicien, [Donatello Giovanotti], et j&rsquo;ai la mienne avec mon chef m\u00e9canicien, [Marco] Rigamonti, et on a diff\u00e9rents styles de pilotage. Il ressent quelque chose sur la moto et moi autre chose, mais nos chronos sont tr\u00e8s proches.\u00a0\u00bb<\/p>\n<p>Cette proximit\u00e9 a pu faire douter certains de la capacit\u00e9 d&rsquo;\u00c1lex M\u00e1rquez \u00e0 attaquer son fr\u00e8re, notamment lors du sprint d&rsquo;Assen. Des remarques qui ont agac\u00e9 Marc M\u00e1rquez, qui a soulign\u00e9 que les autres n&rsquo;avaient pas non plus \u00e9t\u00e9 en mesure de le doubler le lendemain.<\/p>\n<p>Lire aussi :<\/p>\n<p>Lors des dix premiers Grands Prix de la saison, on peut surtout noter qu&rsquo;\u00c1lex M\u00e1rquez a toujours \u00e9t\u00e9 au rendez-vous. Le pilote Gresini a connu un coup d&rsquo;arr\u00eat avec sa blessure \u00e0 un doigt \u00e0 Assen, mais il a r\u00e9ussi \u00e0 remonter jusqu&rsquo;\u00e0 la deuxi\u00e8me place au Grand Prix d&rsquo;Allemagne, l&rsquo;\u00e9preuve qui suivait au calendrier. Il a en revanche connu un week-end sans \u00e0 Brno, conclu sans le moindre point. Avant ces courses, Marc M\u00e1rquez ne pouvait que saluer sa constance.<\/p>\n<p>\u00ab\u00a0Au final il est pour le moment mon principal adversaire au championnat. Franchement, c&rsquo;est toujours particulier de se battre contre son fr\u00e8re, mais c&rsquo;est un adversaire qui est rude, parce qu&rsquo;il est tout le temps l\u00e0\u00a0! \u00c7a n&rsquo;est pas comme s&rsquo;il \u00e9tait rapide lors d&rsquo;une s\u00e9ance et lent \u00e0 la suivante, il est tout le temps l\u00e0, tr\u00e8s r\u00e9gulier.\u00a0\u00bb<\/p>\n<p>   <img decoding=\"async\" draggable=\"false\" src=\"https:\/\/www.europesays.com\/fr\/wp-content\/uploads\/2025\/08\/alex-marquez-gresini-racing-ma.jpg\" alt=\"Alex Marquez, Gresini Racing, Marc Marquez, Ducati Team\" width=\"1200\" height=\"800\" loading=\"lazy\"\/> <\/p>\n<p class=\"title\">\u00c1lex M\u00e1rquez est souvent le plus proche de Marc M\u00e1rquez en piste.<\/p>\n<p class=\"photographer\">Photo de: Dorna<\/p>\n<p>\u00ab\u00a0Il a fini deuxi\u00e8me et premier \u00e0 tous les sprints, alors \u00e7a veut dire que je ne peux pas faire la moindre erreur. Il a fait d&rsquo;\u00e9normes progr\u00e8s, et comme il l&rsquo;a fait en Moto3 puis en Moto2, s&rsquo;il a ce qu&rsquo;il veut, il est capable d&rsquo;\u00eatre super rapide.\u00a0\u00bb<\/p>\n<p>\u00ab\u00a0La premi\u00e8re ann\u00e9e, quand il est pass\u00e9 en MotoGP, \u00eatre dans ce box, chez Honda, en tant que rookie, il est d\u00e9j\u00e0 mont\u00e9 deux fois sur le podium cette ann\u00e9e-l\u00e0, donc c&rsquo;est un pilote super talentueux. Et cette ann\u00e9e, d\u00e8s qu&rsquo;il a pris le guidon de la moto de 2024, \u00e0 Barcelone d\u00e9j\u00e0, il a \u00e9t\u00e9 tr\u00e8s rapide. D\u00e8s le test de Montmel\u00f3, il \u00e9tait convaincu qu&rsquo;il [serait rapide]. Il est super rapide et je suis tr\u00e8s fier de lui.\u00a0\u00bb<\/p>\n<p>Apr\u00e8s des ann\u00e9es de gal\u00e8re, Marc M\u00e1rquez a renou\u00e9 avec le premier plan et ne semble pas avoir de faiblesse notable cette ann\u00e9e. De quoi classer son fr\u00e8re parmi ses plus grands rivaux en MotoGP\u00a0: \u00ab\u00a0Je suis dans un des meilleurs moments de ma carri\u00e8re et Alex est l\u00e0. \u00c7a veut donc dire que, m\u00eame si c&rsquo;est mon fr\u00e8re, il est l&rsquo;un des adversaires les plus rudes que j&rsquo;ai eus dans ma carri\u00e8re car il est super constant, super rapide et il s&rsquo;\u00e9quilibre tr\u00e8s bien sur tous les circuits. Je savoure ce beau moment pour la famille M\u00e1rquez.\u00a0\u00bb<\/p>\n<p style=\"text-align: right;\">Avec L\u00e9na Buffa<\/p>\n<p>Lire aussi :<\/p>\n<p>Dans cet article<\/p>\n<p>Soyez le premier inform\u00e9 et souscrivez aux alertes mails pour recevoir les infos en temps r\u00e9el<\/p>\n<p>    S&rsquo;abonner aux alertes de news<\/p>\n","protected":false},"excerpt":{"rendered":"Le MotoGP vit une situation in\u00e9dite, avec des fr\u00e8res M\u00e1rquez dominateurs. Avant eux, le championnat a connu plusieurs&hellip;\n","protected":false},"author":2,"featured_media":318263,"comment_status":"","ping_status":"","sticky":false,"template":"","format":"standard","meta":{"footnotes":""},"categories":[1413],"tags":[4950,1011,27,3452,45666,5038,1457,1456,1458,60,7896],"class_list":{"0":"post-318262","1":"post","2":"type-post","3":"status-publish","4":"format-standard","5":"has-post-thumbnail","7":"category-moto","8":"tag-ducati-team","9":"tag-fr","10":"tag-france","11":"tag-gresini-racing","12":"tag-la-relation-des-fru00e8res-mu00e1rquez-intacte-malgru00e9-une-rivalitu00e9-intense","13":"tag-marc-mu00e1rquez","14":"tag-moto","15":"tag-motocycle","16":"tag-motogp","17":"tag-sports","18":"tag-u00c1lex-mu00e1rquez"},"share_on_mastodon":{"url":"https:\/\/pubeurope.com\/@fr\/115026368019725597","error":""},"_links":{"self":[{"href":"https:\/\/www.europesays.com\/fr\/wp-json\/wp\/v2\/posts\/318262","targetHints":{"allow":["GET"]}}],"collection":[{"href":"https:\/\/www.europesays.com\/fr\/wp-json\/wp\/v2\/posts"}],"about":[{"href":"https:\/\/www.europesays.com\/fr\/wp-json\/wp\/v2\/types\/post"}],"author":[{"embeddable":true,"href":"https:\/\/www.europesays.com\/fr\/wp-json\/wp\/v2\/users\/2"}],"replies":[{"embeddable":true,"href":"https:\/\/www.europesays.com\/fr\/wp-json\/wp\/v2\/comments?post=318262"}],"version-history":[{"count":0,"href":"https:\/\/www.europesays.com\/fr\/wp-json\/wp\/v2\/posts\/318262\/revisions"}],"wp:featuredmedia":[{"embeddable":true,"href":"https:\/\/www.europesays.com\/fr\/wp-json\/wp\/v2\/media\/318263"}],"wp:attachment":[{"href":"https:\/\/www.europesays.com\/fr\/wp-json\/wp\/v2\/media?parent=318262"}],"wp:term":[{"taxonomy":"category","embeddable":true,"href":"https:\/\/www.europesays.com\/fr\/wp-json\/wp\/v2\/categories?post=318262"},{"taxonomy":"post_tag","embeddable":true,"href":"https:\/\/www.europesays.com\/fr\/wp-json\/wp\/v2\/tags?post=318262"}],"curies":[{"name":"wp","href":"https:\/\/api.w.org\/{rel}","templated":true}]}}