{"id":318264,"date":"2025-08-14T09:17:11","date_gmt":"2025-08-14T09:17:11","guid":{"rendered":"https:\/\/www.europesays.com\/fr\/318264\/"},"modified":"2025-08-14T09:17:11","modified_gmt":"2025-08-14T09:17:11","slug":"pourquoi-le-quadruple-champion-dindycar-alex-palou-na-toujours-pas-rejoint-decurie-de-f1-lequipe","status":"publish","type":"post","link":"https:\/\/www.europesays.com\/fr\/318264\/","title":{"rendered":"Pourquoi le quadruple champion d&#039;Indycar Alex Palou n&#039;a toujours pas rejoint d&#039;\u00e9curie de F1 &#8211; L&#039;\u00c9quipe"},"content":{"rendered":"<ol>\n<li><a href=\"https:\/\/news.google.com\/rss\/articles\/CBMi3AFBVV95cUxQX0hCMFRBU1ltZ0FGc19JT2VhTmJoWmoxQVNGa0RSYzd2bjRmRDBUajlNMTZZVndPLU9BaktVS1Jydktnd3Z3WGRuV3dFV1drM04yMDNaWGtQR2pubGpvMUdZU2hlLXd5SVRNcS1yV0ZfekpqZEsyUERQVm9mQUdudWk3MTd6YkxlOWhEOGNlS2Q4OUQxWGcyNUtzZG53aFpoU0pDU1RRNWxpb2hoZEVrOVJ5MndLOEZhTnVuU3pzUWJuSWJ4LWRRX3FjV1JBOV9HaFdSV1RGdk10Zk5i?oc=5\" target=\"_blank\" rel=\"nofollow noopener\">Pourquoi le quadruple champion d&rsquo;Indycar Alex Palou n&rsquo;a toujours pas rejoint d&rsquo;\u00e9curie de F1<\/a>&nbsp;&nbsp;L&rsquo;\u00c9quipe<\/li>\n<li><a href=\"https:\/\/news.google.com\/rss\/articles\/CBMiowFBVV95cUxPWkI0UEJ6R2pGZ3hJQ0pJdXF4aGVMaU1LSWRFZnRTSWVFaV9ncHVKQWFKckNtXzZaZzYxTVdBNHBsN0Q4d1IxVU1rZGFqT3QzOG5aSEtfVlVhdURNQ2w3N1U0N0NzVjVlQVdUV1lnUFVWcnNGSEdVMkRMbzloY0N6S2JJZDVOSXdKRFN4QU53VW9NNmY1a1o5aklQNzhHTElqc0dJ?oc=5\" target=\"_blank\" rel=\"nofollow noopener\">La Question Hebdo \u2013 \u00c1lex Palou m\u00e9rite-t-il une chance en F1 ?<\/a>&nbsp;&nbsp;AutoHebdo<\/li>\n<li><a href=\"https:\/\/news.google.com\/rss\/articles\/CBMirwFBVV95cUxQQjFZdW43bzA4TXktZGZCWHVfYkVwblBoTlU2U1JSTkVTYzhPemREV2dZYTJNaTZoSVkyeE1yRk9ZM0M3M1RDNXdFY0lQUnpGRXcyMXZpazNvSWt1aFY0Q1lVLWdOSXdCMVhIZlRGRkV5RjRsRjlRbFFXd052MndHU3puMU9sX01lRk1JZGVmVmFHXzI5R2M5S3JxakF3UUNTQlNEMEgyUUxxbmt3WWdV?oc=5\" target=\"_blank\" rel=\"nofollow noopener\">Will Power (Penske) l&#8217;emporte enfin, Alex Palou (Ganassi) d\u00e9j\u00e0 titr\u00e9<\/a>&nbsp;&nbsp;f1i.autojournal.fr<\/li>\n<li><a href=\"https:\/\/news.google.com\/rss\/articles\/CBMixwFBVV95cUxObG9mRjc3Z2xROTdCaW5EM3RrUXMxOXl6X3ZPQXJLVzZmb2YzVTNZNFpXV2xnZG81MTJYd1QwMzZOVEZfZGhnaFRrMEg4WHIzYklncUtITDRMdk1tY0s2VjhlNTk4Tzh0Zk1mNTBqNC1JbmdvLW9xMTBTZEQ0WEN4N1NmemJZSHk2a2tFeGNSYS14MEk0b19MZVF3U3VGTXF3X0ZER2loQXFaakRQRDl6WGhlTVhWVHYyZlh3Ui1UNG1kR0g4M3kw?oc=5\" target=\"_blank\" rel=\"nofollow noopener\">Sind O&rsquo;Ward und Arrow McLaren durch das \u201eBrechen von Fl\u00fcchen\u201c bereit, um den Titel zu spielen?<\/a>&nbsp;&nbsp;autohebdo.de<\/li>\n<li><a href=\"https:\/\/news.google.com\/rss\/articles\/CBMihAFBVV95cUxPLXVYWjRFb1pYMFoyaVRFVW5sTGlEOGhRZUVncnNJS2RueVZkaTJnYjlvdi1GYVNUaXZoR0c1Q3BEZXg3YTN3djU0VnlhRUNWa3NvdUVSWVRWZU9UeXV6elVTLUNfem1DVGRDbWd3Sld2SDM1WkpkMk1VR1BEem93djU0TXc?oc=5\" target=\"_blank\" rel=\"nofollow noopener\">IndyCar : Grand Prix de Portland<\/a>&nbsp;&nbsp;tv.moustique.be<\/li>\n<\/ol>\n","protected":false},"excerpt":{"rendered":"Pourquoi le quadruple champion d&rsquo;Indycar Alex Palou n&rsquo;a toujours pas rejoint d&rsquo;\u00e9curie de F1&nbsp;&nbsp;L&rsquo;\u00c9quipe La Question Hebdo \u2013&hellip;\n","protected":false},"author":2,"featured_media":318265,"comment_status":"","ping_status":"","sticky":false,"template":"","format":"standard","meta":{"footnotes":""},"categories":[1412],"tags":[1451,1452,1453,1454,1455,1011,27,60],"class_list":{"0":"post-318264","1":"post","2":"type-post","3":"status-publish","4":"format-standard","5":"has-post-thumbnail","7":"category-f1","8":"tag-f1","9":"tag-formula-1","10":"tag-formula1","11":"tag-formule-1","12":"tag-formule1","13":"tag-fr","14":"tag-france","15":"tag-sports"},"share_on_mastodon":{"url":"https:\/\/pubeurope.com\/@fr\/115026371859979113","error":""},"_links":{"self":[{"href":"https:\/\/www.europesays.com\/fr\/wp-json\/wp\/v2\/posts\/318264","targetHints":{"allow":["GET"]}}],"collection":[{"href":"https:\/\/www.europesays.com\/fr\/wp-json\/wp\/v2\/posts"}],"about":[{"href":"https:\/\/www.europesays.com\/fr\/wp-json\/wp\/v2\/types\/post"}],"author":[{"embeddable":true,"href":"https:\/\/www.europesays.com\/fr\/wp-json\/wp\/v2\/users\/2"}],"replies":[{"embeddable":true,"href":"https:\/\/www.europesays.com\/fr\/wp-json\/wp\/v2\/comments?post=318264"}],"version-history":[{"count":0,"href":"https:\/\/www.europesays.com\/fr\/wp-json\/wp\/v2\/posts\/318264\/revisions"}],"wp:featuredmedia":[{"embeddable":true,"href":"https:\/\/www.europesays.com\/fr\/wp-json\/wp\/v2\/media\/318265"}],"wp:attachment":[{"href":"https:\/\/www.europesays.com\/fr\/wp-json\/wp\/v2\/media?parent=318264"}],"wp:term":[{"taxonomy":"category","embeddable":true,"href":"https:\/\/www.europesays.com\/fr\/wp-json\/wp\/v2\/categories?post=318264"},{"taxonomy":"post_tag","embeddable":true,"href":"https:\/\/www.europesays.com\/fr\/wp-json\/wp\/v2\/tags?post=318264"}],"curies":[{"name":"wp","href":"https:\/\/api.w.org\/{rel}","templated":true}]}}