{"id":318266,"date":"2025-08-14T09:18:10","date_gmt":"2025-08-14T09:18:10","guid":{"rendered":"https:\/\/www.europesays.com\/fr\/318266\/"},"modified":"2025-08-14T09:18:10","modified_gmt":"2025-08-14T09:18:10","slug":"la-polynormande-17-aout-2025-les-engages-velopressecollection","status":"publish","type":"post","link":"https:\/\/www.europesays.com\/fr\/318266\/","title":{"rendered":"La Polynormande 17 ao\u00fbt 2025 les engag\u00e9s &#8211; Velopressecollection"},"content":{"rendered":"<ol>\n<li><a href=\"https:\/\/news.google.com\/rss\/articles\/CBMirwFBVV95cUxOamdLTWttdXZGMTNZTnVUTm9UdVNLS1dDVkJKWkxqS2ptSk9pYVVjWUxuNEVhUVFMLXVQWWd4SVhIRTRjSzZ3c0N2ai1jNEJiZnQ2QW9VV1dlNVVPVzJuSW1hbDY2Y3dudDhYc1Yzd3ZmdGVfeUlDd2JCcUhxUllIUEtSTW0zYXFYN1NSYTc0Xy1ubzcyeWxRRDd6NGlTYXJlTk1qVjF5OXc0dkxvOVc4?oc=5\" target=\"_blank\" rel=\"nofollow noopener\">La Polynormande 17 ao\u00fbt 2025 les engag\u00e9s<\/a>&nbsp;&nbsp;Velopressecollection<\/li>\n<li><a href=\"https:\/\/news.google.com\/rss\/articles\/CBMie0FVX3lxTFBRWE5oR1VPUzBlSTMzcFd3V05lZkJzdU41ZzlmTjU4bG9zQXdNWDhlTVcxWnhTVjZKOExtZEVLUGxQdzU1SHRLZGhzU1lJQlJEckVSZGZJWWdLYWZkMjlobnIxa1pOaFQtYzBnV29lV2R2RU1NV2RwUHRxVQ?oc=5\" target=\"_blank\" rel=\"nofollow noopener\">La Polynormande : Les engag\u00e9s<\/a>&nbsp;&nbsp;DirectVelo<\/li>\n<li><a href=\"https:\/\/news.google.com\/rss\/articles\/CBMipwJBVV95cUxNem83cGdleVgxcGlnb19DU2NBQ01fcS0yUG44QXFQT0VCWk9YUTNIT2l1OHA5Vk11bTYyLWpCYWgyUXdhajRIdnhGNGNWemRtdXFjNTNiVmNTcHNseHRuR3FfZm9qX2NyOEhtNU9taHR6RTM2YVNBV0Q0eno0aXFPaXR4V2p4MFdKQmFERkxrX0wtU3ZBWWdHRldUb3NpMV9mVDUxN1lXUzJuVzdreHpKV1ZydXFUX2lSNzdRNkI0ZzlZWEY1WGd1TlFoMG82QXRYQ2xtWVpudzFFdDdJbmJZcXFXbkh2bGwyRmJpSFVsOHNaUEo0OFVadHJTNGZwaWNGeFBKTktmcXZ3SlBBRFRsRFd0LWs4ZVI5UE1SSXI1ZV80TFJTNlg0?oc=5\" target=\"_blank\" rel=\"nofollow noopener\">\u00ab J\u2019y suis encore un peu comme chez moi \u00bb : Herv\u00e9 Mangeas est toujours au micro de la Polynormande<\/a>&nbsp;&nbsp;Ouest-France<\/li>\n<li><a href=\"https:\/\/news.google.com\/rss\/articles\/CBMi9AFBVV95cUxQYnNxTElseFpSNU1OT2d3Qlc4WlJXcERHTUp1bm5tcGlpSG1HWUM3UklEazFrR0EwM25CamhtYXlUVU1aSTVyT0JNLVNTUFQ4YWo5Y0xwN2NBZm5pZE9aT09YS19obkVtQ1hVOG4wVnZ4dVh3S3RHc25Zd3VLQk1kbFEtOWtMSUJhOGZfZjlBRHdxSWIyZUdtNDFvdmNIY1hWNmc4eklLcHNwT2VBV2liZmtsMDFjVkpLZlVNa1RsVzZNWU9CdHIzRWZvVF8zUHZvckdTSG82VlExMDF0VjRIXzBUZ2dLTHJqOUNOUC1DSVJnam83?oc=5\" target=\"_blank\" rel=\"nofollow noopener\">VIDEO. Daniel Mangeas, speaker historique du Tour de France victime d\u2019un AVC, se confie : \u00ab\u00a0Je n\u2019arrivais plus \u00e0 m\u2019exprimer\u2026\u00a0\u00bb<\/a>&nbsp;&nbsp;ladepeche.fr<\/li>\n<li><a href=\"https:\/\/news.google.com\/rss\/articles\/CBMikAJBVV95cUxQbmxCdlM1bjZIVWJ4SHN5NUE1RVpxcS1acjQxSHREMTBkUHBqS1ZScGttSTZweF9MWXd6cFkxUy1EZGtNelNxNnVHVGhqTWpRQy1SbFY0YjVzbG0waTY5SHlIUWktcS1JbG5Hd0d2MDVUd2VVWnYxUEJNRmxzSXdnMThJamRmNk5IOXI5OGNXS2dQY3dKeW84MmYyTXpwemYzdUJSaFdrb2ZnUFVIN3d3ampnWDBGY0RpYXZZNFdzT2JSMEtyTm1WbnM3emF6TTBtT1c3bkVFNkpYVTUzWmFYLWh2aDNSc09kaDVwMVYwaTRjVEVNRjd1V1k3a2JSWFdibWRacW00bDJYX256TXBXOQ?oc=5\" target=\"_blank\" rel=\"nofollow noopener\">Cyclisme &#8211; Interview \/ Chronique 2025 &#8211; Daniel Mangeas : \u00ab\u00a0C\u2019est une renaissance \u2026 c&rsquo;est gr\u00e2ce aux miens et \u00e0 vous tous !\u00a0\u00bb<\/a>&nbsp;&nbsp;Orange Actualit\u00e9s | Sports<\/li>\n<\/ol>\n","protected":false},"excerpt":{"rendered":"La Polynormande 17 ao\u00fbt 2025 les engag\u00e9s&nbsp;&nbsp;Velopressecollection La Polynormande : Les engag\u00e9s&nbsp;&nbsp;DirectVelo \u00ab J\u2019y suis encore un peu&hellip;\n","protected":false},"author":2,"featured_media":318267,"comment_status":"","ping_status":"","sticky":false,"template":"","format":"standard","meta":{"footnotes":""},"categories":[1411],"tags":[1154,207,1011,27,60],"class_list":{"0":"post-318266","1":"post","2":"type-post","3":"status-publish","4":"format-standard","5":"has-post-thumbnail","7":"category-cyclisme","8":"tag-cycling","9":"tag-cyclisme","10":"tag-fr","11":"tag-france","12":"tag-sports"},"share_on_mastodon":{"url":"https:\/\/pubeurope.com\/@fr\/115026375790819266","error":""},"_links":{"self":[{"href":"https:\/\/www.europesays.com\/fr\/wp-json\/wp\/v2\/posts\/318266","targetHints":{"allow":["GET"]}}],"collection":[{"href":"https:\/\/www.europesays.com\/fr\/wp-json\/wp\/v2\/posts"}],"about":[{"href":"https:\/\/www.europesays.com\/fr\/wp-json\/wp\/v2\/types\/post"}],"author":[{"embeddable":true,"href":"https:\/\/www.europesays.com\/fr\/wp-json\/wp\/v2\/users\/2"}],"replies":[{"embeddable":true,"href":"https:\/\/www.europesays.com\/fr\/wp-json\/wp\/v2\/comments?post=318266"}],"version-history":[{"count":0,"href":"https:\/\/www.europesays.com\/fr\/wp-json\/wp\/v2\/posts\/318266\/revisions"}],"wp:featuredmedia":[{"embeddable":true,"href":"https:\/\/www.europesays.com\/fr\/wp-json\/wp\/v2\/media\/318267"}],"wp:attachment":[{"href":"https:\/\/www.europesays.com\/fr\/wp-json\/wp\/v2\/media?parent=318266"}],"wp:term":[{"taxonomy":"category","embeddable":true,"href":"https:\/\/www.europesays.com\/fr\/wp-json\/wp\/v2\/categories?post=318266"},{"taxonomy":"post_tag","embeddable":true,"href":"https:\/\/www.europesays.com\/fr\/wp-json\/wp\/v2\/tags?post=318266"}],"curies":[{"name":"wp","href":"https:\/\/api.w.org\/{rel}","templated":true}]}}