{"id":318268,"date":"2025-08-14T09:19:10","date_gmt":"2025-08-14T09:19:10","guid":{"rendered":"https:\/\/www.europesays.com\/fr\/318268\/"},"modified":"2025-08-14T09:19:10","modified_gmt":"2025-08-14T09:19:10","slug":"heros-du-psg-contre-tottenham-goncalo-ramos-fait-une-grande-annonce-sur-son-avenir","status":"publish","type":"post","link":"https:\/\/www.europesays.com\/fr\/318268\/","title":{"rendered":"H\u00e9ros du PSG contre Tottenham, Gon\u00e7alo Ramos fait une grande annonce sur son avenir"},"content":{"rendered":"<p><a href=\"https:\/\/www.goal.com\/fr\/news\/paris-s-impose-aux-tirs-au-but-premiere-couronne-de-la-saison-arrachee-in-extremis\/blt6b5ae35a800a125d\" target=\"_self\" rel=\"nofollow noopener\">Le Paris Saint-Germain a d\u00e9croch\u00e9 sa premi\u00e8re Supercoupe d\u2019Europe dans un sc\u00e9nario qui semblait lui \u00e9chapper<\/a>. Et c\u2019est un joueur sorti du banc qui a tout chang\u00e9. Apr\u00e8s la rencontre, le sauveur du club francilien a fait une annonce d\u00e9cisive sur son avenir.<\/p>\n<p>Recommended external contentVideoWe need your consent to show you content our Editorial team embedded from Video. You can toggle this (and all other embeds from Video across goal.com) on with one click only and deactivate as well.Always display Video contentI confirm that I would like to see external content. Personal identifiable data could be transferred to Third parties. <a href=\"https:\/\/www.goal.com\/fr\/l%C3%A9gal\/politique-priv%C3%A9e\" target=\"_blank\" rel=\"noreferrer nofollow noopener\">Read more about it in our privacy policy<\/a>.<\/p>\n","protected":false},"excerpt":{"rendered":"Le Paris Saint-Germain a d\u00e9croch\u00e9 sa premi\u00e8re Supercoupe d\u2019Europe dans un sc\u00e9nario qui semblait lui \u00e9chapper. Et c\u2019est&hellip;\n","protected":false},"author":2,"featured_media":318269,"comment_status":"","ping_status":"","sticky":false,"template":"","format":"standard","meta":{"footnotes":""},"categories":[1410],"tags":[63,1011,27,3556,1434,91,60,39732,18015,28401,39734],"class_list":{"0":"post-318268","1":"post","2":"type-post","3":"status-publish","4":"format-standard","5":"has-post-thumbnail","7":"category-football","8":"tag-football","9":"tag-fr","10":"tag-france","11":"tag-g-ramos","12":"tag-mercato","13":"tag-paris-saint-germain","14":"tag-sports","15":"tag-super-coupe-de-luefa","16":"tag-tottenham","17":"tag-transfers","18":"tag-uefa-super-cup"},"share_on_mastodon":{"url":"https:\/\/pubeurope.com\/@fr\/115026379669013559","error":""},"_links":{"self":[{"href":"https:\/\/www.europesays.com\/fr\/wp-json\/wp\/v2\/posts\/318268","targetHints":{"allow":["GET"]}}],"collection":[{"href":"https:\/\/www.europesays.com\/fr\/wp-json\/wp\/v2\/posts"}],"about":[{"href":"https:\/\/www.europesays.com\/fr\/wp-json\/wp\/v2\/types\/post"}],"author":[{"embeddable":true,"href":"https:\/\/www.europesays.com\/fr\/wp-json\/wp\/v2\/users\/2"}],"replies":[{"embeddable":true,"href":"https:\/\/www.europesays.com\/fr\/wp-json\/wp\/v2\/comments?post=318268"}],"version-history":[{"count":0,"href":"https:\/\/www.europesays.com\/fr\/wp-json\/wp\/v2\/posts\/318268\/revisions"}],"wp:featuredmedia":[{"embeddable":true,"href":"https:\/\/www.europesays.com\/fr\/wp-json\/wp\/v2\/media\/318269"}],"wp:attachment":[{"href":"https:\/\/www.europesays.com\/fr\/wp-json\/wp\/v2\/media?parent=318268"}],"wp:term":[{"taxonomy":"category","embeddable":true,"href":"https:\/\/www.europesays.com\/fr\/wp-json\/wp\/v2\/categories?post=318268"},{"taxonomy":"post_tag","embeddable":true,"href":"https:\/\/www.europesays.com\/fr\/wp-json\/wp\/v2\/tags?post=318268"}],"curies":[{"name":"wp","href":"https:\/\/api.w.org\/{rel}","templated":true}]}}