{"id":318270,"date":"2025-08-14T09:20:09","date_gmt":"2025-08-14T09:20:09","guid":{"rendered":"https:\/\/www.europesays.com\/fr\/318270\/"},"modified":"2025-08-14T09:20:09","modified_gmt":"2025-08-14T09:20:09","slug":"apres-avoir-enleve-a-laurence-boccolini-les-enfants-de-la-tele-france-2-lui-retire-son-jeu-quotidien-de-20h50-mot-de-passe-que-se-passe-t-il-avec-lanimatrice","status":"publish","type":"post","link":"https:\/\/www.europesays.com\/fr\/318270\/","title":{"rendered":"Apr\u00e8s avoir enlev\u00e9 \u00e0 Laurence Boccolini \u00ab\u00a0Les Enfants de la T\u00e9l\u00e9\u00a0\u00bb, France 2 lui retire son jeu quotidien de 20h50, \u00ab\u00a0Mot de passe\u00a0\u00bb : Que se passe-t-il avec l&rsquo;animatrice ?"},"content":{"rendered":"<p>Apr\u00e8s avoir enlev\u00e9 \u00e0 Laurence Boccolini \u00ab\u00a0Les Enfants de la T\u00e9l\u00e9\u00a0\u00bb, France 2 lui retire son jeu quotidien de 20h50, \u00ab\u00a0Mot de passe\u00a0\u00bb qui va \u00eatre retir\u00e9 de l&rsquo;antenne \u00e0 la fin du mois d&rsquo;ao\u00fbt.<\/p>\n<p>Alors, que se passe-t-il entre Laurence Boccolini et France 2, on peut clairement poser la question ce matin, car au-del\u00e0 des discours apaisant de la direction de la cha\u00eene, on constate qu&rsquo;en quelques semaines, l&rsquo;animatrice a perdu tous ses programmes sur France 2.\u00a0St\u00e9phane Sitbon-Gomez, directeur des antennes de France T\u00e9l\u00e9, lui promettait publiquement des prime en compensation de ces d\u00e9cisions et affirmait vouloir continuer \u00e0 travailler avec l&rsquo;animatrice, mais force est de constater que jour apr\u00e8s jour son champ d&rsquo;action semble se r\u00e9duire sur le service public o\u00f9 elle \u00e9tait arriv\u00e9 avec de grands espoirs apr\u00e8s avoir quitt\u00e9 TF1.<\/p>\n<p>En tout \u00e9tat de cause, cette d\u00e9cision fait un heureux Damien Th\u00e9venot, qui est le grand gagnant dans cette affaire. Damien Th\u00e9venot qui, apr\u00e8s avoir r\u00e9cup\u00e9r\u00e9 la pr\u00e9sentation de T\u00e9l\u00e9matin en semaine, va se retrouver en prime tous les soirs avec un nouveau jeu.\u00a0<\/p>\n<p>\u00c0 partir du lundi 1er septembre \u00e0 21h, \u00ab\u00a0Memory, qui paire gagne !\u00a0\u00bb, cr\u00e9ation 100 % fran\u00e7aise, inspir\u00e9e du jeu de m\u00e9moire de notre enfance va occuper les 5 minutes avant les grandes soir\u00e9e de la chaine. Il s&rsquo;agira de retrouver les bonnes paires d&rsquo;images pour cumuler des cadeaux \u2013 voyages, \u00e9lectrom\u00e9nager, \u00e9quipements du quotidien \u2013 pour une valeur pouvant atteindre 9.000 euros.<\/p>\n<p>Du lundi au jeudi, deux candidats s&rsquo;affronteront lors de deux manches du \u00ab\u00a08 pour 8\u00a0\u00bb. Le meilleur acc\u00e9dera \u00e0 la \u00ab\u00a0Paire de cadeaux\u00a0\u00bb, une grille o\u00f9 il faudra m\u00e9moriser et retrouver un maximum de lots.<\/p>\n<p>Chaque fin de semaine, le candidat ayant r\u00e9colt\u00e9 le plus gros panier \u00e0 cadeaux reviendra le vendredi pour affronter \u00ab\u00a0la grille finale\u00a0\u00bb et tenter de repartir avec l&rsquo;int\u00e9gralit\u00e9 de ses gains.<\/p>\n","protected":false},"excerpt":{"rendered":"Apr\u00e8s avoir enlev\u00e9 \u00e0 Laurence Boccolini \u00ab\u00a0Les Enfants de la T\u00e9l\u00e9\u00a0\u00bb, France 2 lui retire son jeu quotidien&hellip;\n","protected":false},"author":2,"featured_media":318271,"comment_status":"","ping_status":"","sticky":false,"template":"","format":"standard","meta":{"footnotes":""},"categories":[1359],"tags":[32890,58,59,1011,27,594,3219,973],"class_list":{"0":"post-318270","1":"post","2":"type-post","3":"status-publish","4":"format-standard","5":"has-post-thumbnail","7":"category-people","8":"tag-damien-thu00e9venot","9":"tag-divertissement","10":"tag-entertainment","11":"tag-fr","12":"tag-france","13":"tag-france-2","14":"tag-laurence-boccolini","15":"tag-people"},"share_on_mastodon":{"url":"https:\/\/pubeurope.com\/@fr\/115026383673039266","error":""},"_links":{"self":[{"href":"https:\/\/www.europesays.com\/fr\/wp-json\/wp\/v2\/posts\/318270","targetHints":{"allow":["GET"]}}],"collection":[{"href":"https:\/\/www.europesays.com\/fr\/wp-json\/wp\/v2\/posts"}],"about":[{"href":"https:\/\/www.europesays.com\/fr\/wp-json\/wp\/v2\/types\/post"}],"author":[{"embeddable":true,"href":"https:\/\/www.europesays.com\/fr\/wp-json\/wp\/v2\/users\/2"}],"replies":[{"embeddable":true,"href":"https:\/\/www.europesays.com\/fr\/wp-json\/wp\/v2\/comments?post=318270"}],"version-history":[{"count":0,"href":"https:\/\/www.europesays.com\/fr\/wp-json\/wp\/v2\/posts\/318270\/revisions"}],"wp:featuredmedia":[{"embeddable":true,"href":"https:\/\/www.europesays.com\/fr\/wp-json\/wp\/v2\/media\/318271"}],"wp:attachment":[{"href":"https:\/\/www.europesays.com\/fr\/wp-json\/wp\/v2\/media?parent=318270"}],"wp:term":[{"taxonomy":"category","embeddable":true,"href":"https:\/\/www.europesays.com\/fr\/wp-json\/wp\/v2\/categories?post=318270"},{"taxonomy":"post_tag","embeddable":true,"href":"https:\/\/www.europesays.com\/fr\/wp-json\/wp\/v2\/tags?post=318270"}],"curies":[{"name":"wp","href":"https:\/\/api.w.org\/{rel}","templated":true}]}}