{"id":318272,"date":"2025-08-14T09:21:11","date_gmt":"2025-08-14T09:21:11","guid":{"rendered":"https:\/\/www.europesays.com\/fr\/318272\/"},"modified":"2025-08-14T09:21:11","modified_gmt":"2025-08-14T09:21:11","slug":"une-toile-rare-dun-maitre-francais-retrouvee-par-hasard-a-paris","status":"publish","type":"post","link":"https:\/\/www.europesays.com\/fr\/318272\/","title":{"rendered":"une toile rare d\u2019un ma\u00eetre fran\u00e7ais retrouv\u00e9e par hasard \u00e0 Paris"},"content":{"rendered":"<p>D\u00e9couverte lors d\u2019un inventaire dans un appartement, la toile de Lubin Baugin rejoint un corpus extr\u00eamement restreint puisque seules quatre autres natures mortes du peintre sont connues. Elle sera mise aux ench\u00e8res \u00e0 Vichy, samedi 16 ao\u00fbt.<\/p>\n<p class=\"fig-paragraph\">Sa vente promet d\u2019attirer passionn\u00e9s et curieux. Samedi 16 ao\u00fbt, Vichy Ench\u00e8res mettra \u00e0 l\u2019encan un tableau d\u2019exception\u00a0: Nature morte aux financiers, une huile sur bois peinte vers 1630 par Lubin Baugin (1612-1663), connu notamment pour ses deux natures mortes expos\u00e9es au\u00a0<a href=\"http:\/\/www.lefigaro.fr\/culture\/patrimoine\/la-nouvelle-renaissance-du-louvre-les-architectes-concourent-pour-un-chantier-a-800-millions-d-euros-20250801\" target=\"_blank\" data-fig-type=\"Article\" rel=\"noopener nofollow\" data-gtm-custom-categorie=\"navigation\" data-gtm-custom-action=\"crossclick\" data-gtm-custom-label=\"Contextuel\" data-gtm-event=\"customEventSPE\" data-fig-domain=\"LEFIGARO\">Louvre<\/a>. L\u2019\u0153uvre est estim\u00e9e entre 200\u00a0000 et 300\u00a0000 euros.<\/p>\n<p class=\"fig-paragraph\">D\u00e9couverte dans un appartement parisien lors d\u2019un inventaire pour une succession le 5 novembre 2024, la toile repr\u00e9sente une table napp\u00e9e de vert sur laquelle sont pos\u00e9es deux assiettes d\u2019\u00e9tain garnies de visitandines (anc\u00eatres des financiers), fruits secs et cristaux de sucre. Un verre de vin rouge et une miche de pain compl\u00e8tent la sc\u00e8ne.<\/p>\n<p>                                    <a class=\"fig-a11y-skip a11y-hidden\" href=\"#fig-a11y-skip-main-inarticle\"><br \/>\n        Passer la publicit\u00e9<br \/>\n    <\/a><\/p>\n<p class=\"fig-paragraph\">Si l\u2019\u0153uvre \u00e9tait plut\u00f4t bien mise en valeur dans un bureau de cet appartement, \u00ab\u00a0la famille n\u2019avait pas conscience de sa valeur\u00a0\u00bb, explique \u00c9tienne Laurent, le commissaire-priseur de la vente. Rest\u00e9e pendant plusieurs g\u00e9n\u00e9rations dans une famille auvergnate passionn\u00e9e de patrimoine, la toile avait suivi l\u2019une de ses branches \u00e0 Paris avant de tomber dans l\u2019oubli.<\/p>\n<p>Un corpus tr\u00e8s restreint<\/p>\n<p class=\"fig-paragraph\">Nature morte aux financiers rejoint un corpus extr\u00eamement restreint puisque seules quatre autres natures mortes de Lubin Baugin sont connues, dont deux conserv\u00e9es au Louvre, Le Dessert de gaufrettes et Nature morte \u00e0 l\u2019\u00e9chiquier. \u00c0 ces deux peintures s\u2019ajoutent la Nature morte \u00e0 la chandelle, conserv\u00e9e \u00e0 la Galleria Spada \u00e0 Rome et enfin la Nature morte \u00e0 la coupe d\u2019abricots, du\u00a0<a href=\"https:\/\/www.lefigaro.fr\/arts-expositions\/explosion-chromatique-au-musee-des-beaux-arts-de-rennes-20210809\" target=\"_blank\" data-fig-type=\"Article\" rel=\"noopener nofollow\" data-gtm-custom-categorie=\"navigation\" data-gtm-custom-action=\"crossclick\" data-gtm-custom-label=\"Contextuel\" data-gtm-event=\"customEventSPE\" data-fig-domain=\"LEFIGARO\">Mus\u00e9e des Beaux-Arts de Rennes<\/a>.<\/p>\n<p>    Le commissaire-priseur \u00c9tienne Laurent assurera la vente aux ench\u00e8res du tableau samedi 16 ao\u00fbt \u00e0 Vichy.<br \/>\n                \u00c9tienne Laurent<\/p>\n<p class=\"fig-paragraph\">Rest\u00e9e depuis novembre dans l\u2019atelier de l\u2019expert en tableaux anciens Ren\u00e9 Millet, la peinture d\u00e9couverte a \u00e9t\u00e9 examin\u00e9e par les plus grands marchands internationaux et par des conservateurs de mus\u00e9es parisiens. Les comparaisons avec les autres rares natures mortes de Baugin, notamment Le Dessert de gaufrettes conserv\u00e9 au Louvre, ont r\u00e9v\u00e9l\u00e9 un m\u00eame \u00e9quilibre de composition et surtout une signature tr\u00e8s caract\u00e9ristique, en lettres b\u00e2tons, ponctu\u00e9e de deux points. Derni\u00e8re d\u00e9couverte frappante selon le commissaire-priseur\u00a0: \u00ab\u00a0L\u2019\u0153uvre est peinte sur un panneau de ch\u00eane tr\u00e8s fin, constitu\u00e9 de deux planches r\u00e9unies par un syst\u00e8me d\u2019agrafe identique \u00e0 celui observ\u00e9 sur Le Dessert de gaufrettes.\u00a0\u00bb<\/p>\n<p class=\"fig-paragraph\">Peu de natures mortes de Lubin Baugin sont aujourd\u2019hui connues car cette partie de sa carri\u00e8re fut courte. N\u00e9 \u00e0 Pithiviers (Loiret) en 1610, il rejoint Paris en 1629, o\u00f9 il obtient sa ma\u00eetrise \u00e0 Saint-Germain-des-Pr\u00e9s. \u00c0 l\u2019\u00e9poque, \u00ab\u00a0les jeunes peintres non affili\u00e9s \u00e0 la puissante corporation des peintres et sculpteurs ne pouvaient r\u00e9aliser de grandes compositions religieuses ou d\u00e9coratives \u00e0 l\u2019int\u00e9rieur de la ville\u00a0\u00bb, explique la maison d\u2019ench\u00e8res sur\u00a0<a href=\"https:\/\/vichy-encheres.com\/2025\/06\/05\/lubin-baugin-nature-morte\/\" target=\"_blank\" rel=\"sponsored noopener nofollow\" data-gtm-custom-categorie=\"navigation\" data-gtm-custom-action=\"crossclick\" data-gtm-custom-label=\"Contextuel\" data-gtm-event=\"customEventSPE\">son site internet<\/a>. Lubin Baugin se tourne alors vers la\u00a0<a href=\"https:\/\/video.lefigaro.fr\/figaro\/video\/exposition-la-splendeur-des-natures-mortes-au-louvre\/\" target=\"_blank\" data-fig-type=\"Video\" rel=\"sponsored noopener nofollow\" data-gtm-custom-categorie=\"navigation\" data-gtm-custom-action=\"crossclick\" data-gtm-custom-label=\"Contextuel\" data-gtm-event=\"customEventSPE\" data-fig-domain=\"VIDEO\">nature morte<\/a>, un genre en vogue aupr\u00e8s de la bourgeoisie parisienne et inspir\u00e9 par la pr\u00e9sence de peintres flamands dans la capitale. Mais cette production, d\u00e9j\u00e0 limit\u00e9e en volume, s\u2019interrompt rapidement avec son d\u00e9part pour l\u2019Italie en 1632.<strong>\u00a0<\/strong><\/p>\n<p class=\"fig-paragraph\">Apr\u00e8s sa mort en 1663, Lubin Baugin est rapidement tomb\u00e9 dans l\u2019oubli avant d\u2019\u00eatre red\u00e9couvert au XXe si\u00e8cle, gr\u00e2ce aux recherches des historiens de l\u2019art Charles Sterling et Michel Far\u00e9, qui identifient ses natures mortes. La veille de la vente, vendredi 15 ao\u00fbt, l\u2019expert en tableaux et dessins anciens Ren\u00e9 Millet donnera une conf\u00e9rence \u00e0 Vichy Ench\u00e8res sur la vie et l\u2019\u0153uvre de Lubin Baugin.<\/p>\n","protected":false},"excerpt":{"rendered":"D\u00e9couverte lors d\u2019un inventaire dans un appartement, la toile de Lubin Baugin rejoint un corpus extr\u00eamement restreint puisque&hellip;\n","protected":false},"author":2,"featured_media":318273,"comment_status":"","ping_status":"","sticky":false,"template":"","format":"standard","meta":{"footnotes":""},"categories":[1358],"tags":[1348,1384,1385,1386,58,59,1011,27,7458],"class_list":{"0":"post-318272","1":"post","2":"type-post","3":"status-publish","4":"format-standard","5":"has-post-thumbnail","7":"category-arts-et-design","8":"tag-arts","9":"tag-arts-and-design","10":"tag-arts-et-design","11":"tag-design","12":"tag-divertissement","13":"tag-entertainment","14":"tag-fr","15":"tag-france","16":"tag-vente-aux-encheres"},"share_on_mastodon":{"url":"https:\/\/pubeurope.com\/@fr\/115026387673113572","error":""},"_links":{"self":[{"href":"https:\/\/www.europesays.com\/fr\/wp-json\/wp\/v2\/posts\/318272","targetHints":{"allow":["GET"]}}],"collection":[{"href":"https:\/\/www.europesays.com\/fr\/wp-json\/wp\/v2\/posts"}],"about":[{"href":"https:\/\/www.europesays.com\/fr\/wp-json\/wp\/v2\/types\/post"}],"author":[{"embeddable":true,"href":"https:\/\/www.europesays.com\/fr\/wp-json\/wp\/v2\/users\/2"}],"replies":[{"embeddable":true,"href":"https:\/\/www.europesays.com\/fr\/wp-json\/wp\/v2\/comments?post=318272"}],"version-history":[{"count":0,"href":"https:\/\/www.europesays.com\/fr\/wp-json\/wp\/v2\/posts\/318272\/revisions"}],"wp:featuredmedia":[{"embeddable":true,"href":"https:\/\/www.europesays.com\/fr\/wp-json\/wp\/v2\/media\/318273"}],"wp:attachment":[{"href":"https:\/\/www.europesays.com\/fr\/wp-json\/wp\/v2\/media?parent=318272"}],"wp:term":[{"taxonomy":"category","embeddable":true,"href":"https:\/\/www.europesays.com\/fr\/wp-json\/wp\/v2\/categories?post=318272"},{"taxonomy":"post_tag","embeddable":true,"href":"https:\/\/www.europesays.com\/fr\/wp-json\/wp\/v2\/tags?post=318272"}],"curies":[{"name":"wp","href":"https:\/\/api.w.org\/{rel}","templated":true}]}}