{"id":318274,"date":"2025-08-14T09:22:18","date_gmt":"2025-08-14T09:22:18","guid":{"rendered":"https:\/\/www.europesays.com\/fr\/318274\/"},"modified":"2025-08-14T09:22:18","modified_gmt":"2025-08-14T09:22:18","slug":"voici-la-liste-officielle-des-livres-et-cahiers-pour-le-primaire-la-presse-de-tunisie","status":"publish","type":"post","link":"https:\/\/www.europesays.com\/fr\/318274\/","title":{"rendered":"Voici la liste officielle des livres et cahiers pour le primaire ! \u2013 La Presse de Tunisie"},"content":{"rendered":"<p>&#13;<br \/>\n&#13;<br \/>\n\t\t\t\t\t&#13;<br \/>\n&#13;<br \/>\n\t\t\t\t\t\t&#13;<br \/>\n\t\t\t\t\t\t&#13;<br \/>\n\t\t\t\t\t\t&#13;<br \/>\n&#13;<\/p>\n<p>&#13;<br \/>\n\t\t\t\t\t&#13;<br \/>\n&#13;<br \/>\n\t\t\t\t\t&#13;<\/p>\n<p>\t\t\t\t\t\t\t\t\t\t<img width=\"600\" height=\"335\" src=\"https:\/\/www.europesays.com\/fr\/wp-content\/uploads\/2025\/08\/Ministere-education_600x335.jpg\" class=\"attachment-bdaia-large size-bdaia-large wp-post-image\" alt=\"\" decoding=\"async\" fetchpriority=\"high\"  \/>\t\t\t\t\t\t\t\t\t\t\t\t\t\t\t\t\t\t\t<\/p>\n<p class=\"p1\">Le minist\u00e8re de l\u2019\u00c9ducation a publi\u00e9 ce jeudi matin 14 ao\u00fbt 2025, sur sa page Facebook officielle, la liste actualis\u00e9e des livres scolaires et des cahiers requis pour les diff\u00e9rents niveaux du cycle primaire, en pr\u00e9vision de la rentr\u00e9e scolaire 2025-2026.<\/p>\n<p class=\"p1\">Cette publication fournit, pour chaque niveau de l\u2019enseignement primaire, les ouvrages officiels et types de cahiers exig\u00e9s, afin d\u2019aider les familles \u00e0 pr\u00e9parer la rentr\u00e9e dans les meilleures conditions.<\/p>\n<p class=\"p1\">La liste comprend des pr\u00e9cisions sur les mati\u00e8res, les \u00e9ditions \u00e0 utiliser, ainsi que sur les formats recommand\u00e9s des cahiers (petit ou grand format, lignes ou carreaux, etc.).<\/p>\n<p class=\"p1\">Le minist\u00e8re invite les parents \u00e0 consulter directement cette publication sur ses canaux officiels afin d\u2019\u00e9viter toute confusion li\u00e9e \u00e0 des informations non v\u00e9rifi\u00e9es circulant sur les r\u00e9seaux sociaux ou dans les points de vente.<\/p>\n<p class=\"p1\">Cette annonce intervient alors que les pr\u00e9paratifs pour la nouvelle ann\u00e9e scolaire s\u2019intensifient, et qu\u2019une attention particuli\u00e8re est port\u00e9e \u00e0 la r\u00e9gulation des prix, \u00e0 la disponibilit\u00e9 des fournitures et \u00e0 la lutte contre la sp\u00e9culation sur le march\u00e9 du mat\u00e9riel scolaire.<\/p>\n<\/p>\n<p>\t\t\t\t\t&#13;<br \/>\n&#13;<br \/>\n\t\t\t\t\t&#13;<br \/>\n\t\t\t\t\t\t&#13;<br \/>\n\t\t\t\t\t\t&#13;<br \/>\n\t\t\t\t\t\t&#13;<\/p>\n<p>&#13;<br \/>\n\t\t\t\t\t\t&#13;<\/p>\n<p>\t\t<a href=\"https:\/\/lapresse.tn\/author\/lapresse\/\" rel=\"nofollow noopener\" target=\"_blank\"><img loading=\"lazy\" alt=\"\" src=\"https:\/\/www.europesays.com\/fr\/wp-content\/uploads\/2025\/08\/FREE-LOGO-MOCKUP-1-150x150.png\"  class=\"avatar avatar-150 photo\" height=\"150\" width=\"150\" decoding=\"async\"\/><\/a><\/p>\n<p>\t\t\t\t\t&#13;<br \/>\n&#13;<\/p>\n<p>&#13;<\/p>\n","protected":false},"excerpt":{"rendered":"&#13; &#13; &#13; &#13; &#13; &#13; &#13; &#13; &#13; &#13; &#13; &#13; Le minist\u00e8re de l\u2019\u00c9ducation a publi\u00e9&hellip;\n","protected":false},"author":2,"featured_media":318275,"comment_status":"","ping_status":"","sticky":false,"template":"","format":"standard","meta":{"footnotes":""},"categories":[1357],"tags":[1379,58,59,1011,27,1380],"class_list":{"0":"post-318274","1":"post","2":"type-post","3":"status-publish","4":"format-standard","5":"has-post-thumbnail","7":"category-livres","8":"tag-books","9":"tag-divertissement","10":"tag-entertainment","11":"tag-fr","12":"tag-france","13":"tag-livres"},"share_on_mastodon":{"url":"https:\/\/pubeurope.com\/@fr\/115026391702830870","error":""},"_links":{"self":[{"href":"https:\/\/www.europesays.com\/fr\/wp-json\/wp\/v2\/posts\/318274","targetHints":{"allow":["GET"]}}],"collection":[{"href":"https:\/\/www.europesays.com\/fr\/wp-json\/wp\/v2\/posts"}],"about":[{"href":"https:\/\/www.europesays.com\/fr\/wp-json\/wp\/v2\/types\/post"}],"author":[{"embeddable":true,"href":"https:\/\/www.europesays.com\/fr\/wp-json\/wp\/v2\/users\/2"}],"replies":[{"embeddable":true,"href":"https:\/\/www.europesays.com\/fr\/wp-json\/wp\/v2\/comments?post=318274"}],"version-history":[{"count":0,"href":"https:\/\/www.europesays.com\/fr\/wp-json\/wp\/v2\/posts\/318274\/revisions"}],"wp:featuredmedia":[{"embeddable":true,"href":"https:\/\/www.europesays.com\/fr\/wp-json\/wp\/v2\/media\/318275"}],"wp:attachment":[{"href":"https:\/\/www.europesays.com\/fr\/wp-json\/wp\/v2\/media?parent=318274"}],"wp:term":[{"taxonomy":"category","embeddable":true,"href":"https:\/\/www.europesays.com\/fr\/wp-json\/wp\/v2\/categories?post=318274"},{"taxonomy":"post_tag","embeddable":true,"href":"https:\/\/www.europesays.com\/fr\/wp-json\/wp\/v2\/tags?post=318274"}],"curies":[{"name":"wp","href":"https:\/\/api.w.org\/{rel}","templated":true}]}}