{"id":318278,"date":"2025-08-14T09:24:16","date_gmt":"2025-08-14T09:24:16","guid":{"rendered":"https:\/\/www.europesays.com\/fr\/318278\/"},"modified":"2025-08-14T09:24:16","modified_gmt":"2025-08-14T09:24:16","slug":"damso-et-gims-devoilent-le-premier-extrait-de-leur-featuring","status":"publish","type":"post","link":"https:\/\/www.europesays.com\/fr\/318278\/","title":{"rendered":"Damso et Gims d\u00e9voilent le premier extrait de leur featuring"},"content":{"rendered":"<p>Comment <a href=\"https:\/\/www.20minutes.fr\/dossier\/maitre_gims\" class=\"c-link c-link--is-underlined\" target=\"_blank\" rel=\"noopener\">Gims<\/a> fait-il pour sortir autant de son en un laps de temps restreint\u00a0? Accompagn\u00e9 de Damso, il a enflamm\u00e9 les<a href=\"https:\/\/www.20minutes.fr\/dossier\/reseaux_sociaux\" class=\"c-link c-link--is-underlined\" target=\"_blank\" rel=\"noopener\"> r\u00e9seaux sociaux<\/a> en d\u00e9voilant un extrait de leur nouveau <a href=\"https:\/\/www.20minutes.fr\/arts-stars\/culture\/musique\/\" class=\"c-link c-link--is-underlined\" target=\"_blank\" rel=\"noopener\">titre<\/a> commun, Tu me rends b\u00eate qui sera disponible vendredi 15\u00a0ao\u00fbt<\/p>\n<p>La collaboration de l\u2019\u00e9t\u00e9\u00a0?<\/p>\n<p>Partag\u00e9 sur <a href=\"https:\/\/www.20minutes.fr\/high-tech\/instagram\/\" class=\"c-link c-link--is-underlined\" target=\"_blank\" rel=\"noopener\">Instagram<\/a>, il a suffi d\u2019une minute pour captiver les fans, r\u00e9v\u00e9lant une alchimie percutante entre les deux rappeurs. Damso y pose des couplets incisifs, fid\u00e8le \u00e0 son style, tandis que Gims apporte une touche m\u00e9lodique. Ce single, tr\u00e8s attendu, pourrait \u00eatre le son de l\u2019\u00e9t\u00e9 ou la collaboration rap que tout le monde attentait. L\u2019extrait laisse pr\u00e9sager un morceau introspectif, mais \u00e9nergique, avec des sonorit\u00e9s modernes et des paroles qui oscillent entre \u00e9motion brute et punchlines.<\/p>\n<p class=\"mb-xxl@xs color-ultramarine font-weight-semi-bold@xs font-source-serif-pro heading-s@xs\">L\u2019acc\u00e8s \u00e0 ce contenu a \u00e9t\u00e9 bloqu\u00e9 afin de respecter votre choix de consentement<\/p>\n<p class=\"mb-m@xs text-l@xs\">En cliquant sur\u00ab J\u2019accepte \u00bb, vous acceptez le d\u00e9p\u00f4t de cookies par des services externes et aurez ainsi acc\u00e8s aux contenus de nos partenaires.<\/p>\n<p class=\"mb-xl@xs text-s@xs\">Plus d\u2019informations sur la page<a href=\"https:\/\/www.20minutes.fr\/gestion-cookies\" class=\"mx-xxs@xs color-ultramarine\" target=\"_blank\" rel=\"noopener\">Politique de gestion des cookies<\/a><\/p>\n<p>J\u2019accepte<\/p>\n<p>\u00c0 la fin de la vid\u00e9o, on peut entendre un couplet de Gims et quelques phrases du rappeur <a href=\"https:\/\/www.20minutes.fr\/dossier\/belge\" class=\"c-link c-link--is-underlined\" target=\"_blank\" rel=\"noopener\">Belge<\/a>, ce qui suffit \u00e0 donner un avant-go\u00fbt aux fans. Ces derniers mois, le fr\u00e8re de Dadju multiplie les collaborations\u00a0: \u00ab\u00a0Air Force Blanche\u00a0\u00bb avec <a href=\"https:\/\/www.20minutes.fr\/dossier\/jul\" class=\"c-link c-link--is-underlined\" target=\"_blank\" rel=\"noopener\">Jul<\/a> ou \u00ab\u00a0Spider\u00a0\u00bb avec Dystinct font partie des titres les plus \u00e9cout\u00e9s de l\u2019artiste sur les plates-formes de streaming. Sans oublier que ses sons en solo cartonnent, comment ne pas parler de \u00ab\u00a0Ciel\u00a0\u00bb qui tourne en boucle \u00e0 la radio et dans nos t\u00eates\u00a0?<\/p>\n","protected":false},"excerpt":{"rendered":"Comment Gims fait-il pour sortir autant de son en un laps de temps restreint\u00a0? Accompagn\u00e9 de Damso, il&hellip;\n","protected":false},"author":2,"featured_media":318279,"comment_status":"","ping_status":"","sticky":false,"template":"","format":"standard","meta":{"footnotes":""},"categories":[1355],"tags":[33553,251,58,59,1011,27,13444,2440,1361,873,3616,6198],"class_list":{"0":"post-318278","1":"post","2":"type-post","3":"status-publish","4":"format-standard","5":"has-post-thumbnail","7":"category-musique","8":"tag-belge","9":"tag-culture","10":"tag-divertissement","11":"tag-entertainment","12":"tag-fr","13":"tag-france","14":"tag-gims","15":"tag-instagram","16":"tag-music","17":"tag-musique","18":"tag-rap","19":"tag-rappeur"},"share_on_mastodon":{"url":"https:\/\/pubeurope.com\/@fr\/115026399332526207","error":""},"_links":{"self":[{"href":"https:\/\/www.europesays.com\/fr\/wp-json\/wp\/v2\/posts\/318278","targetHints":{"allow":["GET"]}}],"collection":[{"href":"https:\/\/www.europesays.com\/fr\/wp-json\/wp\/v2\/posts"}],"about":[{"href":"https:\/\/www.europesays.com\/fr\/wp-json\/wp\/v2\/types\/post"}],"author":[{"embeddable":true,"href":"https:\/\/www.europesays.com\/fr\/wp-json\/wp\/v2\/users\/2"}],"replies":[{"embeddable":true,"href":"https:\/\/www.europesays.com\/fr\/wp-json\/wp\/v2\/comments?post=318278"}],"version-history":[{"count":0,"href":"https:\/\/www.europesays.com\/fr\/wp-json\/wp\/v2\/posts\/318278\/revisions"}],"wp:featuredmedia":[{"embeddable":true,"href":"https:\/\/www.europesays.com\/fr\/wp-json\/wp\/v2\/media\/318279"}],"wp:attachment":[{"href":"https:\/\/www.europesays.com\/fr\/wp-json\/wp\/v2\/media?parent=318278"}],"wp:term":[{"taxonomy":"category","embeddable":true,"href":"https:\/\/www.europesays.com\/fr\/wp-json\/wp\/v2\/categories?post=318278"},{"taxonomy":"post_tag","embeddable":true,"href":"https:\/\/www.europesays.com\/fr\/wp-json\/wp\/v2\/tags?post=318278"}],"curies":[{"name":"wp","href":"https:\/\/api.w.org\/{rel}","templated":true}]}}