{"id":318280,"date":"2025-08-14T09:25:12","date_gmt":"2025-08-14T09:25:12","guid":{"rendered":"https:\/\/www.europesays.com\/fr\/318280\/"},"modified":"2025-08-14T09:25:12","modified_gmt":"2025-08-14T09:25:12","slug":"papamobile-la-comedie-pas-drole-avec-kad-merad-en-pape-sort-dans-seulement-sept-salles-en-france","status":"publish","type":"post","link":"https:\/\/www.europesays.com\/fr\/318280\/","title":{"rendered":"Papamobile, la \u00ab\u00a0com\u00e9die pas dr\u00f4le\u00a0\u00bb avec Kad Merad en pape sort dans seulement sept salles en France"},"content":{"rendered":"<p>Le com\u00e9dien y incarne un souverain pontife imposteur enlev\u00e9 par un cartel mexicain. Selon le r\u00e9alisateur, le film, dont le budget est estim\u00e9 \u00e0 1,2 million d\u2019euros, a \u00e9t\u00e9 tourn\u00e9 \u00ab\u00a0avec un c\u00f4t\u00e9 nanar revendiqu\u00e9\u00a0\u00bb.<\/p>\n<p class=\"fig-paragraph\">Un bide annonc\u00e9? Papamobile se dirige tout droit vers un bel \u00e9chec en salle, si tant est qu\u2019il y soit diffus\u00e9. La nouvelle com\u00e9die avec\u00a0<a href=\"http:\/\/www.lefigaro.fr\/cinema\/kad-merad-relance-le-debat-sur-les-prix-des-places-de-cinema-20220914\" data-fig-type=\"Article\" data-gtm-custom-categorie=\"navigation\" data-gtm-custom-action=\"crossclick\" data-gtm-custom-label=\"Contextuel\" data-gtm-event=\"customEventSPE\" data-fig-domain=\"LEFIGARO\" target=\"_blank\" rel=\"noopener\">Kad Merad<\/a>\u00a0dans la peau d\u2019un pape imposteur enlev\u00e9 par un cartel mexicain lors d\u2019une tourn\u00e9e en papamobile est sortie mercredi 13 ao\u00fbt. Elle ne sera projet\u00e9e que dans six villes de l\u2019Hexagone, \u00e0 savoir Avignon, Bagnoles-de-l\u2019Orne, Saverne, Douvaine, \u00c9vian-les-Bains et Romans-sur-Is\u00e8re. Aucune m\u00e9tropole, donc, ni m\u00eame de commune en \u00cele-de-France.<\/p>\n<p class=\"fig-paragraph\">Pourquoi cela\u00a0?\u00a0Tout simplement parce que le film est \u00ab\u00a0rat\u00e9\u00a0\u00bb, conc\u00e8de son producteur Jean Br\u00e9hat dans les colonnes du Canard Encha\u00een\u00e9. \u00ab\u00a0C\u2019est une com\u00e9die pas dr\u00f4le, selon la plupart de ceux qui l\u2019ont vue, admet-il. \u00c7a arrive dans le m\u00e9tier.\u00a0\u00bb Et d\u2019ajouter\u00a0:\u00a0\u00ab[Certaines personnes] qui ont vu le film l\u2019ont trouv\u00e9 hors norme, fou et amusant, et ne comprennent pas que sa sortie soit ainsi sabord\u00e9e.\u00a0\u00bb<\/p>\n<p>                                    <a class=\"fig-a11y-skip a11y-hidden\" href=\"#fig-a11y-skip-main-inarticle\"><br \/>\n        Passer la publicit\u00e9<br \/>\n    <\/a><\/p>\n<p class=\"fig-paragraph\">Sollicit\u00e9\u00a0<a href=\"https:\/\/www.leparisien.fr\/culture-loisirs\/cinema\/cinema-pourquoi-papamobile-le-film-avec-le-pape-kad-merad-ne-sort-que-dans-sept-salles-de-province-13-08-2025-D6WWBANTWZAKBCVTV2AENVRHXQ.php\" target=\"_blank\" rel=\"sponsored noopener\" data-gtm-custom-categorie=\"navigation\" data-gtm-custom-action=\"crossclick\" data-gtm-custom-label=\"Contextuel\" data-gtm-event=\"customEventSPE\">par nos confr\u00e8res du Parisien<\/a>, le r\u00e9alisateur du film, Sylvain Estibal, C\u00e9sar de la meilleure premi\u00e8re \u0153uvre en 2011 pour\u00a0<a href=\"https:\/\/www.lefigaro.fr\/cinema\/2011\/09\/20\/03002-20110920ARTFIG00554--le-cochon-de-gaza-le-porc-de-l-angoisse.php\" data-fig-type=\"Article\" data-gtm-custom-categorie=\"navigation\" data-gtm-custom-action=\"crossclick\" data-gtm-custom-label=\"Contextuel\" data-gtm-event=\"customEventSPE\" data-fig-domain=\"LEFIGARO\" target=\"_blank\" rel=\"noopener\">Le cochon de Gaza<\/a>, r\u00e9v\u00e8le avoir tourn\u00e9 Papamobile au Mexique, en 2023, \u00ab\u00a0avec un c\u00f4t\u00e9 nanar revendiqu\u00e9\u00a0\u00bb. Il s\u2019est aussi targu\u00e9 de r\u00e9pondre \u00e0 son producteur sur les r\u00e9seaux sociaux, lui reprochant de \u00ab\u00a0s\u2019exprimer ainsi dans la presse le jour de la sortie\u00a0\u00bb, alors que ce dernier est cens\u00e9 \u00ab\u00a0d\u00e9fendre le film\u00a0\u00bb.<\/p>\n<p>\u00ab\u00a0Les retours ont \u00e9t\u00e9 largement n\u00e9gatifs\u00a0\u00bb<\/p>\n<p class=\"fig-paragraph\">Il faudrait encore qu\u2019il y ait quelque chose \u00e0 d\u00e9fendre. M\u00eame la distributrice, Violaine Barbaroux, \u00e0 la t\u00eate de The Joker Films, a confi\u00e9 au Parisien ne pas avoir voulu d\u00e9bourser les 200\u00a0000 euros inh\u00e9rents aux frais de sortie, pr\u00e9f\u00e9rant mettre le film au budget modeste de 1,2 million d\u2019euros \u00e0 la poubelle. \u00ab\u00a0Le premier montage en 2024 n\u2019\u00e9tait pas satisfaisant, explique-t-elle \u00e0 nos confr\u00e8res. Puis le montage d\u00e9finitif s\u2019est r\u00e9v\u00e9l\u00e9 d\u00e9cevant, pas seulement pour nous, et pas \u00e0 la hauteur du sc\u00e9nario, du r\u00e9alisateur, de ses acteurs et des promesses associ\u00e9es.\u00a0\u00bb<\/p>\n<p class=\"fig-body-link\">\n            \u00c0 lire aussi<br \/>\n        <a class=\"fig-body-link__link fig-premium-mark\" href=\"http:\/\/www.lefigaro.fr\/cinema\/pourquoi-les-francais-ont-boude-les-salles-de-cinema-au-premier-semestre-20250731\" target=\"_blank\" data-fig-type=\"Article\" rel=\"noopener\" data-gtm-custom-categorie=\"navigation\" data-gtm-custom-action=\"crossclick\" data-gtm-custom-label=\"Contextuel\" data-gtm-event=\"customEventSPE\" data-fig-domain=\"LEFIGARO\">Pourquoi les Fran\u00e7ais ont boud\u00e9 les salles de cin\u00e9ma au premier semestre<br \/>\n    <\/a>\n<\/p>\n<p class=\"fig-paragraph\">Le film a alors \u00e9t\u00e9 pr\u00e9sent\u00e9 au\u00a0<a href=\"http:\/\/www.lefigaro.fr\/medias\/le-festival-de-cannes-s-allie-au-salon-tech-ces-pour-recompenser-l-innovation-dans-le-cinema-20250514\" data-fig-type=\"NewsFlash\" data-gtm-custom-categorie=\"navigation\" data-gtm-custom-action=\"crossclick\" data-gtm-custom-label=\"Contextuel\" data-gtm-event=\"customEventSPE\" data-fig-domain=\"LEFIGARO\" target=\"_blank\" rel=\"noopener\">march\u00e9 du film Cannes<\/a>\u00a0en mai dernier, sans trouver le moindre distributeur. The Joker Films a donc accept\u00e9 de r\u00e9aliser l\u2019affiche du film et la bande-annonce. \u00ab\u00a0Les retours ont \u00e9t\u00e9 largement n\u00e9gatifs\u00a0\u00bb au moment de le proposer aux exploitants, assure-t-elle. La soci\u00e9t\u00e9 de distribution s\u2019est donc limit\u00e9e \u00e0 une sortie technique pour honorer ses obligations prises avec le Centre National du Cin\u00e9ma (CNC).<\/p>\n<p class=\"fig-paragraph\">Les spectateurs n\u2019ayant pas la chance d\u2019habiter \u00e0 proximit\u00e9 de ces six villes, dont cinq d\u2019entre elles, \u00e0 l\u2019exception d\u2019Avignon, comptent moins de 35\u00a0000 r\u00e9sidents, pourront visionner Papamobile sur la cha\u00eene OCS dans quelques mois, puis sur Amazon Prime Video en 2026.<\/p>\n","protected":false},"excerpt":{"rendered":"Le com\u00e9dien y incarne un souverain pontife imposteur enlev\u00e9 par un cartel mexicain. Selon le r\u00e9alisateur, le film,&hellip;\n","protected":false},"author":2,"featured_media":318281,"comment_status":"","ping_status":"","sticky":false,"template":"","format":"standard","meta":{"footnotes":""},"categories":[1354],"tags":[4228,58,59,1346,1011,27,45535,1360],"class_list":{"0":"post-318280","1":"post","2":"type-post","3":"status-publish","4":"format-standard","5":"has-post-thumbnail","7":"category-films","8":"tag-comedie","9":"tag-divertissement","10":"tag-entertainment","11":"tag-films","12":"tag-fr","13":"tag-france","14":"tag-kad-merad","15":"tag-movies"},"share_on_mastodon":{"url":"https:\/\/pubeurope.com\/@fr\/115026403423983443","error":""},"_links":{"self":[{"href":"https:\/\/www.europesays.com\/fr\/wp-json\/wp\/v2\/posts\/318280","targetHints":{"allow":["GET"]}}],"collection":[{"href":"https:\/\/www.europesays.com\/fr\/wp-json\/wp\/v2\/posts"}],"about":[{"href":"https:\/\/www.europesays.com\/fr\/wp-json\/wp\/v2\/types\/post"}],"author":[{"embeddable":true,"href":"https:\/\/www.europesays.com\/fr\/wp-json\/wp\/v2\/users\/2"}],"replies":[{"embeddable":true,"href":"https:\/\/www.europesays.com\/fr\/wp-json\/wp\/v2\/comments?post=318280"}],"version-history":[{"count":0,"href":"https:\/\/www.europesays.com\/fr\/wp-json\/wp\/v2\/posts\/318280\/revisions"}],"wp:featuredmedia":[{"embeddable":true,"href":"https:\/\/www.europesays.com\/fr\/wp-json\/wp\/v2\/media\/318281"}],"wp:attachment":[{"href":"https:\/\/www.europesays.com\/fr\/wp-json\/wp\/v2\/media?parent=318280"}],"wp:term":[{"taxonomy":"category","embeddable":true,"href":"https:\/\/www.europesays.com\/fr\/wp-json\/wp\/v2\/categories?post=318280"},{"taxonomy":"post_tag","embeddable":true,"href":"https:\/\/www.europesays.com\/fr\/wp-json\/wp\/v2\/tags?post=318280"}],"curies":[{"name":"wp","href":"https:\/\/api.w.org\/{rel}","templated":true}]}}