{"id":318288,"date":"2025-08-14T09:29:12","date_gmt":"2025-08-14T09:29:12","guid":{"rendered":"https:\/\/www.europesays.com\/fr\/318288\/"},"modified":"2025-08-14T09:29:12","modified_gmt":"2025-08-14T09:29:12","slug":"vers-une-revolution-de-linformatique-spatiale","status":"publish","type":"post","link":"https:\/\/www.europesays.com\/fr\/318288\/","title":{"rendered":"vers une r\u00e9volution de l\u2019informatique spatiale !"},"content":{"rendered":"<p data-start=\"253\" data-end=\"584\"><strong>Des physiciens<br \/>\nam\u00e9ricains ont observ\u00e9 un \u00e9tat de la mati\u00e8re jamais vu auparavant,<br \/>\nqui pourrait ouvrir la voie \u00e0 une nouvelle g\u00e9n\u00e9ration <a href=\"https:\/\/sciencepost.fr\/un-puce-qui-change-tout-comment-des-chercheurs-ont-franchi-un-pas-decisif-vers-lordinateur-quantique-grand-public\/\" target=\"_blank\" rel=\"noopener nofollow\">d\u2019ordinateurs<\/a>, capables de<br \/>\nr\u00e9sister aux conditions extr\u00eames de l\u2019espace. Cette d\u00e9couverte,<br \/>\naussi fascinante que prometteuse, pourrait bouleverser les<br \/>\ntechnologies du futur.<\/strong><\/p>\n<p>Une mati\u00e8re n\u00e9e sous des<br \/>\nconditions extr\u00eames<\/p>\n<p data-start=\"641\" data-end=\"1146\">Et si la cl\u00e9 d\u2019un ordinateur<br \/>\ncapable de fonctionner sans interruption pendant des ann\u00e9es dans<br \/>\nl\u2019espace venait d\u2019un \u00e9trange mat\u00e9riau synth\u00e9tis\u00e9 en laboratoire\u202f?<br \/>\nC\u2019est l\u2019hypoth\u00e8se d\u00e9sormais cr\u00e9dible gr\u00e2ce \u00e0 des travaux men\u00e9s par<br \/>\nune \u00e9quipe de l\u2019Universit\u00e9 de Californie \u00e0 Irvine, qui vient de<br \/>\nr\u00e9v\u00e9ler l\u2019existence d\u2019un nouvel \u00e9tat de la mati\u00e8re quantique. Ce<br \/>\nph\u00e9nom\u00e8ne, jusqu\u2019ici uniquement pr\u00e9dit par la th\u00e9orie, a \u00e9t\u00e9<br \/>\nobserv\u00e9 pour la premi\u00e8re fois dans un mat\u00e9riau baptis\u00e9<br \/>\npentatelluride d\u2019hafnium.<\/p>\n<p data-start=\"1148\" data-end=\"1491\">Cette avanc\u00e9e a \u00e9t\u00e9 rendue<br \/>\npossible en soumettant le mat\u00e9riau \u00e0 des champs magn\u00e9tiques<br \/>\nextr\u00eames, atteignant 70 Teslas \u2013 soit environ 700 fois plus que le<br \/>\nchamp magn\u00e9tique d\u2019un aimant de r\u00e9frig\u00e9rateur. Sous cette<br \/>\ncontrainte, les propri\u00e9t\u00e9s du mat\u00e9riau ont chang\u00e9 de mani\u00e8re<br \/>\nspectaculaire, marquant le passage \u00e0 une phase totalement<br \/>\nin\u00e9dite.<\/p>\n<p>Un liquide quantique d\u2019un<br \/>\nnouveau genre<\/p>\n<p data-start=\"1543\" data-end=\"1925\">Dans cette nouvelle phase, les<br \/>\n\u00e9lectrons ne circulent plus librement comme dans un m\u00e9tal<br \/>\nclassique. Ils s\u2019associent \u00e0 leurs \u00e9quivalents positifs, appel\u00e9s<br \/>\ntrous, pour former des couples baptis\u00e9s excitons. Ce qui rend cette<br \/>\nphase encore plus singuli\u00e8re, c\u2019est que les \u00e9lectrons et les trous<br \/>\ntournent dans la m\u00eame direction \u2014 un comportement jamais observ\u00e9<br \/>\njusqu\u2019\u00e0 pr\u00e9sent.<\/p>\n<p data-start=\"1927\" data-end=\"2272\">Ce liquide d\u2019excitons agit<br \/>\ncomme une mati\u00e8re coh\u00e9rente, un peu comme un superfluide, mais \u00e0<br \/>\nl\u2019\u00e9chelle des particules quantiques. Selon les chercheurs, si ce<br \/>\nmat\u00e9riau pouvait \u00eatre tenu dans la main, il \u00e9mettrait une lumi\u00e8re<br \/>\nintense \u00e0 haute fr\u00e9quence. Une image frappante pour illustrer la<br \/>\nnature hautement \u00e9nerg\u00e9tique et instable de cet \u00e9tat.<\/p>\n<p>Une piste pour l\u2019\u00e9lectronique<br \/>\ndu futur<\/p>\n<p data-start=\"2323\" data-end=\"2809\">Mais au-del\u00e0 de la prouesse<br \/>\nfondamentale, cette d\u00e9couverte ouvre des perspectives<br \/>\ntechnologiques consid\u00e9rables. L\u2019une des plus prometteuses concerne<br \/>\nla spintronique, un domaine de recherche qui vise \u00e0 utiliser le<br \/>\nspin des \u00e9lectrons \u2014 c\u2019est-\u00e0-dire leur moment magn\u00e9tique \u2014 plut\u00f4t<br \/>\nque leur charge pour transporter l\u2019information. Cela permettrait de<br \/>\nd\u00e9velopper des dispositifs plus rapides, plus compacts et bien plus<br \/>\n\u00e9conomes en \u00e9nergie que les circuits \u00e9lectroniques actuels.<\/p>\n<p data-start=\"2811\" data-end=\"3227\">Encore plus r\u00e9volutionnaire :<br \/>\nce nouvel \u00e9tat semble insensible aux radiations, un probl\u00e8me majeur<br \/>\ndans l\u2019espace. Les rayonnements cosmiques peuvent gravement<br \/>\nendommager les composants \u00e9lectroniques traditionnels. Ce mat\u00e9riau,<br \/>\nlui, pourrait r\u00e9sister sans faiblir, rendant possible des<br \/>\nordinateurs autonomes et durables pour les missions spatiales les<br \/>\nplus ambitieuses, notamment celles visant Mars ou au-del\u00e0.<\/p>\n<p><img loading=\"lazy\" data-lazyloaded=\"1\" decoding=\"async\" class=\"size-full wp-image-314018\" src=\"https:\/\/www.europesays.com\/fr\/wp-content\/uploads\/2025\/08\/scientists-discover-ne-20.jpg\" alt=\"nouvel \u00e9tat de la mati\u00e8re\" width=\"1280\" height=\"853\"  data-\/><br \/>\nLe professeur Luis Jauregui, du d\u00e9partement de physique et<br \/>\nd\u2019astronomie de l\u2019Universit\u00e9 de Californie \u00e0 Irvine, a expliqu\u00e9 que<br \/>\nle nouveau mat\u00e9riau d\u00e9velopp\u00e9 par lui et son laboratoire n\u2019existe<br \/>\nque dans leurs laboratoires. Cr\u00e9dit : Steve Zylius \/ Universit\u00e9 de<br \/>\nCalifornie \u00e0 IrvineUne technologie taill\u00e9e pour<br \/>\nl\u2019espace<\/p>\n<p data-start=\"3277\" data-end=\"3783\">C\u2019est pr\u00e9cis\u00e9ment cette<br \/>\nrobustesse face aux radiations qui enthousiasme les chercheurs.<br \/>\nPour explorer le syst\u00e8me solaire, les ordinateurs embarqu\u00e9s doivent<br \/>\nfonctionner dans des conditions extr\u00eames, sans maintenance humaine.<br \/>\nOr, les composants classiques vieillissent vite sous l\u2019effet du<br \/>\nrayonnement cosmique. Ce nouvel \u00e9tat quantique stable et r\u00e9sistant<br \/>\npourrait donc devenir un \u00e9l\u00e9ment cl\u00e9 de l\u2019\u00e9lectronique spatiale, en<br \/>\nparticulier pour les missions de longue dur\u00e9e envisag\u00e9es par la<br \/>\nNASA ou SpaceX.<\/p>\n<p data-start=\"3785\" data-end=\"3952\">\u00ab Si vous voulez envoyer<br \/>\ndes ordinateurs dans l\u2019espace lointain, c\u2019est peut-\u00eatre ce mat\u00e9riau<br \/>\nqu\u2019il vous faut \u00bb, r\u00e9sume Luis Jauregui, <a href=\"https:\/\/dx.doi.org\/10.1103\/bj2n-4k2w\" target=\"_blank\" rel=\"noopener nofollow\">chercheur principal de l\u2019\u00e9tude<\/a>.<\/p>\n<p>Une premi\u00e8re mondiale, fruit<br \/>\nd\u2019un travail collectif<\/p>\n<p data-start=\"4016\" data-end=\"4404\">Le mat\u00e9riau a \u00e9t\u00e9 con\u00e7u et<br \/>\nsynth\u00e9tis\u00e9 \u00e0 l\u2019UC Irvine par le post-doctorant Jinyu Liu et son<br \/>\n\u00e9quipe. Les exp\u00e9riences \u00e0 champ magn\u00e9tique extr\u00eame ont \u00e9t\u00e9<br \/>\nr\u00e9alis\u00e9es dans deux laboratoires sp\u00e9cialis\u00e9s : le Laboratoire<br \/>\nnational de Los Alamos au Nouveau-Mexique et le National High<br \/>\nMagnetic Field Laboratory en Floride. L\u2019interpr\u00e9tation th\u00e9orique a<br \/>\n\u00e9t\u00e9 assur\u00e9e par des physiciens du LANL.<\/p>\n<p>Ce n\u2019est qu\u2019un d\u00e9but<\/p>\n<p data-start=\"4437\" data-end=\"4730\">Pour l\u2019instant, ce nouvel \u00e9tat<br \/>\nde la mati\u00e8re reste observ\u00e9 dans des conditions extr\u00eames,<br \/>\ndifficilement reproductibles \u00e0 grande \u00e9chelle. Mais comme souvent<br \/>\nen physique fondamentale, ce sont les premi\u00e8res pierres d\u2019un<br \/>\n\u00e9difice qui pourrait, demain, transformer notre rapport \u00e0 la<br \/>\ntechnologie.<\/p>\n<p data-start=\"4732\" data-end=\"5138\">Ce type de d\u00e9couverte montre \u00e0<br \/>\nquel point la recherche sur les mat\u00e9riaux exotiques reste un<br \/>\nterrain fertile pour les r\u00e9volutions \u00e0 venir, non seulement en<br \/>\ninformatique, mais aussi dans les domaines de l\u2019\u00e9nergie, des<br \/>\ncommunications ou de l\u2019exploration spatiale. \u00c0 l\u2019heure o\u00f9 la<br \/>\nconqu\u00eate de Mars se pr\u00e9pare, cette mati\u00e8re lumineuse et<br \/>\ninsaisissable pourrait bien devenir un alli\u00e9 inattendu de<br \/>\nl\u2019humanit\u00e9.<\/p>\n","protected":false},"excerpt":{"rendered":"Des physiciens am\u00e9ricains ont observ\u00e9 un \u00e9tat de la mati\u00e8re jamais vu auparavant, qui pourrait ouvrir la voie&hellip;\n","protected":false},"author":2,"featured_media":318289,"comment_status":"","ping_status":"","sticky":false,"template":"","format":"standard","meta":{"footnotes":""},"categories":[7],"tags":[1011,27,43,40,41,39,42,44],"class_list":{"0":"post-318288","1":"post","2":"type-post","3":"status-publish","4":"format-standard","5":"has-post-thumbnail","7":"category-sciences-et-technologies","8":"tag-fr","9":"tag-france","10":"tag-science","11":"tag-science-and-technology","12":"tag-sciences","13":"tag-sciences-et-technologies","14":"tag-technologies","15":"tag-technology"},"share_on_mastodon":{"url":"https:\/\/pubeurope.com\/@fr\/115026419092193687","error":""},"_links":{"self":[{"href":"https:\/\/www.europesays.com\/fr\/wp-json\/wp\/v2\/posts\/318288","targetHints":{"allow":["GET"]}}],"collection":[{"href":"https:\/\/www.europesays.com\/fr\/wp-json\/wp\/v2\/posts"}],"about":[{"href":"https:\/\/www.europesays.com\/fr\/wp-json\/wp\/v2\/types\/post"}],"author":[{"embeddable":true,"href":"https:\/\/www.europesays.com\/fr\/wp-json\/wp\/v2\/users\/2"}],"replies":[{"embeddable":true,"href":"https:\/\/www.europesays.com\/fr\/wp-json\/wp\/v2\/comments?post=318288"}],"version-history":[{"count":0,"href":"https:\/\/www.europesays.com\/fr\/wp-json\/wp\/v2\/posts\/318288\/revisions"}],"wp:featuredmedia":[{"embeddable":true,"href":"https:\/\/www.europesays.com\/fr\/wp-json\/wp\/v2\/media\/318289"}],"wp:attachment":[{"href":"https:\/\/www.europesays.com\/fr\/wp-json\/wp\/v2\/media?parent=318288"}],"wp:term":[{"taxonomy":"category","embeddable":true,"href":"https:\/\/www.europesays.com\/fr\/wp-json\/wp\/v2\/categories?post=318288"},{"taxonomy":"post_tag","embeddable":true,"href":"https:\/\/www.europesays.com\/fr\/wp-json\/wp\/v2\/tags?post=318288"}],"curies":[{"name":"wp","href":"https:\/\/api.w.org\/{rel}","templated":true}]}}