{"id":318292,"date":"2025-08-14T09:31:08","date_gmt":"2025-08-14T09:31:08","guid":{"rendered":"https:\/\/www.europesays.com\/fr\/318292\/"},"modified":"2025-08-14T09:31:08","modified_gmt":"2025-08-14T09:31:08","slug":"direct-incendies-en-espagne-trois-morts-a-deplorer-la-france-envoie-deux-canadair-en-soutien-bfmtv","status":"publish","type":"post","link":"https:\/\/www.europesays.com\/fr\/318292\/","title":{"rendered":"DIRECT. Incendies en Espagne: trois morts \u00e0 d\u00e9plorer, la France envoie deux Canadair en soutien &#8211; BFMTV"},"content":{"rendered":"<ol>\n<li><a href=\"https:\/\/news.google.com\/rss\/articles\/CBMi-gFBVV95cUxObWxQT3VRbnRXRWNtaEJlZkFDRGpfbm9weFEyVTlCdGs0U05kcWRkeGpPRWhaZS0wTGNYUW8xemczWWJQSElaczIyZEo4UldWVnN2QW81MUpGZE83aFF1U1BZODFfZ2tueVJva3VIZm9OLXdYSWxxWDJHSXA0R1pJU20tSzBZcTViZFpzOE1EUHhHZG81UkxOeGVpc0t2VldGa2tteXRyTUJyc1ZjYUNGa3FuRDJpY2tnSXUyNVhjSnJjMU1XVHJkaDRKYzVKZzVFSnhfdGpqMGZyZWRwSGlWRXdrNzV5bUt5bXk5ZU9YOERYcEI3LWJwN0VB?oc=5\" target=\"_blank\" rel=\"nofollow noopener\">DIRECT. Incendies en Espagne: trois morts \u00e0 d\u00e9plorer, la France envoie deux Canadair en soutien<\/a>&nbsp;&nbsp;BFMTV<\/li>\n<li><a href=\"https:\/\/news.google.com\/rss\/articles\/CBMilAJBVV95cUxPa1ZYUHlyY3Q0b0xWal9GZlVycTRCVWxBT0RkUGkwb3ptSDZOV2EtTkEzYl9OVlM4SnV0aFJLVXVqUWp1WUo1TldZOW5zbUpxRmMtR3NTdUk4ZkhuN3JGLTVBTmVmcXh5RXZTSzVUZngyMEhmVU5FWkZ3MFVHU2R4aEdXUXlKRmJyS2RqT0FsYVl5bktyOHo4M1prSWlFZks2bmpMZzQ0R2ppQ2tRTjNHV2wtelRsZ1RXYm5YSlRLN1NhTGdEM2RRakdiYzU2M0o5VklmeElvTU1EUnlXUUN2a1lLLXpETm1vT1JjMGZfTkVtdUZwOVY3UjRiNi1fZDVWNEtBZEdQRUk1ZUQyTlFBTFIwUmw?oc=5\" target=\"_blank\" rel=\"nofollow noopener\">L\u2019Espagne en proie \u00e0 de violents incendies : trois personnes sont mortes, pr\u00e8s de 60 000 hectares d\u00e9vast\u00e9s en une semaine<\/a>&nbsp;&nbsp;Le Monde.fr<\/li>\n<li><a href=\"https:\/\/news.google.com\/rss\/articles\/CBMi_gFBVV95cUxQT2xJVllzbWhXaHNjMkdmejRRQmktLTVvNjlLa1BUTFdEX05paFRrcnEwTkNqTG9fb3ZBenZDX0JRUENwU2lwX0U0Mkt1SDBsUE5NZlJjUDVXRGFhMzNuLWhMRTNjRlliRi1Ya1duSWxCUUZ5amI2UGdwUlJIZ1g0OVFkMjdyT2ZTc3ZUeXU1YnBQSkJ3QWdmcE84LVdmRk5fVmJkZlQzTk1MUG9lN3RZR05EeXNySDh1VzVuSXk4NW80U0FEYXo5M05OX2lkN2RfWFNueWZibkhqRmFGRldvbDJxc21MZTA2ZmNNejFMMFFQUWFFaGdkNk5YeFVyUQ?oc=5\" target=\"_blank\" rel=\"nofollow noopener\">Incendies en Espagne: une troisi\u00e8me personne est morte dans les feux de for\u00eat qui ravagent le pays<\/a>&nbsp;&nbsp;BFMTV<\/li>\n<li><a href=\"https:\/\/news.google.com\/rss\/articles\/CBMisAJBVV95cUxQM1U3QlZCMDVxZTJMbGNsSVhLQ2MyV0NQWmNyMEJ1Qk1mQ1h1NjYzeXBVUEg4Y0lpWUNhY25HeDJkX0xvbXRJUS12RGVHZWV4aHFOeHcxMGV6ZFRURG5nZGJvTFF0TUNOZXNyU0xjeHlfZEstbFhkeWtZUHp5NXcxRWJhNVZXU0dHa2pBbUQ1RFFOV2p2cGVOY2YxX0RyTERHWW9GT3dmZ0xxQ1ZVMllpdmFYQ0laaE5TTjlTVWtCWlVURVFMS09YTVBvcWVMZVY5empib055QW9OWG1SRkVVMEYxVUY0dmJGcnkxdGdCM0JSWG1yblhSNGQ3Zm5MeDQyai1RSmU1N3p2SnpGclNzX3NMcWJ1TmlCMXFDakw1dW1Uc2NMSlRVekFESm1sbVg5?oc=5\" target=\"_blank\" rel=\"nofollow noopener\">Accalmie pour la canicule, un nouveau troph\u00e9e pour le PSG, trait\u00e9 contre la pollution plastique\u2026 L\u2019actu de ce jeudi 14 ao\u00fbt au matin<\/a>&nbsp;&nbsp;Lib\u00e9ration<\/li>\n<li><a href=\"https:\/\/news.google.com\/rss\/articles\/CBMi-wFBVV95cUxNRVZSbU13UzhzNWl1Q2V0YngybHFuSXN2QUhGeUc0RnhtS2dJMVRKQUtiZm5QWVFUYVFFbEpoMl9LOVpXb2hxWTZ3Vk9NM3FEZWJLNmFqNzVQU01vZklVM213TkJfelJDMFl3aWpGRVF1SFZwV3pGNnIxR1ZPbWlVVUJvOTRoamlSR3pFTzZVSE9FQ0EwOFBZUk95OEhydktSYjg2VnBTRjJuT3dkZGhyMWZmR1ZrV1BuQ0YzMnF4bEdIM3BoS0pjUXVFWk05RF9EejFFem5Hb2VQTVBvT1lkNExYbnp0bjBjb3UwRXViTmdPUVZsSTFKTTd0UQ?oc=5\" target=\"_blank\" rel=\"nofollow noopener\">Le bilan humain des incendies s\u2019alourdit en Espagne, Madrid sollicite le soutien europ\u00e9en<\/a>&nbsp;&nbsp;Ouest-France<\/li>\n<\/ol>\n","protected":false},"excerpt":{"rendered":"DIRECT. Incendies en Espagne: trois morts \u00e0 d\u00e9plorer, la France envoie deux Canadair en soutien&nbsp;&nbsp;BFMTV L\u2019Espagne en proie&hellip;\n","protected":false},"author":2,"featured_media":1445,"comment_status":"","ping_status":"","sticky":false,"template":"","format":"standard","meta":{"footnotes":""},"categories":[5],"tags":[11,1011,27,14,12,28],"class_list":{"0":"post-318292","1":"post","2":"type-post","3":"status-publish","4":"format-standard","5":"has-post-thumbnail","7":"category-international","8":"tag-actualites","9":"tag-fr","10":"tag-france","11":"tag-international","12":"tag-news","13":"tag-world"},"share_on_mastodon":{"url":"https:\/\/pubeurope.com\/@fr\/115026426959755883","error":""},"_links":{"self":[{"href":"https:\/\/www.europesays.com\/fr\/wp-json\/wp\/v2\/posts\/318292","targetHints":{"allow":["GET"]}}],"collection":[{"href":"https:\/\/www.europesays.com\/fr\/wp-json\/wp\/v2\/posts"}],"about":[{"href":"https:\/\/www.europesays.com\/fr\/wp-json\/wp\/v2\/types\/post"}],"author":[{"embeddable":true,"href":"https:\/\/www.europesays.com\/fr\/wp-json\/wp\/v2\/users\/2"}],"replies":[{"embeddable":true,"href":"https:\/\/www.europesays.com\/fr\/wp-json\/wp\/v2\/comments?post=318292"}],"version-history":[{"count":0,"href":"https:\/\/www.europesays.com\/fr\/wp-json\/wp\/v2\/posts\/318292\/revisions"}],"wp:featuredmedia":[{"embeddable":true,"href":"https:\/\/www.europesays.com\/fr\/wp-json\/wp\/v2\/media\/1445"}],"wp:attachment":[{"href":"https:\/\/www.europesays.com\/fr\/wp-json\/wp\/v2\/media?parent=318292"}],"wp:term":[{"taxonomy":"category","embeddable":true,"href":"https:\/\/www.europesays.com\/fr\/wp-json\/wp\/v2\/categories?post=318292"},{"taxonomy":"post_tag","embeddable":true,"href":"https:\/\/www.europesays.com\/fr\/wp-json\/wp\/v2\/tags?post=318292"}],"curies":[{"name":"wp","href":"https:\/\/api.w.org\/{rel}","templated":true}]}}