{"id":318293,"date":"2025-08-14T09:32:20","date_gmt":"2025-08-14T09:32:20","guid":{"rendered":"https:\/\/www.europesays.com\/fr\/318293\/"},"modified":"2025-08-14T09:32:20","modified_gmt":"2025-08-14T09:32:20","slug":"region-age-genre-etat-de-sante-ce-que-lon-sait-des-21-victimes-de-la-contamination-liberation","status":"publish","type":"post","link":"https:\/\/www.europesays.com\/fr\/318293\/","title":{"rendered":"r\u00e9gion, \u00e2ge, genre, \u00e9tat de sant\u00e9&#8230; ce que l\u2019on sait des 21 victimes de la contamination \u2013 Lib\u00e9ration"},"content":{"rendered":"<p class=\"sc-ksZaOG ehjQrN text-element\">Les 21 cas de list\u00e9riose identifi\u00e9s par les autorit\u00e9s sanitaires <a href=\"https:\/\/www.liberation.fr\/societe\/sante\/camembert-chevre-gorgonzola-plus-de-40-fromages-rappeles-pour-suspicion-de-listeria-20250812_QNMTDQE7VBD2BNUCXUGTULDZTQ\/\" target=\"_blank\" rel=\"noreferrer noopener\" title=\"https:\/\/www.liberation.fr\/societe\/sante\/camembert-chevre-gorgonzola-plus-de-40-fromages-rappeles-pour-suspicion-de-listeria-20250812_QNMTDQE7VBD2BNUCXUGTULDZTQ\/\">en \u00ablien possible\u00bb avec la consommation de fromages de la fromagerie Chavegrand<\/a> sont r\u00e9partis sur quasiment tout le territoire fran\u00e7ais, selon un point sanitaire de Sant\u00e9 publique France (SpF) mercredi. \u00abLes cas sont r\u00e9partis sur l\u2019ensemble du territoire \u00e0 l\u2019exception des Pays de la Loire\u00bb, selon <a href=\"https:\/\/agriculture.gouv.fr\/cas-de-listeriose-retrait-rappel-de-fromages-au-lait-pasteurise-en-raison-dune-possible#:~:text=21%20cas%20de%20list%C3%A9riose%20caus%C3%A9s,de%2034%20%C3%A0%2095%20ans.\" target=\"_blank\" rel=\"noreferrer noopener\" title=\"https:\/\/agriculture.gouv.fr\/cas-de-listeriose-retrait-rappel-de-fromages-au-lait-pasteurise-en-raison-dune-possible#:~:text=21%20cas%20de%20list%C3%A9riose%20caus%C3%A9s,de%2034%20%C3%A0%2095%20ans.\">le communiqu\u00e9,<\/a> qui d\u00e9taille la situation sanitaire des personnes contamin\u00e9es, dont deux sont d\u00e9c\u00e9d\u00e9es. Quatre cas ont \u00e9t\u00e9 identifi\u00e9s en Ile-de-France, trois en Nouvelle-Aquitaine, deux en Auvergne-Rh\u00f4ne-Alpes Rh\u00f4ne-Alpes, deux en Centre-Val de Loire, deux en Grand Est, deux en Hauts-de-France, deux en Provence-Alpes-C\u00f4te d\u2019Azur, un en Bourgogne-Franche-Comt\u00e9, un en Bretagne, un en Normandie et un en Occitanie.<\/p>\n<p class=\"sc-ksZaOG ehjQrN text-element\">\u00abIl s\u2019agit de onze femmes et dix hommes \u00e2g\u00e9s de 34 \u00e0 95 ans, 18 d\u2019entre eux ont plus de 65 ans\u00bb, rapporte SpF. Parmi ces 21 personnes, \u00abtrois d\u2019entre elles prenaient des traitements m\u00e9dicamenteux au long cours susceptibles de favoriser les infections digestives et toutes les autres pr\u00e9sentaient des comorbidit\u00e9s connues comme facteurs de risque de list\u00e9riose (cancers, diab\u00e8te, des pathologies cardiaques ou un grand \u00e2ge)\u00bb.<\/p>\n<p class=\"sc-ksZaOG ehjQrN text-element\">\u00abLes investigations men\u00e9es par Sant\u00e9 publique France [\u2026] ont conduit \u00e0 identifier d\u00e9but ao\u00fbt des \u00e9l\u00e9ments \u00e9pid\u00e9miologiques et microbiologiques convergents, \u00e9tablissant un lien possible entre ces 21 cas de list\u00e9riose\u00bb, dont 18 depuis juin, \u00abet la consommation de fromages au lait pasteuris\u00e9 produits par la soci\u00e9t\u00e9 Chavegrand\u00bb, indiquait mardi un communiqu\u00e9 commun de SpF et du minist\u00e8re de l\u2019Agriculture. <a href=\"https:\/\/www.liberation.fr\/economie\/conso\/bacterie-listeria-quels-sont-les-fromages-rappeles-20250813_SNZUNX7MT5CYJIHK3PWZKMJMGY\/\" target=\"_blank\" rel=\"noreferrer noopener\" title=\"https:\/\/www.liberation.fr\/economie\/conso\/bacterie-listeria-quels-sont-les-fromages-rappeles-20250813_SNZUNX7MT5CYJIHK3PWZKMJMGY\/\">Les fromages concern\u00e9s, camemberts, cr\u00e9meux, ou fromages de ch\u00e8vre, entre autres,<\/a> ont \u00e9t\u00e9 commercialis\u00e9s \u00abjusqu\u2019au 9 ao\u00fbt 2025\u00bb par la fromagerie sur \u00abl\u2019ensemble du territoire national\u00bb, notamment en supermarch\u00e9s, ainsi \u00abqu\u2019\u00e0 l\u2019international\u00bb, toujours selon ce communiqu\u00e9 commun.<\/p>\n<p class=\"sc-ksZaOG ehjQrN text-element\">La soci\u00e9t\u00e9 de la fromagerie Chavegrand avait r\u00e9agi mardi en adressant ses \u00abcondol\u00e9ances aux familles touch\u00e9es\u00bb. Elle avait pr\u00e9cis\u00e9 que les fromages rappel\u00e9s en juin et ao\u00fbt ont \u00e9t\u00e9 produits sur une ancienne ligne de production, ferm\u00e9e d\u00e9but juin, remplac\u00e9e par une nouvelle ligne, et soumise \u00e0 \u00abun plan d\u2019analyse tr\u00e8s renforc\u00e9\u00bb, qui n\u2019a toujours pas permis de trouver de trace de Listeria au sein de la fromagerie.<\/p>\n<p class=\"sc-ksZaOG ehjQrN text-element\">Plus de 40 lots de fromages ont fait l\u2019objet d\u2019un rappel entre lundi et mardi en raison de suspicion de contamination \u00e0 la bact\u00e9rie listeria, selon le site gouvernemental Rappel Conso. \u00abIl est demand\u00e9 aux personnes qui d\u00e9tiendraient ces produits de ne pas les consommer\u00bb, a averti le gouvernement. Les personnes ayant consomm\u00e9 ces fromages \u00abet qui pr\u00e9senteraient de la fi\u00e8vre, isol\u00e9e ou accompagn\u00e9e de maux de t\u00eate, et des courbatures, sont invit\u00e9es \u00e0 consulter leur m\u00e9decin traitant en lui signalant cette consommation\u00bb. Les femmes enceintes, les personnes immunod\u00e9prim\u00e9es et les personnes \u00e2g\u00e9es \u00abdoivent \u00eatre particuli\u00e8rement attentives \u00e0 ces sympt\u00f4mes\u00bb alors que la list\u00e9riose repr\u00e9sente la seconde cause de mortalit\u00e9 par intoxication alimentaire en France avec quelques dizaines de d\u00e9c\u00e8s par an.<\/p>\n","protected":false},"excerpt":{"rendered":"Les 21 cas de list\u00e9riose identifi\u00e9s par les autorit\u00e9s sanitaires en \u00ablien possible\u00bb avec la consommation de fromages&hellip;\n","protected":false},"author":2,"featured_media":318294,"comment_status":"","ping_status":"","sticky":false,"template":"","format":"standard","meta":{"footnotes":""},"categories":[4],"tags":[11,25339,1011,27,6908,12,25],"class_list":{"0":"post-318293","1":"post","2":"type-post","3":"status-publish","4":"format-standard","5":"has-post-thumbnail","7":"category-france","8":"tag-actualites","9":"tag-alimentation-la-recette-pour-tout-changer","10":"tag-fr","11":"tag-france","12":"tag-grande-distribution","13":"tag-news","14":"tag-republique-francaise"},"share_on_mastodon":{"url":"https:\/\/pubeurope.com\/@fr\/115026430934434970","error":""},"_links":{"self":[{"href":"https:\/\/www.europesays.com\/fr\/wp-json\/wp\/v2\/posts\/318293","targetHints":{"allow":["GET"]}}],"collection":[{"href":"https:\/\/www.europesays.com\/fr\/wp-json\/wp\/v2\/posts"}],"about":[{"href":"https:\/\/www.europesays.com\/fr\/wp-json\/wp\/v2\/types\/post"}],"author":[{"embeddable":true,"href":"https:\/\/www.europesays.com\/fr\/wp-json\/wp\/v2\/users\/2"}],"replies":[{"embeddable":true,"href":"https:\/\/www.europesays.com\/fr\/wp-json\/wp\/v2\/comments?post=318293"}],"version-history":[{"count":0,"href":"https:\/\/www.europesays.com\/fr\/wp-json\/wp\/v2\/posts\/318293\/revisions"}],"wp:featuredmedia":[{"embeddable":true,"href":"https:\/\/www.europesays.com\/fr\/wp-json\/wp\/v2\/media\/318294"}],"wp:attachment":[{"href":"https:\/\/www.europesays.com\/fr\/wp-json\/wp\/v2\/media?parent=318293"}],"wp:term":[{"taxonomy":"category","embeddable":true,"href":"https:\/\/www.europesays.com\/fr\/wp-json\/wp\/v2\/categories?post=318293"},{"taxonomy":"post_tag","embeddable":true,"href":"https:\/\/www.europesays.com\/fr\/wp-json\/wp\/v2\/tags?post=318293"}],"curies":[{"name":"wp","href":"https:\/\/api.w.org\/{rel}","templated":true}]}}