{"id":318295,"date":"2025-08-14T09:33:22","date_gmt":"2025-08-14T09:33:22","guid":{"rendered":"https:\/\/www.europesays.com\/fr\/318295\/"},"modified":"2025-08-14T09:33:22","modified_gmt":"2025-08-14T09:33:22","slug":"les-previsions-de-bison-fute-pour-le-week-end-prolonge-du-15-aout","status":"publish","type":"post","link":"https:\/\/www.europesays.com\/fr\/318295\/","title":{"rendered":"Les pr\u00e9visions de Bison Fut\u00e9 pour le week-end prolong\u00e9 du 15\u00a0ao\u00fbt"},"content":{"rendered":"<p>        <img decoding=\"async\" loading=\"lazy\" src=\"https:\/\/www.europesays.com\/fr\/wp-content\/uploads\/2025\/08\/ce6b29c_upload-1-ts45widhvkhh-000-679p39j.jpg\"  width=\"728\" height=\"409\" alt=\"Le week-end prolong\u00e9 du 15\u00a0ao\u00fbt, en plein coeur des grandes vacances, s\u2019annonce charg\u00e9 sur les routes. (photo d\u2019illustration prise le 19\u00a0juillet 2025\u00a0pr\u00e8s de B\u00e9ziers)\"\/>  <\/p>\n<p>GABRIEL BOUYS \/ AFP<\/p>\n<p>Le week-end prolong\u00e9 du 15\u00a0ao\u00fbt, en plein coeur des grandes vacances, s\u2019annonce charg\u00e9 sur les routes. (photo d\u2019illustration prise le 19\u00a0juillet 2025\u00a0pr\u00e8s de B\u00e9ziers)<\/p>\n<p class=\"asset asset-text\">VACANCES &#8211; Des bouchons, encore des <a href=\"https:\/\/www.huffingtonpost.fr\/france\/article\/la-barre-des-1-000-kilometres-de-bouchons-largement-depassee-le-samedi-rouge-se-confirme-sur-les-routes_253416.html\" rel=\"nofollow noopener\" target=\"_blank\">bouchons<\/a>. Sans surprise, le week-end prolong\u00e9 du 15\u00a0ao\u00fbt, en plein c\u0153ur des grandes vacances scolaires, s\u2019annonce charg\u00e9 sur les routes.<\/p>\n<p class=\"asset asset-text\">D\u00e8s ce jeudi 14\u00a0ao\u00fbt, <a href=\"https:\/\/www.bison-fute.gouv.fr\/previsions,10741.html\" target=\"_blank\" rel=\"noopener nofollow\" title=\"Nouvelle fen\u00eatre\">Bison Fut\u00e9<\/a> annonce quelques ralentissements. Si le pr\u00e9visionniste voit vert au niveau national dans le sens des d\u00e9parts, il place le Grand-Ouest, le Nord et le Sud-Ouest en orange. Pour les retours, la circulation sera dense sur l\u2019arc m\u00e9diterran\u00e9en.<\/p>\n<p class=\"asset asset-text\">Vendredi 15\u00a0ao\u00fbt est class\u00e9 vert au niveau national dans le sens des d\u00e9parts et des retours. Seule la r\u00e9gion Auvergne-Rh\u00f4ne-Alpes est class\u00e9e orange dans le sens des retours. Une journ\u00e9e ad\u00e9quate donc si vous voulez prendre la route vers votre lieu de repos.<\/p>\n<p>    Rouge vif samedi    <\/p>\n<p class=\"asset asset-text\">D\u2019autant plus que samedi 16\u00a0ao\u00fbt est d\u00e9crit comme la journ\u00e9e la plus charg\u00e9e en termes de circulation. Elle est class\u00e9e orange au niveau national dans le sens des d\u00e9parts, avec du rouge en Auvergne-Rh\u00f4ne-Alpes et sur l\u2019arc m\u00e9diterran\u00e9en. Toute la carte de l\u2019Hexagone est recouverte de rouge pour le sens des retours, <strong>comme vous pouvez le constater sur l\u2019illustration ci-dessous.<\/strong><\/p>\n<p>                          <img decoding=\"async\" loading=\"lazy\" src=\"https:\/\/www.europesays.com\/fr\/wp-content\/uploads\/2025\/08\/e292282_upload-1-mum43zx7qg0x-capture-da-a-cran-2025-08-14-010204.png\"  width=\"728\" height=\"410\" alt=\"Samedi 16\u00a0ao\u00fbt, toute la carte de l\u2019Hexagone est recouverte de rouge pour le sens des retours.\"\/>  <\/p>\n<p>Bison Fut\u00e9<\/p>\n<p>Samedi 16\u00a0ao\u00fbt, toute la carte de l\u2019Hexagone est recouverte de rouge pour le sens des retours.<\/p>\n<p class=\"asset asset-text\">C\u2019est pourquoi Bison Fut\u00e9 conseille notamment aux automobilistes qui partent en week-end ou en vacances samedi de \u00ab\u00a0quitter ou traverser l\u2019\u00cele-de-France avant 7h ou apr\u00e8s 15h\u00a0\u00bb, d\u2019\u00ab\u00a0\u00e9viter l\u2019autoroute A7, entre Lyon et Orange, de 8h \u00e0 18h et entre Orange et Marseille, de 12h \u00e0 19h\u00a0\u00bb ou encore d\u2019\u00ab\u00a0\u00e9viter le tunnel du Mont-Blanc (N205), entre la France et l\u2019Italie, de 11h \u00e0 14h\u00a0\u00bb. Toutes les recommandations de l\u2019organisme sont \u00e0 retrouver<a href=\"https:\/\/www.ecologie.gouv.fr\/presse\/bison-fute-previsions-nationales-circulation-du-jeudi-14-lundi-18-aout-2025#:~:text=Jeudi%2014%20ao%C3%BBt%20est%20class%C3%A9,et%20sur%20l\u2019Arc%20m%C3%A9diterran%C3%A9en.\" target=\"_blank\" rel=\"noopener nofollow\" title=\"Nouvelle fen\u00eatre\"> en cliquant sur ce lien<\/a>.<\/p>\n<p>    Circulation fluide lundi avec des exceptions    <\/p>\n<p class=\"asset asset-text\">C\u2019est un peu mieux dimanche 17\u00a0ao\u00fbt, en particulier dans le sens des d\u00e9parts. Pour celles et ceux qui souhaiteraient prendre la route des vacances, la journ\u00e9e est class\u00e9e en vert au niveau national, mais toujours rouge en Auvergne-Rh\u00f4ne-Alpes et sur la fa\u00e7ade m\u00e9diterran\u00e9enne. Dans le sens des retours, la carte est orange, avec les m\u00eames r\u00e9gions en rouge que pour les d\u00e9parts.<\/p>\n<p>         <img decoding=\"async\" loading=\"lazy\" src=\"https:\/\/www.europesays.com\/fr\/wp-content\/uploads\/2025\/08\/f37e138_upload-1-znlxy7brifde-capture-da-a-cran-2025-08-14-010218.png\"  width=\"728\" height=\"409\" alt=\"Dimanche 17\u00a0ao\u00fbt, dans le sens des d\u00e9parts, la journ\u00e9e est class\u00e9e en vert au niveau national, mais toujours en rouge en Auvergne-Rh\u00f4ne-Alpes et sur la fa\u00e7ade m\u00e9diterann\u00e9enne.\"\/>  <\/p>\n<p>Bison Fut\u00e9<\/p>\n<p>Dimanche 17\u00a0ao\u00fbt, dans le sens des d\u00e9parts, la journ\u00e9e est class\u00e9e en vert au niveau national, mais toujours en rouge en Auvergne-Rh\u00f4ne-Alpes et sur la fa\u00e7ade m\u00e9diterann\u00e9enne.<\/p>\n<p class=\"asset asset-text\">Si vous souhaitez rentrer chez vous dimanche, \u00ab\u00a0rejoignez ou traversez l\u2019\u00cele-de-France avant 11h ou apr\u00e8s minuit\u00a0\u00bb et \u00ab\u00a0\u00e9vitez l\u2019autoroute A63, entre l\u2019Espagne et Bordeaux, de 10h \u00e0 23h\u00a0\u00bb, vous recommande, par exemple, Bison Fut\u00e9.<\/p>\n<p class=\"asset asset-text\">Lundi 18\u00a0ao\u00fbt, la circulation sera g\u00e9n\u00e9ralement fluide, sauf si vous vous dirigez vers le\u00a0pourtour m\u00e9diterran\u00e9en, class\u00e9 en orange par Bison Fut\u00e9. Dans le sens des retours, feu vert \u00e9galement, \u00e0 l\u2019exception du sud-est du pays.<\/p>\n<p class=\"asset asset-text\">Si vous pouvez prolonger votre week-end, le mieux reste de rouler le mardi, quand Bison Fut\u00e9 voit vert dans le sens des d\u00e9parts et des retours\u00a0!<\/p>\n","protected":false},"excerpt":{"rendered":"GABRIEL BOUYS \/ AFP Le week-end prolong\u00e9 du 15\u00a0ao\u00fbt, en plein coeur des grandes vacances, s\u2019annonce charg\u00e9 sur&hellip;\n","protected":false},"author":2,"featured_media":318296,"comment_status":"","ping_status":"","sticky":false,"template":"","format":"standard","meta":{"footnotes":""},"categories":[2],"tags":[11,6427,7050,1011,27,12,2803,2528],"class_list":{"0":"post-318295","1":"post","2":"type-post","3":"status-publish","4":"format-standard","5":"has-post-thumbnail","7":"category-actualites","8":"tag-actualites","9":"tag-bison-fute","10":"tag-bouchons","11":"tag-fr","12":"tag-france","13":"tag-news","14":"tag-transport","15":"tag-vacances"},"share_on_mastodon":{"url":"https:\/\/pubeurope.com\/@fr\/115026434743652522","error":""},"_links":{"self":[{"href":"https:\/\/www.europesays.com\/fr\/wp-json\/wp\/v2\/posts\/318295","targetHints":{"allow":["GET"]}}],"collection":[{"href":"https:\/\/www.europesays.com\/fr\/wp-json\/wp\/v2\/posts"}],"about":[{"href":"https:\/\/www.europesays.com\/fr\/wp-json\/wp\/v2\/types\/post"}],"author":[{"embeddable":true,"href":"https:\/\/www.europesays.com\/fr\/wp-json\/wp\/v2\/users\/2"}],"replies":[{"embeddable":true,"href":"https:\/\/www.europesays.com\/fr\/wp-json\/wp\/v2\/comments?post=318295"}],"version-history":[{"count":0,"href":"https:\/\/www.europesays.com\/fr\/wp-json\/wp\/v2\/posts\/318295\/revisions"}],"wp:featuredmedia":[{"embeddable":true,"href":"https:\/\/www.europesays.com\/fr\/wp-json\/wp\/v2\/media\/318296"}],"wp:attachment":[{"href":"https:\/\/www.europesays.com\/fr\/wp-json\/wp\/v2\/media?parent=318295"}],"wp:term":[{"taxonomy":"category","embeddable":true,"href":"https:\/\/www.europesays.com\/fr\/wp-json\/wp\/v2\/categories?post=318295"},{"taxonomy":"post_tag","embeddable":true,"href":"https:\/\/www.europesays.com\/fr\/wp-json\/wp\/v2\/tags?post=318295"}],"curies":[{"name":"wp","href":"https:\/\/api.w.org\/{rel}","templated":true}]}}