{"id":318303,"date":"2025-08-14T09:38:10","date_gmt":"2025-08-14T09:38:10","guid":{"rendered":"https:\/\/www.europesays.com\/fr\/318303\/"},"modified":"2025-08-14T09:38:10","modified_gmt":"2025-08-14T09:38:10","slug":"fumee-dans-le-tunnel-de-toulon-provoquant-une-fermeture-temporaire-a-la-circulation","status":"publish","type":"post","link":"https:\/\/www.europesays.com\/fr\/318303\/","title":{"rendered":"Fum\u00e9e dans le tunnel de Toulon provoquant une fermeture temporaire \u00e0 la circulation"},"content":{"rendered":"<p>Un poids lourd en surchauffe a provoqu\u00e9 l\u2019activation des syst\u00e8mes de s\u00e9curit\u00e9 et la fermeture temporaire du tunnel de Toulon.<\/p>\n<p><img fetchpriority=\"high\" decoding=\"async\" width=\"1200\" height=\"900\" alt=\"Fum\u00e9e tunnel Toulon accident tunnel Toulon Accident sur l'A50 Accident autoroute Toulon\" title=\"BOUCHONS DANS TUNNEL TOULON 3\" src=\"https:\/\/www.europesays.com\/fr\/wp-content\/uploads\/2025\/08\/BOUCHONS-DANS-TUNNEL-TOULON-3.jpg\" class=\"img-responsive wp-image-46404\"\/><\/p>\n<p>Fum\u00e9e tunnel Toulon \u2013 CREDIT : VarActu<\/p>\n<p data-start=\"91\" data-end=\"254\"><strong data-start=\"91\" data-end=\"252\">Un incident technique sur un poids lourd a entra\u00een\u00e9 une intervention des secours et la fermeture momentan\u00e9e du tunnel de Toulon mercredi en fin d\u2019apr\u00e8s-midi.<\/strong><\/p>\n<p>Une alerte donn\u00e9e peu avant 18 heures<\/p>\n<p data-start=\"300\" data-end=\"551\">Mercredi 13 ao\u00fbt, \u00e0 17h44, les \u2026<\/p>\n<p>Lire la suite dans l\u2019article <a href=\"https:\/\/www.varactu.fr\/fumee-dans-le-tunnel-de-toulon-provoquant-une-fermeture-temporaire-a-la-circulation\/\" rel=\"nofollow noopener\" target=\"_blank\">Fum\u00e9e dans le tunnel de Toulon provoquant une fermeture temporaire \u00e0 la circulation<\/a> qui est apparu en premier sur <a href=\"https:\/\/www.varactu.fr\" rel=\"nofollow noopener\" target=\"_blank\">Var Actu<\/a>.<\/p>\n","protected":false},"excerpt":{"rendered":"Un poids lourd en surchauffe a provoqu\u00e9 l\u2019activation des syst\u00e8mes de s\u00e9curit\u00e9 et la fermeture temporaire du tunnel&hellip;\n","protected":false},"author":2,"featured_media":318304,"comment_status":"","ping_status":"","sticky":false,"template":"","format":"standard","meta":{"footnotes":""},"categories":[9619],"tags":[1111,11,1777,674,1011,27,12,882,25,2310],"class_list":{"0":"post-318303","1":"post","2":"type-post","3":"status-publish","4":"format-standard","5":"has-post-thumbnail","7":"category-toulon","8":"tag-actu","9":"tag-actualites","10":"tag-eu","11":"tag-europe","12":"tag-fr","13":"tag-france","14":"tag-news","15":"tag-provence-alpes-cote-dazur","16":"tag-republique-francaise","17":"tag-toulon"},"share_on_mastodon":{"url":"https:\/\/pubeurope.com\/@fr\/115026454539451415","error":""},"_links":{"self":[{"href":"https:\/\/www.europesays.com\/fr\/wp-json\/wp\/v2\/posts\/318303","targetHints":{"allow":["GET"]}}],"collection":[{"href":"https:\/\/www.europesays.com\/fr\/wp-json\/wp\/v2\/posts"}],"about":[{"href":"https:\/\/www.europesays.com\/fr\/wp-json\/wp\/v2\/types\/post"}],"author":[{"embeddable":true,"href":"https:\/\/www.europesays.com\/fr\/wp-json\/wp\/v2\/users\/2"}],"replies":[{"embeddable":true,"href":"https:\/\/www.europesays.com\/fr\/wp-json\/wp\/v2\/comments?post=318303"}],"version-history":[{"count":0,"href":"https:\/\/www.europesays.com\/fr\/wp-json\/wp\/v2\/posts\/318303\/revisions"}],"wp:featuredmedia":[{"embeddable":true,"href":"https:\/\/www.europesays.com\/fr\/wp-json\/wp\/v2\/media\/318304"}],"wp:attachment":[{"href":"https:\/\/www.europesays.com\/fr\/wp-json\/wp\/v2\/media?parent=318303"}],"wp:term":[{"taxonomy":"category","embeddable":true,"href":"https:\/\/www.europesays.com\/fr\/wp-json\/wp\/v2\/categories?post=318303"},{"taxonomy":"post_tag","embeddable":true,"href":"https:\/\/www.europesays.com\/fr\/wp-json\/wp\/v2\/tags?post=318303"}],"curies":[{"name":"wp","href":"https:\/\/api.w.org\/{rel}","templated":true}]}}