{"id":318305,"date":"2025-08-14T09:39:16","date_gmt":"2025-08-14T09:39:16","guid":{"rendered":"https:\/\/www.europesays.com\/fr\/318305\/"},"modified":"2025-08-14T09:39:16","modified_gmt":"2025-08-14T09:39:16","slug":"lancien-candidat-a-la-mairie-eddie-goujit-mis-en-examen-et-ecroue-pour-escroqueries-2","status":"publish","type":"post","link":"https:\/\/www.europesays.com\/fr\/318305\/","title":{"rendered":"L\u2019ancien candidat \u00e0 la mairie Eddie Goujit mis en examen et \u00e9crou\u00e9 pour escroqueries"},"content":{"rendered":"<p><strong>Fin de partie &#8211; Arr\u00eat\u00e9 en Ard\u00e8che apr\u00e8s une \u00e9ni\u00e8me escroquerie, Eddie Goujit a \u00e9t\u00e9 mis en examen et \u00e9crou\u00e9<\/strong><\/p>\n<p>Il \u00e9tait recherch\u00e9 par la police depuis plusieurs mois. Eddie Goujit a \u00e9t\u00e9 interpell\u00e9 par les gendarmes \u00e0 Bourg-Saint-And\u00e9ol (<a href=\"https:\/\/www.20minutes.fr\/societe\/ardeche\/?at_medium=RSS%20feed&amp;at_campaign=ynews&amp;utm_source=yahoo&amp;utm_medium=rss&amp;utm_campaign=news_feed&amp;utm_content=in_article_link\" rel=\"nofollow noopener\" target=\"_blank\" data-ylk=\"slk:Ard\u00e8che;elm:context_link;itc:0;sec:content-canvas\" class=\"link \">Ard\u00e8che<\/a>), lundi. Ex-candidat \u00e0 la mairie de Toulon, le jeune homme de 18 ans est poursuivi apr\u00e8s de nombreuses plaintes pour escroquerie. Les derni\u00e8res ? <a href=\"https:\/\/www.20minutes.fr\/faits_divers\/4167819-20250813-faux-ministre-bayrou-vrai-escroc-eddie-goujit-recidive-camping-fait-arreter?at_medium=RSS%20feed&amp;at_campaign=ynews&amp;utm_source=yahoo&amp;utm_medium=rss&amp;utm_campaign=news_feed&amp;utm_content=in_article_link\" rel=\"nofollow noopener\" target=\"_blank\" data-ylk=\"slk:Il s\u2019\u00e9tait pr\u00e9sent\u00e9 un ministre de Fran\u00e7ois Bayrou ou avait r\u00e9clam\u00e9 de l\u2019argent \u00e0 des enfants pour un acc\u00e8s \u00e0 un city stade gratuit;elm:context_link;itc:0;sec:content-canvas\" class=\"link \">Il s\u2019\u00e9tait pr\u00e9sent\u00e9 un ministre de Fran\u00e7ois Bayrou ou avait r\u00e9clam\u00e9 de l\u2019argent \u00e0 des enfants pour un acc\u00e8s \u00e0 un city stade gratuit<\/a>\u2026<\/p>\n<p>Il s\u2019\u00e9tait aussi notamment fait passer pour un \u00e9lu de la r\u00e9gion Provence-Alpes-C\u00f4te-d&rsquo;Azur (Paca) ou encore le petit-fils d\u2019Hubert Falco. Eddie Goujit a \u00e9t\u00e9 mis en examen des chefs de faux et usage de faux, usurpation de titres, tentatives d\u2019escroqueries, escroqueries et vols commis entre f\u00e9vrier 2023 et juillet 2025, indique <a href=\"https:\/\/www.varmatin.com\/faits-divers\/eddie-goujit-le-faux-elu-de-la-region-poursuivi-pour-escroqueries-mis-en-examen-997988?at_medium=RSS%20feed&amp;at_campaign=ynews&amp;utm_source=yahoo&amp;utm_medium=rss&amp;utm_campaign=news_feed&amp;utm_content=in_article_link\" rel=\"nofollow noopener\" target=\"_blank\" data-ylk=\"slk:Var Matin;elm:context_link;itc:0;sec:content-canvas\" class=\"link \">Var Matin<\/a>.<\/p>\n<p><a href=\"https:\/\/www.20minutes.fr\/justice\/4167958-20250814-toulon-ancien-candidat-mairie-eddie-goujit-mis-examen-ecroue-escroqueries?at_medium=RSS%20feed&amp;at_campaign=ynews&amp;utm_source=yahoo&amp;utm_medium=rss&amp;utm_campaign=news_feed&amp;utm_content=read_more_link&quot;\" rel=\"nofollow noopener\" target=\"_blank\" data-ylk=\"slk:Lire la suite sur 20minutes;elm:context_link;itc:0;sec:content-canvas\" class=\"link \">Lire la suite sur 20minutes<\/a><\/p>\n<p>\u00c0 lire aussi :<br \/><a href=\"https:\/\/www.20minutes.fr\/faits_divers\/4167819-20250813-faux-ministre-bayrou-vrai-escroc-eddie-goujit-recidive-camping-fait-arreter?at_medium=RSS%20feed&amp;at_campaign=ynews&amp;utm_source=yahoo&amp;utm_medium=rss&amp;utm_campaign=news_feed&amp;utm_content=related_content_link\" rel=\"nofollow noopener\" target=\"_blank\" data-ylk=\"slk:Faux ministre de Bayrou mais vrai escroc, Eddie Goujit r\u00e9cidive dans un camping et se fait arr\u00eater;elm:context_link;itc:0;sec:content-canvas\" class=\"link \">Faux ministre de Bayrou mais vrai escroc, Eddie Goujit r\u00e9cidive dans un camping et se fait arr\u00eater<\/a><br \/><a href=\"https:\/\/www.20minutes.fr\/faits_divers\/4167554-20250811-draguignan-ur-entend-voix-pousse-frere-8-ans-grievement-blesse-troisieme-etage?at_medium=RSS%20feed&amp;at_campaign=ynews&amp;utm_source=yahoo&amp;utm_medium=rss&amp;utm_campaign=news_feed&amp;utm_content=related_content_link\" rel=\"nofollow noopener\" target=\"_blank\" data-ylk=\"slk:Draguignan : La s\u0153ur entend des voix et pousse son fr\u00e8re de 8 ans, gri\u00e8vement bless\u00e9, du troisi\u00e8me \u00e9tage;elm:context_link;itc:0;sec:content-canvas\" class=\"link \">Draguignan : La s\u0153ur entend des voix et pousse son fr\u00e8re de 8 ans, gri\u00e8vement bless\u00e9, du troisi\u00e8me \u00e9tage<\/a><\/p>\n","protected":false},"excerpt":{"rendered":"Fin de partie &#8211; Arr\u00eat\u00e9 en Ard\u00e8che apr\u00e8s une \u00e9ni\u00e8me escroquerie, Eddie Goujit a \u00e9t\u00e9 mis en examen&hellip;\n","protected":false},"author":2,"featured_media":318306,"comment_status":"","ping_status":"","sticky":false,"template":"","format":"standard","meta":{"footnotes":""},"categories":[9619],"tags":[1111,11,45667,1777,674,45669,4669,1011,27,431,45668,12,882,25,2310],"class_list":{"0":"post-318305","1":"post","2":"type-post","3":"status-publish","4":"format-standard","5":"has-post-thumbnail","7":"category-toulon","8":"tag-actu","9":"tag-actualites","10":"tag-eddie-goujit","11":"tag-eu","12":"tag-europe","13":"tag-faux-et-usage-de-faux","14":"tag-fin-de-partie","15":"tag-fr","16":"tag-france","17":"tag-francois-bayrou","18":"tag-mairie-de-toulon","19":"tag-news","20":"tag-provence-alpes-cote-dazur","21":"tag-republique-francaise","22":"tag-toulon"},"share_on_mastodon":{"url":"https:\/\/pubeurope.com\/@fr\/115026458254343897","error":""},"_links":{"self":[{"href":"https:\/\/www.europesays.com\/fr\/wp-json\/wp\/v2\/posts\/318305","targetHints":{"allow":["GET"]}}],"collection":[{"href":"https:\/\/www.europesays.com\/fr\/wp-json\/wp\/v2\/posts"}],"about":[{"href":"https:\/\/www.europesays.com\/fr\/wp-json\/wp\/v2\/types\/post"}],"author":[{"embeddable":true,"href":"https:\/\/www.europesays.com\/fr\/wp-json\/wp\/v2\/users\/2"}],"replies":[{"embeddable":true,"href":"https:\/\/www.europesays.com\/fr\/wp-json\/wp\/v2\/comments?post=318305"}],"version-history":[{"count":0,"href":"https:\/\/www.europesays.com\/fr\/wp-json\/wp\/v2\/posts\/318305\/revisions"}],"wp:featuredmedia":[{"embeddable":true,"href":"https:\/\/www.europesays.com\/fr\/wp-json\/wp\/v2\/media\/318306"}],"wp:attachment":[{"href":"https:\/\/www.europesays.com\/fr\/wp-json\/wp\/v2\/media?parent=318305"}],"wp:term":[{"taxonomy":"category","embeddable":true,"href":"https:\/\/www.europesays.com\/fr\/wp-json\/wp\/v2\/categories?post=318305"},{"taxonomy":"post_tag","embeddable":true,"href":"https:\/\/www.europesays.com\/fr\/wp-json\/wp\/v2\/tags?post=318305"}],"curies":[{"name":"wp","href":"https:\/\/api.w.org\/{rel}","templated":true}]}}