{"id":318309,"date":"2025-08-14T09:41:10","date_gmt":"2025-08-14T09:41:10","guid":{"rendered":"https:\/\/www.europesays.com\/fr\/318309\/"},"modified":"2025-08-14T09:41:10","modified_gmt":"2025-08-14T09:41:10","slug":"staff-cedric-voutier-performance-laspect-mental-montpellier-peut-devenir-avant-gardiste","status":"publish","type":"post","link":"https:\/\/www.europesays.com\/fr\/318309\/","title":{"rendered":"[Staff] C\u00e9dric Voutier (performance): \u201cL\u2019aspect mental, Montpellier peut devenir avant-gardiste\u201d"},"content":{"rendered":"<p>Un autre aspect que C\u00e9dric Voutier, directeur de la performance du MHSC, aura \u00e0 sa charge est le volet mental, laiss\u00e9 lui aussi \u00e0 l\u2019abandon malgr\u00e9 diff\u00e9rentes alertes. Il s\u2019exprimait dans les colonnes du <a href=\"https:\/\/www.midilibre.fr\/2025\/08\/04\/quand-on-entre-au-club-il-faut-sentir-quil-y-a-une-vie-previent-cedric-voutier-directeur-de-la-performance-12855807.php\" title=\"Midi Libre:\" rel=\"nofollow noopener\" target=\"_blank\">Midi Libre:<\/a><\/p>\n<p>\u201cOn va mettre en place la pr\u00e9paration mentale, qui \u00e9tait inexistante l\u2019ann\u00e9e derni\u00e8re. Il y a deux axes. Un accompagnement individuel du joueur et un autre sur la coh\u00e9sion de groupe. Parce que travailler sur la coh\u00e9sion de groupe sans accompagner individuellement les joueurs, ce n\u2019est pas possible. Je mets en place tout un tas de petits ateliers, sous validation du coach, qui doivent permettre cette coh\u00e9sion. Donc \u00e7a peut \u00eatre des exercices sur le terrain, mais aussi en dehors. On va travailler le leadership, les valeurs\u2026, la satisfaction individuelle, l\u2019am\u00e9lioration continue et la gestion ou\u00a0la pr\u00e9vention du conflit. Pour favoriser la coh\u00e9sion d\u2019\u00e9quipe.<\/p>\n<p><img loading=\"lazy\" title=\"20250726_165413 | AllezPaillade.com\" decoding=\"async\" width=\"1024\" height=\"576\" src=\"https:\/\/www.europesays.com\/fr\/wp-content\/uploads\/2025\/08\/20250726_165413-1024x576.jpg\" alt=\"\" class=\"wp-image-179290\"  \/>Cr\u00e9dits AllezPaillade<\/p>\n<p>La pr\u00e9paration mentale en France, c\u2019est assez r\u00e9cent, c\u2019est encore un peu tabou. Pendant des ann\u00e9es \u00e0 la F\u00e9d\u00e9 ou dans les clubs, on mettait plus d\u2019\u00e9nergie sur la pr\u00e9paration physique que mentale. Pour gagner un 10e en vitesse, il faut une somme de travail \u00e9norme. Permettre \u00e0 un joueur de sortir la t\u00eate du fond du sceau peut se faire tr\u00e8s vite.<\/p>\n<p>On a un levier de performances avec l\u2019aspect mental, qui est \u00e9norme, alors que l\u2019aspect athl\u00e9tique plafonne un peu. Notamment dans le sport collectif, avec l\u2019ego des joueurs, la place des agents, les probl\u00e8mes de salaires, la concurrence, la p\u00e9riode \u00e9tendue des transferts\u2026 Montpellier peut devenir avant-gardiste en investissant dans ce domaine. Au c\u0153ur du staff, il y aura une personne d\u00e9di\u00e9e \u00e0 ce domaine mental pour le mettre en lien avec le terrain.\u201d<\/p>\n<p>Des \u00e9l\u00e9ments plus qu\u2019int\u00e9ressants, toujours difficile \u00e0 \u00e9valuer \u00e0 l\u2019\u0153il mais qui se traduiront forc\u00e9ment par des r\u00e9sultats positifs au fil de la saison.<\/p>\n","protected":false},"excerpt":{"rendered":"Un autre aspect que C\u00e9dric Voutier, directeur de la performance du MHSC, aura \u00e0 sa charge est le&hellip;\n","protected":false},"author":2,"featured_media":318310,"comment_status":"","ping_status":"","sticky":false,"template":"","format":"standard","meta":{"footnotes":""},"categories":[9599],"tags":[328,1111,11,1777,674,1011,27,2208,12,2680,25,17813],"class_list":{"0":"post-318309","1":"post","2":"type-post","3":"status-publish","4":"format-standard","5":"has-post-thumbnail","7":"category-montpellier","8":"tag-a-la-une","9":"tag-actu","10":"tag-actualites","11":"tag-eu","12":"tag-europe","13":"tag-fr","14":"tag-france","15":"tag-montpellier","16":"tag-news","17":"tag-occitanie","18":"tag-republique-francaise","19":"tag-staff"},"share_on_mastodon":{"url":"https:\/\/pubeurope.com\/@fr\/115026466214771735","error":""},"_links":{"self":[{"href":"https:\/\/www.europesays.com\/fr\/wp-json\/wp\/v2\/posts\/318309","targetHints":{"allow":["GET"]}}],"collection":[{"href":"https:\/\/www.europesays.com\/fr\/wp-json\/wp\/v2\/posts"}],"about":[{"href":"https:\/\/www.europesays.com\/fr\/wp-json\/wp\/v2\/types\/post"}],"author":[{"embeddable":true,"href":"https:\/\/www.europesays.com\/fr\/wp-json\/wp\/v2\/users\/2"}],"replies":[{"embeddable":true,"href":"https:\/\/www.europesays.com\/fr\/wp-json\/wp\/v2\/comments?post=318309"}],"version-history":[{"count":0,"href":"https:\/\/www.europesays.com\/fr\/wp-json\/wp\/v2\/posts\/318309\/revisions"}],"wp:featuredmedia":[{"embeddable":true,"href":"https:\/\/www.europesays.com\/fr\/wp-json\/wp\/v2\/media\/318310"}],"wp:attachment":[{"href":"https:\/\/www.europesays.com\/fr\/wp-json\/wp\/v2\/media?parent=318309"}],"wp:term":[{"taxonomy":"category","embeddable":true,"href":"https:\/\/www.europesays.com\/fr\/wp-json\/wp\/v2\/categories?post=318309"},{"taxonomy":"post_tag","embeddable":true,"href":"https:\/\/www.europesays.com\/fr\/wp-json\/wp\/v2\/tags?post=318309"}],"curies":[{"name":"wp","href":"https:\/\/api.w.org\/{rel}","templated":true}]}}