{"id":318311,"date":"2025-08-14T09:42:20","date_gmt":"2025-08-14T09:42:20","guid":{"rendered":"https:\/\/www.europesays.com\/fr\/318311\/"},"modified":"2025-08-14T09:42:20","modified_gmt":"2025-08-14T09:42:20","slug":"rouen-classee-parmi-les-villes-francaises-les-plus-runner-friendly","status":"publish","type":"post","link":"https:\/\/www.europesays.com\/fr\/318311\/","title":{"rendered":"Rouen class\u00e9e parmi les villes fran\u00e7aises les plus \u201crunner-friendly\u201d"},"content":{"rendered":"<p>Avec un score de 6,85 sur 10, Rouen se positionne en troisi\u00e8me place du classement g\u00e9n\u00e9ral, confirmant son attractivit\u00e9 pour les amateurs de running. La ville poss\u00e8de une excellente note de 4,3 sur 5 sur AllTrails et un ratio de 3,90 parcours plats accessibles pour 10 000 habitants, t\u00e9moignant de la qualit\u00e9 et de la vari\u00e9t\u00e9 de ses trac\u00e9s. Sa forte pr\u00e9sence sur Instagram, avec 89,3 hashtags #VilleRunning pour 10 000 habitants, souligne aussi sa popularit\u00e9 sur les r\u00e9seaux sociaux.<\/p>\n<p>En parall\u00e8le, Rouen se distingue aussi par ses efforts pour am\u00e9liorer ses infrastructures et ses parcours urbains, afin d\u2019offrir une exp\u00e9rience agr\u00e9able \u00e0 ses habitants et visiteurs. La ville est notamment r\u00e9put\u00e9e pour ses circuits embl\u00e9matiques comprenant des monuments majeurs comme la cath\u00e9drale, la Porte des Allemands ou encore la vieille ville m\u00e9di\u00e9vale. La facilit\u00e9 d\u2019acc\u00e8s \u00e0 ces parcours plats et la priorit\u00e9 donn\u00e9e \u00e0 la s\u00e9curit\u00e9 des coureurs font partie de ses atouts majeurs.<\/p>\n<p><strong>Une immersion dans le patrimoine architectural de la ville<\/strong><\/p>\n<p>Les sportifs peuvent profiter d\u2019un parcours majeur de 8 kilom\u00e8tres dessinant un circuit m\u00ealant histoire et nature, avec la boucle \u00ab\u00a0Centre de Rouen et Bords de Seine\u00a0\u00bb. Ce trac\u00e9 passe notamment par la cath\u00e9drale Notre-Dame, le pont Gustave-Flaubert, les quais et la place de la Pucelle, offrant une immersion dans le patrimoine architectural de la ville. Pour une ambiance plus verte et bucolique, la boucle Bois Bagn\u00e8res \u2013 Basilique de Bonsecours \u2013 Mont Gargan permet d\u2019\u00e9voluer le long de la rivi\u00e8re Robec, \u00e0 travers le parc Saint-Paul, jusqu\u2019\u00e0 la Basilique, pour une \u00e9chapp\u00e9e nature. Ces parcours illustrent la diversit\u00e9 de Rouen, entre sites historiques et espaces naturels, qui s\u00e9duisent autant les comp\u00e9titeurs que les runners du dimanche.<\/p>\n<p>Ce bon classement intervient dans un contexte o\u00f9 la course \u00e0 pied conna\u00eet un regain d\u2019int\u00e9r\u00eat en France, surtout dans les centres urbains qui cherchent \u00e0 conjuguer patrimoine, nature et activit\u00e9 physique. Rouen, avec ses exploits sportifs, ses paysages vari\u00e9s et ses infrastructures de qualit\u00e9, prouve qu\u2019elle peut rivaliser avec d\u2019autres grandes m\u00e9tropoles fran\u00e7aises, tout en offrant un cadre exceptionnel pour pratiquer la course \u00e0 pied.<\/p>\n","protected":false},"excerpt":{"rendered":"Avec un score de 6,85 sur 10, Rouen se positionne en troisi\u00e8me place du classement g\u00e9n\u00e9ral, confirmant son&hellip;\n","protected":false},"author":2,"featured_media":318312,"comment_status":"","ping_status":"","sticky":false,"template":"","format":"standard","meta":{"footnotes":""},"categories":[9587],"tags":[1111,11,1777,674,1011,27,12,5161,25,9590],"class_list":{"0":"post-318311","1":"post","2":"type-post","3":"status-publish","4":"format-standard","5":"has-post-thumbnail","7":"category-rouen","8":"tag-actu","9":"tag-actualites","10":"tag-eu","11":"tag-europe","12":"tag-fr","13":"tag-france","14":"tag-news","15":"tag-normandie","16":"tag-republique-francaise","17":"tag-rouen"},"share_on_mastodon":{"url":"https:\/\/pubeurope.com\/@fr\/115026470046188492","error":""},"_links":{"self":[{"href":"https:\/\/www.europesays.com\/fr\/wp-json\/wp\/v2\/posts\/318311","targetHints":{"allow":["GET"]}}],"collection":[{"href":"https:\/\/www.europesays.com\/fr\/wp-json\/wp\/v2\/posts"}],"about":[{"href":"https:\/\/www.europesays.com\/fr\/wp-json\/wp\/v2\/types\/post"}],"author":[{"embeddable":true,"href":"https:\/\/www.europesays.com\/fr\/wp-json\/wp\/v2\/users\/2"}],"replies":[{"embeddable":true,"href":"https:\/\/www.europesays.com\/fr\/wp-json\/wp\/v2\/comments?post=318311"}],"version-history":[{"count":0,"href":"https:\/\/www.europesays.com\/fr\/wp-json\/wp\/v2\/posts\/318311\/revisions"}],"wp:featuredmedia":[{"embeddable":true,"href":"https:\/\/www.europesays.com\/fr\/wp-json\/wp\/v2\/media\/318312"}],"wp:attachment":[{"href":"https:\/\/www.europesays.com\/fr\/wp-json\/wp\/v2\/media?parent=318311"}],"wp:term":[{"taxonomy":"category","embeddable":true,"href":"https:\/\/www.europesays.com\/fr\/wp-json\/wp\/v2\/categories?post=318311"},{"taxonomy":"post_tag","embeddable":true,"href":"https:\/\/www.europesays.com\/fr\/wp-json\/wp\/v2\/tags?post=318311"}],"curies":[{"name":"wp","href":"https:\/\/api.w.org\/{rel}","templated":true}]}}