{"id":318313,"date":"2025-08-14T09:44:34","date_gmt":"2025-08-14T09:44:34","guid":{"rendered":"https:\/\/www.europesays.com\/fr\/318313\/"},"modified":"2025-08-14T09:44:34","modified_gmt":"2025-08-14T09:44:34","slug":"decouverte-des-vignes-rouennaises-dates-horaires-parcours","status":"publish","type":"post","link":"https:\/\/www.europesays.com\/fr\/318313\/","title":{"rendered":"D\u00e9couverte des vignes rouennaises : dates, horaires, parcours"},"content":{"rendered":"<p class=\"fw-bold font-size-16 my-1\"> Du 27\/08\/2025 au 17\/09\/2025<\/p>\n<p class=\"fw-bold font-size-16 my-1\"> Place Bernard Tissot | <a href=\"https:\/\/www.jds.fr\/rouen\/\" rel=\"nofollow noopener\" target=\"_blank\">Rouen<\/a><\/p>\n<p class=\"fw-bold font-size-16 my-1\"> NC <\/p>\n<p>Une association s\u2019est lanc\u00e9e le pari fou de faire pousser des vignes sur les hauteurs de Rouen. C\u2019est \u00e0 travers une balade guid\u00e9e jusqu\u2019aux plantations avec une vue imprenable sur toute la ville qu\u2019ils vous offriront une d\u00e9gustation de produits locaux.<\/p>\n<p>Accompagn\u00e9s d\u2019un guide, profitez d\u2019une occasion unique d\u2019acc\u00e9der \u00e0 ce vignoble depuis la gare. Tout au long de votre ascension, d\u00e9couvrez l\u2019\u00e9volution de la ville et du quartier du Mont Fortin, en passant par la maison Marrou.<\/p>\n<p>Au terme de cette promenade, qui vous offre une vue imprenable sur Rouen, vous \u00eates accueillis par les vignerons.<\/p>\n<p>Ces passionn\u00e9s vous pr\u00e9sentent l&rsquo;histoire singuli\u00e8re du vin \u00e0 Rouen, leur exp\u00e9rience de la viticulture, et vous offrent une d\u00e9gustation de sp\u00e9cialit\u00e9s locales li\u00e9es \u00e0 la vigne (saucisson au vin rouge, feuilles de vignes farcies, vins, etc.).<\/p>\n<p>Vous redescendrez par vos propres moyens (bus n\u00b011 ou 22 \/ 20 min \u00e0 pied jusqu\u2019\u00e0 la gare).<\/p>\n<ul>\n<li><strong>Attention\u00a0:<\/strong> il n\u2019y a pas de sanitaires sur le lieu de plantation des vignes.<\/li>\n<li>\u00c0 pr\u00e9voir en fonction des conditions m\u00e9t\u00e9orologiques\u00a0: chaussures de randonn\u00e9e, cr\u00e8me solaire, lunettes de soleil avec cordon, k-way, casquette\/chapeau, affaires chaudes pour le retour car la nuit tombe vite.<\/li>\n<li>En cas de mauvaises conditions m\u00e9t\u00e9orologiques, la structure se r\u00e9serve le droit de reporter la sortie sans aucune p\u00e9nalit\u00e9 de retard ou qu\u2019une indemnit\u00e9 ne puisse \u00eatre r\u00e9clam\u00e9e.<\/li>\n<li>Avoir une condition physique permettant la pratique de l\u2019activit\u00e9.<\/li>\n<li>En dessous de 8 inscrits, la visite ne pourra avoir lieu.<\/li>\n<\/ul>\n<p class=\"text-italic font-size-12\">Cet \u00e9v\u00e9nement a \u00e9t\u00e9 renseign\u00e9 par un organisme institutionnel (Office de tourisme Rouen tourisme). Date de derni\u00e8re mise \u00e0 jour le 11\/06\/2025.<\/p>\n<p>            Renseignements<\/p>\n<p><strong class=\"font-size-18\">O\u00f9\u00a0:<\/strong><br \/> Place Bernard Tissot<a class=\"mt-1 d-block ps-4\" href=\"https:\/\/www.jds.fr\/rouen\/\" rel=\"nofollow noopener\" target=\"_blank\"> 76000 Rouen<\/a><\/p>\n<p>Dates et horaires\u00a0: <\/p>\n<ul class=\"liste-dates \" id=\"liste-dates-689d118c493c4\">\n<li>Mercredi 27 Ao\u00fbt 2025 de 16h30 \u00e0 18h30<\/li>\n<li>Samedi 6 Septembre 2025 de 10h30 \u00e0 12h30<\/li>\n<li>Mercredi 17 Septembre 2025 de 16h30 \u00e0 18h30<\/li>\n<\/ul>\n<p>Tarifs\u00a0:  <\/p>\n<p>Dans la m\u00eame rubrique<\/p>\n<ul class=\"mt-3 list-unstyled list-articles-v2\">\n<li class=\"col-12 pt-4\" data-view-id-type=\"1\" data-view-id=\"992778\" data-view-bc=\"0\"><a class=\"image\" href=\"https:\/\/www.jds.fr\/rouen\/sports\/balades\/randonnee-decouverte-des-jardins-du-domaine-de-bracquetuit-992778_A\" rel=\"nofollow noopener\" target=\"_blank\"><img decoding=\"async\" loading=\"lazy\" src=\"https:\/\/www.europesays.com\/fr\/wp-content\/uploads\/2025\/07\/marches-populaires-16559-180-180.webp.webp\" width=\"180\" height=\"180\" alt=\"Randonn\u00e9e d\u00e9couverte des Jardins du Domaine de Bracquetuit\" class=\"border\"\/><\/a><\/li>\n<li class=\"col-12 pt-4\" data-view-id-type=\"1\" data-view-id=\"1006368\" data-view-bc=\"0\"><a class=\"image\" href=\"https:\/\/www.jds.fr\/rouen\/sports\/balades\/balade-sous-les-etoiles-les-animaux-la-nuit-legendes-et-mythologie-1006368_A\" rel=\"nofollow noopener\" target=\"_blank\"><img decoding=\"async\" loading=\"lazy\" src=\"https:\/\/www.europesays.com\/fr\/wp-content\/uploads\/2025\/07\/marches-populaires-16559-180-180.webp.webp\" width=\"180\" height=\"180\" alt=\"Balade sous les \u00e9toiles : les animaux la nuit, l\u00e9gendes et mythologie\" class=\"border\"\/><\/a><\/li>\n<li class=\"li_gp_div\">\n<\/li>\n<li class=\"col-12 pt-4\" data-view-id-type=\"1\" data-view-id=\"915496\" data-view-bc=\"0\"><a class=\"d-block titre text-black mb-1 mb-md-2\" href=\"https:\/\/www.jds.fr\/rouen\/sports\/balades\/la-foret-monumentale-2-915496_A\" rel=\"nofollow noopener\" target=\"_blank\">La For\u00eat Monumentale #2<\/a>Jusqu&rsquo;au 30\/09\/2026 CanteleuLa seconde \u00e9dition de cette biennale d\u2019art aura lieu dans la for\u00eat domaniale de Roumare, \u00e0 Canteleu, \u00e0 proximit\u00e9 de Rouen. Ce parcours unique de plusieurs kilom\u00e8tres vous [\u2026]<a class=\"image\" href=\"https:\/\/www.jds.fr\/rouen\/sports\/balades\/la-foret-monumentale-2-915496_A\" rel=\"nofollow noopener\" target=\"_blank\"><img decoding=\"async\" loading=\"lazy\" src=\"https:\/\/www.europesays.com\/fr\/wp-content\/uploads\/2025\/07\/marches-populaires-16559-180-180.webp.webp\" width=\"180\" height=\"180\" alt=\"La For\u00eat Monumentale #2\" class=\"border\"\/><\/a><\/li>\n<li class=\"col-12 pt-4\" data-view-id-type=\"1\" data-view-id=\"937284\" data-view-bc=\"0\"><a class=\"image\" href=\"https:\/\/www.jds.fr\/rouen\/sports\/balades\/experience-cheval-debutants-ecurie-de-la-foret-de-lyons-937284_A\" rel=\"nofollow noopener\" target=\"_blank\"><img decoding=\"async\" loading=\"lazy\" src=\"https:\/\/www.europesays.com\/fr\/wp-content\/uploads\/2025\/07\/marches-populaires-16559-180-180.webp.webp\" width=\"180\" height=\"180\" alt=\"Exp\u00e9rience Cheval D\u00e9butants - \u00c9curie de la For\u00eat de Lyons\" class=\"border\"\/><\/a><\/li>\n<li class=\"col-12 pt-4\" data-view-id-type=\"1\" data-view-id=\"876398\" data-view-bc=\"0\"><a class=\"d-block titre text-black mb-1 mb-md-2\" href=\"https:\/\/www.jds.fr\/rouen\/sports\/balades\/randonnee-libre-a-la-rencontre-de-flaubert-876398_A\" rel=\"nofollow noopener\" target=\"_blank\">Randonn\u00e9e libre \u00ab\u00a0A la rencontre de Flaubert\u00a0\u00bb<\/a>Le 15\/08\/2025 Vassonville<br \/>\nPlongez-vous dans le roman Madame Bovary sur les traces de Gustave Flaubert, qui planta entre T\u00f4tes et Auffay le d\u00e9cor de la premi\u00e8re partie de son c\u00e9l\u00e8bre roman.<br \/>\nRandonnez [\u2026]<a class=\"image\" href=\"https:\/\/www.jds.fr\/rouen\/sports\/balades\/randonnee-libre-a-la-rencontre-de-flaubert-876398_A\" rel=\"nofollow noopener\" target=\"_blank\"><img decoding=\"async\" loading=\"lazy\" src=\"https:\/\/www.europesays.com\/fr\/wp-content\/uploads\/2025\/07\/marches-populaires-16559-180-180.webp.webp\" width=\"180\" height=\"180\" alt=\"Randonn\u00e9e libre A la rencontre de Flaubert\" class=\"border\"\/><\/a><\/li>\n<li class=\"li_gp_div li_gp_div_infeed\"\/>\n<li class=\"col-12 pt-4\" data-view-id-type=\"1\" data-view-id=\"876376\" data-view-bc=\"0\"><a class=\"d-block titre text-black mb-1 mb-md-2\" href=\"https:\/\/www.jds.fr\/rouen\/sports\/balades\/rando-azimut-and-caux-876376_A\" rel=\"nofollow noopener\" target=\"_blank\">Rando Azimut and Caux<\/a>Le 16\/08\/2025 Val-de-ScieAu cours de cette balade, tracez et suivez votre itin\u00e9raire selon les azimuts donn\u00e9s sur le livret. Cette promenade vous emm\u00e8nera pendant 2 heures 30 sur un parcours de 8 [\u2026]<a class=\"image\" href=\"https:\/\/www.jds.fr\/rouen\/sports\/balades\/rando-azimut-and-caux-876376_A\" rel=\"nofollow noopener\" target=\"_blank\"><img decoding=\"async\" loading=\"lazy\" src=\"https:\/\/www.europesays.com\/fr\/wp-content\/uploads\/2025\/07\/marches-populaires-16559-180-180.webp.webp\" width=\"180\" height=\"180\" alt=\"Rando Azimut and Caux\" class=\"border\"\/><\/a><\/li>\n<li class=\"col-12 pt-4\" data-view-id-type=\"1\" data-view-id=\"876460\" data-view-bc=\"0\"><a class=\"d-block titre text-black mb-1 mb-md-2\" href=\"https:\/\/www.jds.fr\/rouen\/sports\/balades\/rando-azimut-and-caux-876460_A\" rel=\"nofollow noopener\" target=\"_blank\">Rando Azimut and Caux<\/a>Le 20\/08\/2025 Val-de-ScieAu cours de cette balade, tracez et suivez votre itin\u00e9raire selon les azimuts donn\u00e9s sur le livret. Cette promenade vous emm\u00e8nera pendant 2 heures 30 sur un parcours de 8 [\u2026]<a class=\"image\" href=\"https:\/\/www.jds.fr\/rouen\/sports\/balades\/rando-azimut-and-caux-876460_A\" rel=\"nofollow noopener\" target=\"_blank\"><img decoding=\"async\" loading=\"lazy\" src=\"https:\/\/www.europesays.com\/fr\/wp-content\/uploads\/2025\/07\/marches-populaires-16559-180-180.webp.webp\" width=\"180\" height=\"180\" alt=\"Rando Azimut and Caux\" class=\"border\"\/><\/a><\/li>\n<li class=\"col-12 pt-4\" data-view-id-type=\"1\" data-view-id=\"915334\" data-view-bc=\"0\"><a class=\"d-block titre text-black mb-1 mb-md-2\" href=\"https:\/\/www.jds.fr\/rouen\/sports\/balades\/randonnee-commentee-a-mauquenchy-915334_A\" rel=\"nofollow noopener\" target=\"_blank\">Randonn\u00e9e comment\u00e9e \u00e0 Mauquenchy<\/a>Le 20\/08\/2025 Mauquenchy<br \/>\nAutour de l\u2019Hippodrome, boucle de 9 km.<\/p>\n<p>    \u00c9quipement indispensable<br \/>\n    Public averti<br \/>\n    R\u00e9servations obligatoires au plus tard la veille avant 17h au 02 35 90 52 10.<br \/>\n    [\u2026]<a class=\"image\" href=\"https:\/\/www.jds.fr\/rouen\/sports\/balades\/randonnee-commentee-a-mauquenchy-915334_A\" rel=\"nofollow noopener\" target=\"_blank\"><img decoding=\"async\" loading=\"lazy\" src=\"https:\/\/www.europesays.com\/fr\/wp-content\/uploads\/2025\/07\/marches-populaires-16559-180-180.webp.webp\" width=\"180\" height=\"180\" alt=\"Randonn\u00e9e comment\u00e9e \u00e0 Mauquenchy\" class=\"border\"\/><\/a><\/li>\n<li class=\"col-12 pt-4\" data-view-id-type=\"1\" data-view-id=\"887400\" data-view-bc=\"0\"><a class=\"d-block titre text-black mb-1 mb-md-2\" href=\"https:\/\/www.jds.fr\/rouen\/sports\/balades\/randonnee-commentee-a-sigy-en-bray-887400_A\" rel=\"nofollow noopener\" target=\"_blank\">Randonn\u00e9e comment\u00e9e \u00e0 Sigy-en-bray<\/a>Le 21\/08\/2025 Sigy-en-Bray<br \/>\nRandonn\u00e9e \u00e0 Sigy en Bray, d\u00e9couverte de son \u00e9glise abbatiale et de l\u2019histoire du village.<\/p>\n<p>    6 kms<br \/>\n    R\u00e9servations obligatoires au plus tard la veille avant 17h au 02 35 [\u2026]<a class=\"image\" href=\"https:\/\/www.jds.fr\/rouen\/sports\/balades\/randonnee-commentee-a-sigy-en-bray-887400_A\" rel=\"nofollow noopener\" target=\"_blank\"><img decoding=\"async\" loading=\"lazy\" src=\"https:\/\/www.europesays.com\/fr\/wp-content\/uploads\/2025\/07\/marches-populaires-16559-180-180.webp.webp\" width=\"180\" height=\"180\" alt=\"Randonn\u00e9e comment\u00e9e \u00e0 Sigy-en-bray\" class=\"border\"\/><\/a><\/li>\n<li class=\"li_gp_div li_gp_div_infeed\"\/>\n<li class=\"col-12 pt-4\" data-view-id-type=\"1\" data-view-id=\"973132\" data-view-bc=\"0\"><a class=\"d-block titre text-black mb-1 mb-md-2\" href=\"https:\/\/www.jds.fr\/rouen\/sports\/balades\/randonnee-accompagnee-973132_A\" rel=\"nofollow noopener\" target=\"_blank\">Randonn\u00e9e accompagn\u00e9e<\/a>Le 21\/08\/2025 Sainte-Genevi\u00e8veAnimation dans le cadre du programme\u00a0\u00ab\u00a0Balades et Visites en Bray-Eawy\u00a0\u00bb.\n<p>Au d\u00e9part de l\u2019\u00e9glise de Sainte-Genevi\u00e8ve-en-Bray, la boucle de randonn\u00e9e\u00a0\u00ab Le [\u2026]<a class=\"image\" href=\"https:\/\/www.jds.fr\/rouen\/sports\/balades\/randonnee-accompagnee-973132_A\" rel=\"nofollow noopener\" target=\"_blank\"><img decoding=\"async\" loading=\"lazy\" src=\"https:\/\/www.europesays.com\/fr\/wp-content\/uploads\/2025\/07\/marches-populaires-16559-180-180.webp.webp\" width=\"180\" height=\"180\" alt=\"Randonn\u00e9e accompagn\u00e9e\" class=\"border\"\/><\/a><\/li>\n<li class=\"col-12 pt-4\" data-view-id-type=\"1\" data-view-id=\"876474\" data-view-bc=\"0\"><a class=\"d-block titre text-black mb-1 mb-md-2\" href=\"https:\/\/www.jds.fr\/rouen\/sports\/balades\/randonnee-libre-a-la-rencontre-de-flaubert-876474_A\" rel=\"nofollow noopener\" target=\"_blank\">Randonn\u00e9e libre \u00ab\u00a0A la rencontre de Flaubert\u00a0\u00bb<\/a>Le 22\/08\/2025 VassonvillePlongez-vous dans le roman Madame Bovary et sur les traces de Gustave Flaubert, qui planta entre T\u00f4tes et Auffay le d\u00e9cor de la premi\u00e8re partie de son c\u00e9l\u00e8bre [\u2026]<a class=\"image\" href=\"https:\/\/www.jds.fr\/rouen\/sports\/balades\/randonnee-libre-a-la-rencontre-de-flaubert-876474_A\" rel=\"nofollow noopener\" target=\"_blank\"><img decoding=\"async\" loading=\"lazy\" src=\"https:\/\/www.europesays.com\/fr\/wp-content\/uploads\/2025\/07\/marches-populaires-16559-180-180.webp.webp\" width=\"180\" height=\"180\" alt=\"Randonn\u00e9e libre A la rencontre de Flaubert\" class=\"border\"\/><\/a><\/li>\n<li class=\"col-12 pt-4\" data-view-id-type=\"1\" data-view-id=\"1004082\" data-view-bc=\"0\"><a class=\"d-block titre text-black mb-1 mb-md-2\" href=\"https:\/\/www.jds.fr\/rouen\/sports\/balades\/randonnee-nocturne-1004082_A\" rel=\"nofollow noopener\" target=\"_blank\">Randonn\u00e9e nocturne<\/a>Le 22\/08\/2025 Croix-Mare<br \/>\n\u00c9coutez le chant des chouettes, suivez les ultrasons des chauves-souris et observez les \u00e9toiles\u2026 plongez au c\u0153ur de la vie nocturne des animaux, dans un univers o\u00f9 vos [\u2026]<a class=\"image\" href=\"https:\/\/www.jds.fr\/rouen\/sports\/balades\/randonnee-nocturne-1004082_A\" rel=\"nofollow noopener\" target=\"_blank\"><img decoding=\"async\" loading=\"lazy\" src=\"https:\/\/www.europesays.com\/fr\/wp-content\/uploads\/2025\/07\/marches-populaires-16559-180-180.webp.webp\" width=\"180\" height=\"180\" alt=\"Randonn\u00e9e nocturne\" class=\"border\"\/><\/a><\/li>\n<li class=\"col-12 pt-4\" data-view-id-type=\"1\" data-view-id=\"876405\" data-view-bc=\"0\"><a class=\"d-block titre text-black mb-1 mb-md-2\" href=\"https:\/\/www.jds.fr\/rouen\/sports\/balades\/rando-azimut-and-caux-876405_A\" rel=\"nofollow noopener\" target=\"_blank\">Rando Azimut and Caux<\/a>Le 23\/08\/2025 Val-de-ScieAu cours de cette balade, tracez et suivez votre itin\u00e9raire selon les azimuts donn\u00e9s sur le livret. Cette promenade vous emm\u00e8nera pendant 2 heures 30 sur un parcours de 8 [\u2026]<a class=\"image\" href=\"https:\/\/www.jds.fr\/rouen\/sports\/balades\/rando-azimut-and-caux-876405_A\" rel=\"nofollow noopener\" target=\"_blank\"><img decoding=\"async\" loading=\"lazy\" src=\"https:\/\/www.europesays.com\/fr\/wp-content\/uploads\/2025\/07\/marches-populaires-16559-180-180.webp.webp\" width=\"180\" height=\"180\" alt=\"Rando Azimut and Caux\" class=\"border\"\/><\/a><\/li>\n<li class=\"li_gp_div li_gp_div_infeed\"\/>\n<li class=\"col-12 pt-4\" data-view-id-type=\"1\" data-view-id=\"915103\" data-view-bc=\"0\"><a class=\"d-block titre text-black mb-1 mb-md-2\" href=\"https:\/\/www.jds.fr\/rouen\/sports\/balades\/rando-azimut-and-caux-915103_A\" rel=\"nofollow noopener\" target=\"_blank\">Rando Azimut and Caux<\/a>Le 27\/08\/2025 Val-de-ScieAu cours de cette balade, tracez et suivez votre itin\u00e9raire selon les azimuts donn\u00e9s sur le livret. Cette promenade vous emm\u00e8nera pendant 2 heures 30 sur un parcours de 8 [\u2026]<a class=\"image\" href=\"https:\/\/www.jds.fr\/rouen\/sports\/balades\/rando-azimut-and-caux-915103_A\" rel=\"nofollow noopener\" target=\"_blank\"><img decoding=\"async\" loading=\"lazy\" src=\"https:\/\/www.europesays.com\/fr\/wp-content\/uploads\/2025\/07\/marches-populaires-16559-180-180.webp.webp\" width=\"180\" height=\"180\" alt=\"Rando Azimut and Caux\" class=\"border\"\/><\/a><\/li>\n<li class=\"col-12 pt-4\" data-view-id-type=\"1\" data-view-id=\"1001326\" data-view-bc=\"0\"><a class=\"d-block titre text-black mb-1 mb-md-2\" href=\"https:\/\/www.jds.fr\/rouen\/sports\/balades\/randonnee-decouverte-des-ecuries-des-grandes-plaines-1001326_A\" rel=\"nofollow noopener\" target=\"_blank\">Randonn\u00e9e d\u00e9couverte des Ecuries des Grandes Plaines<\/a>Le 28\/08\/2025 Biville-la-Baignarde<br \/>\nNous vous proposons de partir \u00e0 la d\u00e9couverte des \u00e9curies des Grandes Plaines \u00e0 l&rsquo;occasion d&rsquo;une randonn\u00e9e de 6 km. Entre d\u00e9couverte des chevaux, des diff\u00e9rents animaux et [\u2026]<a class=\"image\" href=\"https:\/\/www.jds.fr\/rouen\/sports\/balades\/randonnee-decouverte-des-ecuries-des-grandes-plaines-1001326_A\" rel=\"nofollow noopener\" target=\"_blank\"><img decoding=\"async\" loading=\"lazy\" src=\"https:\/\/www.europesays.com\/fr\/wp-content\/uploads\/2025\/07\/marches-populaires-16559-180-180.webp.webp\" width=\"180\" height=\"180\" alt=\"Randonn\u00e9e d\u00e9couverte des Ecuries des Grandes Plaines\" class=\"border\"\/><\/a><\/li>\n<li class=\"col-12 pt-4\" data-view-id-type=\"1\" data-view-id=\"876480\" data-view-bc=\"0\"><a class=\"d-block titre text-black mb-1 mb-md-2\" href=\"https:\/\/www.jds.fr\/rouen\/sports\/balades\/randonnee-libre-a-la-rencontre-de-flaubert-876480_A\" rel=\"nofollow noopener\" target=\"_blank\">Randonn\u00e9e libre \u00ab\u00a0A la rencontre de Flaubert\u00a0\u00bb<\/a>Le 29\/08\/2025 VassonvillePlongez-vous dans le roman Madame Bovary et sur les traces de Gustave Flaubert, qui planta entre T\u00f4tes et Auffay le d\u00e9cor de la premi\u00e8re partie de son c\u00e9l\u00e8bre [\u2026]<a class=\"image\" href=\"https:\/\/www.jds.fr\/rouen\/sports\/balades\/randonnee-libre-a-la-rencontre-de-flaubert-876480_A\" rel=\"nofollow noopener\" target=\"_blank\"><img decoding=\"async\" loading=\"lazy\" src=\"https:\/\/www.europesays.com\/fr\/wp-content\/uploads\/2025\/07\/marches-populaires-16559-180-180.webp.webp\" width=\"180\" height=\"180\" alt=\"Randonn\u00e9e libre A la rencontre de Flaubert\" class=\"border\"\/><\/a><\/li>\n<li class=\"col-12 pt-4\" data-view-id-type=\"1\" data-view-id=\"915278\" data-view-bc=\"0\"><a class=\"d-block titre text-black mb-1 mb-md-2\" href=\"https:\/\/www.jds.fr\/rouen\/sports\/balades\/rando-azimut-and-caux-915278_A\" rel=\"nofollow noopener\" target=\"_blank\">Rando Azimut and Caux<\/a>Le 30\/08\/2025 Val-de-ScieAu cours de cette balade, tracez et suivez votre itin\u00e9raire selon les azimuts donn\u00e9s sur le livret. Cette promenade vous emm\u00e8nera pendant 2 heures 30 sur un parcours de 8 [\u2026]<a class=\"image\" href=\"https:\/\/www.jds.fr\/rouen\/sports\/balades\/rando-azimut-and-caux-915278_A\" rel=\"nofollow noopener\" target=\"_blank\"><img decoding=\"async\" loading=\"lazy\" src=\"https:\/\/www.europesays.com\/fr\/wp-content\/uploads\/2025\/07\/marches-populaires-16559-180-180.webp.webp\" width=\"180\" height=\"180\" alt=\"Rando Azimut and Caux\" class=\"border\"\/><\/a><\/li>\n<li class=\"li_gp_div li_gp_div_infeed\"\/>\n<li class=\"col-12 pt-4\" data-view-id-type=\"1\" data-view-id=\"1116197\" data-view-bc=\"0\"><a class=\"image\" href=\"https:\/\/www.jds.fr\/rouen\/sports\/balades\/zigzag-festival-d-architecture-et-des-arts-de-l-espace-1116197_A\" rel=\"nofollow noopener\" target=\"_blank\"><img decoding=\"async\" loading=\"lazy\" src=\"https:\/\/www.europesays.com\/fr\/wp-content\/uploads\/2025\/07\/marches-populaires-16559-180-180.webp.webp\" width=\"180\" height=\"180\" alt=\"Zigzag \u2013 Festival d\u2019architecture et des arts de l\u2019espace\" class=\"border\"\/><\/a><\/li>\n<\/ul>\n<p class=\"font-size-30 fw-bold lh-1 mt-0 mb-4\">Je trouve les meilleures sorties dans ma ville<\/p>\n<p class=\"mt-0 mb-3 h2\">Newsletter JDS Rouen<\/p>\n<p class=\"font-size-18 fw-normal lh-sm\">Pr\u00eat pour un week-end de folie\u00a0? Chaque jeudi tous les bons plans sorties<\/p>\n","protected":false},"excerpt":{"rendered":"Du 27\/08\/2025 au 17\/09\/2025 Place Bernard Tissot | Rouen NC Une association s\u2019est lanc\u00e9e le pari fou de&hellip;\n","protected":false},"author":2,"featured_media":40537,"comment_status":"","ping_status":"","sticky":false,"template":"","format":"standard","meta":{"footnotes":""},"categories":[9587],"tags":[1111,11,1777,674,1011,27,12,5161,25,9590],"class_list":{"0":"post-318313","1":"post","2":"type-post","3":"status-publish","4":"format-standard","5":"has-post-thumbnail","7":"category-rouen","8":"tag-actu","9":"tag-actualites","10":"tag-eu","11":"tag-europe","12":"tag-fr","13":"tag-france","14":"tag-news","15":"tag-normandie","16":"tag-republique-francaise","17":"tag-rouen"},"share_on_mastodon":{"url":"https:\/\/pubeurope.com\/@fr\/115026478532847609","error":""},"_links":{"self":[{"href":"https:\/\/www.europesays.com\/fr\/wp-json\/wp\/v2\/posts\/318313","targetHints":{"allow":["GET"]}}],"collection":[{"href":"https:\/\/www.europesays.com\/fr\/wp-json\/wp\/v2\/posts"}],"about":[{"href":"https:\/\/www.europesays.com\/fr\/wp-json\/wp\/v2\/types\/post"}],"author":[{"embeddable":true,"href":"https:\/\/www.europesays.com\/fr\/wp-json\/wp\/v2\/users\/2"}],"replies":[{"embeddable":true,"href":"https:\/\/www.europesays.com\/fr\/wp-json\/wp\/v2\/comments?post=318313"}],"version-history":[{"count":0,"href":"https:\/\/www.europesays.com\/fr\/wp-json\/wp\/v2\/posts\/318313\/revisions"}],"wp:featuredmedia":[{"embeddable":true,"href":"https:\/\/www.europesays.com\/fr\/wp-json\/wp\/v2\/media\/40537"}],"wp:attachment":[{"href":"https:\/\/www.europesays.com\/fr\/wp-json\/wp\/v2\/media?parent=318313"}],"wp:term":[{"taxonomy":"category","embeddable":true,"href":"https:\/\/www.europesays.com\/fr\/wp-json\/wp\/v2\/categories?post=318313"},{"taxonomy":"post_tag","embeddable":true,"href":"https:\/\/www.europesays.com\/fr\/wp-json\/wp\/v2\/tags?post=318313"}],"curies":[{"name":"wp","href":"https:\/\/api.w.org\/{rel}","templated":true}]}}