{"id":318314,"date":"2025-08-14T09:45:13","date_gmt":"2025-08-14T09:45:13","guid":{"rendered":"https:\/\/www.europesays.com\/fr\/318314\/"},"modified":"2025-08-14T09:45:13","modified_gmt":"2025-08-14T09:45:13","slug":"metropole-de-grenoble-un-homme-interpelle-apres-avoir-allume-un-incendie-sur-la-digue-du-drac","status":"publish","type":"post","link":"https:\/\/www.europesays.com\/fr\/318314\/","title":{"rendered":"M\u00e9tropole de Grenoble. Un homme interpell\u00e9 apr\u00e8s avoir allum\u00e9 un incendie sur la digue du Drac"},"content":{"rendered":"<p>Un homme \u00e2g\u00e9 de 33 ans a \u00e9t\u00e9 interpell\u00e9 par les policiers municipaux de Fontaine mercredi peu avant 19 heures apr\u00e8s avoir allum\u00e9 volontairement un incendie qui s\u2019est propag\u00e9 \u00e0 la v\u00e9g\u00e9tation de la digue du Drac. Ce sont des t\u00e9moins qui ont donn\u00e9 l\u2019alerte apr\u00e8s avoir vu l\u2019individu en train de communiquer le feu \u00e0 des papiers \u00e0 proximit\u00e9 de la voie cyclable, au niveau du pont du Vercors, en rive gauche du Drac.<\/p>\n<p>Ce contenu est bloqu\u00e9 car vous n&rsquo;avez pas accept\u00e9 les cookies et autres traceurs.<\/p>\n<p>En cliquant sur \u00ab J\u2019accepte \u00bb, les cookies et autres traceurs seront d\u00e9pos\u00e9s et vous pourrez visualiser les contenus  (<a href=\"\" class=\"consentModule_policy\" target=\"_blank\" title=\"Consulter la politique de protection des donn\u00e9es du fournisseur\">plus d&rsquo;informations<\/a>).<\/p>\n<p>En cliquant sur \u00ab J\u2019accepte tous les cookies \u00bb, vous autorisez des d\u00e9p\u00f4ts de cookies et autres traceurs pour le stockage de vos donn\u00e9es sur nos sites et applications \u00e0 des fins de personnalisation et de ciblage publicitaire.<\/p>\n<p class=\"consentModule_secondaryText\">Vous gardez la possibilit\u00e9 de retirer votre consentement \u00e0 tout moment en consultant notre <a href=\"https:\/\/www.ledauphine.com\/protection-des-donnees\" target=\"_blank\" title=\"Consulter notre politique de protection des donn\u00e9es\" rel=\"noopener\">politique de protection des donn\u00e9es<\/a>. <br \/>&#13;<br \/>\n            <a href=\"https:\/\/www.ledauphine.com\/faits-divers-justice\/2025\/08\/14\/javascript:Didomi.notice.show()\" class=\"consentModule_cmp\" target=\"_blank\" rel=\"noopener\">G\u00e9rer mes choix<\/a>&#13;\n        <\/p>\n<p>&#13;<br \/>\n                        J&rsquo;accepte&#13;<br \/>\n            J&rsquo;accepte tous les cookies&#13;\n        <\/p>\n<p>Les sapeurs-pompiers ont \u00e9teint le sinistre qui a concern\u00e9 une cinquantaine de m\u00e8tres carr\u00e9s de broussailles, les flammes s\u2019\u00e9tant \u00e9videmment propag\u00e9es rapidement dans les conditions m\u00e9t\u00e9orologiques extr\u00eames que nous connaissons actuellement.<\/p>\n<p>Une patrouille de policiers municipaux a interpell\u00e9 le suspect, un homme tr\u00e8s connu de la justice, qui a \u00e9t\u00e9 pris en charge par la police nationale et plac\u00e9 en garde \u00e0 vue au commissariat de Grenoble.<\/p>\n","protected":false},"excerpt":{"rendered":"Un homme \u00e2g\u00e9 de 33 ans a \u00e9t\u00e9 interpell\u00e9 par les policiers municipaux de Fontaine mercredi peu avant&hellip;\n","protected":false},"author":2,"featured_media":318315,"comment_status":"","ping_status":"","sticky":false,"template":"","format":"standard","meta":{"footnotes":""},"categories":[9566],"tags":[1111,11,2430,271,272,112,1777,674,274,107,9592,11680,1011,27,2731,1310,108,12,25],"class_list":{"0":"post-318314","1":"post","2":"type-post","3":"status-publish","4":"format-standard","5":"has-post-thumbnail","7":"category-grenoble","8":"tag-actu","9":"tag-actualites","10":"tag-auvergne-rhone-alpes","11":"tag-crime","12":"tag-delit-et-contravention","13":"tag-edition-grenoble-agglomeration","14":"tag-eu","15":"tag-europe","16":"tag-faits-divers-justice","17":"tag-fil-info","18":"tag-fontaine","19":"tag-fontaine-bassin","20":"tag-fr","21":"tag-france","22":"tag-grenoble","23":"tag-incendie","24":"tag-isere","25":"tag-news","26":"tag-republique-francaise"},"share_on_mastodon":{"url":"https:\/\/pubeurope.com\/@fr\/115026481929883650","error":""},"_links":{"self":[{"href":"https:\/\/www.europesays.com\/fr\/wp-json\/wp\/v2\/posts\/318314","targetHints":{"allow":["GET"]}}],"collection":[{"href":"https:\/\/www.europesays.com\/fr\/wp-json\/wp\/v2\/posts"}],"about":[{"href":"https:\/\/www.europesays.com\/fr\/wp-json\/wp\/v2\/types\/post"}],"author":[{"embeddable":true,"href":"https:\/\/www.europesays.com\/fr\/wp-json\/wp\/v2\/users\/2"}],"replies":[{"embeddable":true,"href":"https:\/\/www.europesays.com\/fr\/wp-json\/wp\/v2\/comments?post=318314"}],"version-history":[{"count":0,"href":"https:\/\/www.europesays.com\/fr\/wp-json\/wp\/v2\/posts\/318314\/revisions"}],"wp:featuredmedia":[{"embeddable":true,"href":"https:\/\/www.europesays.com\/fr\/wp-json\/wp\/v2\/media\/318315"}],"wp:attachment":[{"href":"https:\/\/www.europesays.com\/fr\/wp-json\/wp\/v2\/media?parent=318314"}],"wp:term":[{"taxonomy":"category","embeddable":true,"href":"https:\/\/www.europesays.com\/fr\/wp-json\/wp\/v2\/categories?post=318314"},{"taxonomy":"post_tag","embeddable":true,"href":"https:\/\/www.europesays.com\/fr\/wp-json\/wp\/v2\/tags?post=318314"}],"curies":[{"name":"wp","href":"https:\/\/api.w.org\/{rel}","templated":true}]}}