{"id":318316,"date":"2025-08-14T09:46:18","date_gmt":"2025-08-14T09:46:18","guid":{"rendered":"https:\/\/www.europesays.com\/fr\/318316\/"},"modified":"2025-08-14T09:46:18","modified_gmt":"2025-08-14T09:46:18","slug":"la-justice-suspend-la-sanction-dun-policier-municipal-de-grenoble","status":"publish","type":"post","link":"https:\/\/www.europesays.com\/fr\/318316\/","title":{"rendered":"La justice suspend la sanction d&rsquo;un policier municipal de Grenoble"},"content":{"rendered":"<p>Si l\u2019af\u00adfaire remon\u00adtait au mois de novembre 2024 c\u2019est en juillet 2025 qu\u2019elle a \u00e9t\u00e9 <a href=\"https:\/\/www.placegrenet.fr\/2025\/07\/20\/grenoble-deux-policiers-municipaux-tres-lourdement-sanctionnes-pour-avoir-poursuivi-un-vehicule-en-dehors-de-leur-zone-de-competence\/656443\" target=\"_blank\" rel=\"noopener nofollow\">ren\u00addue publique<\/a> par le site pro-Carignon <a href=\"https:\/\/grenoble-le-changement.fr\/2025\/07\/05\/deux-policiers-municipaux-lourdement-sanctionnes-pour-avoir-fait-leur-travail\/\" target=\"_blank\" rel=\"noopener nofollow\">Grenoble le chan\u00adge\u00adment<\/a>\u00a0: deux poli\u00adciers muni\u00adci\u00adpaux de Grenoble ont \u00e9t\u00e9 lour\u00adde\u00adment sanc\u00adtion\u00adn\u00e9s apr\u00e8s s\u2019\u00eatre livr\u00e9s \u00e0 une course-pour\u00adsuite \u00e0 l\u2019en\u00adcontre d\u2019un chauf\u00adfard, en-dehors du ter\u00adri\u00adtoire gre\u00adno\u00adblois. Mais le tri\u00adbu\u00adnal admi\u00adnis\u00adtra\u00adtif de Grenoble a sus\u00adpendu la sanc\u00adtion pour l\u2019un des deux agents, dans une d\u00e9ci\u00adsion ren\u00addue le 7\u00a0ao\u00fbt.<\/p>\n<p>Le 5 juillet 2025, un conseil de dis\u00adci\u00adpline com\u00adpos\u00e9 d\u2019\u00e9\u00adlus, d\u2019un magis\u00adtrat et de repr\u00e9\u00adsen\u00adtants du per\u00adson\u00adnel avaient en effet d\u00e9cid\u00e9 une sus\u00adpen\u00adsion de 24 mois pour l\u2019un des poli\u00adciers et de six mois pour l\u2019autre. Le tout sans ver\u00adse\u00adment de salaire. Pierre M\u00e9riaux, adjoint au Personnel de la Ville de Grenoble, assu\u00admait la sen\u00adtence en consi\u00add\u00e9\u00adrant que les faits par\u00adlaient d\u2019eux-m\u00eames\u00a0: les agents avaient enfreints la loi en sui\u00advant le chauf\u00adfard jus\u00adqu\u2019\u00e0 Voreppe, qui plus est gyro\u00adphare et sir\u00e8nes \u00e9teints.<\/p>\n<p><a href=\"https:\/\/www.europesays.com\/fr\/wp-content\/uploads\/2025\/07\/Defere-laicite-burkini-tribunal-administratif-10.jpg\" target=\"_blank\" rel=\"noopener\"><img fetchpriority=\"high\" decoding=\"async\" aria-describedby=\"caption-attachment-569776\" class=\"wp-image-569776 size-full\" src=\"data:image\/svg+xml,%3Csvg%20xmlns=\" http:=\"\" alt=\"Le tribunal administratif de Grenoble a suspendu la sanction frappant l'un des deux policiers municipaux mis en cause. \u00a9 Manuel Pavard - Place Gre'net\" width=\"1000\" height=\"750\" data-lazy- data-lazy- data-lazy-src=\"https:\/\/www.europesays.com\/fr\/wp-content\/uploads\/2025\/07\/Defere-laicite-burkini-tribunal-administratif-10.jpg\"\/><\/a><\/p>\n<p id=\"caption-attachment-569776\" class=\"wp-caption-text\">Le tri\u00adbu\u00adnal admi\u00adnis\u00adtra\u00adtif de Grenoble a sus\u00adpendu la sanc\u00adtion frap\u00adpant l\u2019un des deux poli\u00adciers muni\u00adci\u00adpaux mis en cause. \u00a9 Manuel Pavard \u2013 Place Gre\u2019net<\/p>\n<p>Le poli\u00adcier ayant \u00e9cop\u00e9 de six mois d\u2019ex\u00adclu\u00adsion a contest\u00e9 la d\u00e9ci\u00adsion dans le cadre d\u2019une pro\u00adc\u00e9\u00addure en urgence, au nom de \u00ab\u00a0la pr\u00e9\u00adca\u00adrit\u00e9 finan\u00adci\u00e8re dans laquelle [\u2026] la sanc\u00adtion pour\u00adrait pla\u00adcer sa famille\u00a0\u00bb, alors que celle-ci devait prendre effet le 20 ao\u00fbt. L\u2019agent a notam\u00adment d\u00e9nonc\u00e9 \u00ab\u00a0la m\u00e9con\u00adnais\u00adsance des droits de la d\u00e9fense, [\u2026] la par\u00adtia\u00adlit\u00e9 dans la com\u00adpo\u00adsi\u00adtion du conseil de dis\u00adci\u00adpline [et] la dis\u00adpro\u00adpor\u00adtion entre les faits repro\u00adch\u00e9s et la sanc\u00adtion pro\u00adnon\u00adc\u00e9e\u00a0\u00bb.<\/p>\n<p>La r\u00e9ponse judi\u00adciaire\u00a0? Le tri\u00adbu\u00adnal admi\u00adnis\u00adtra\u00adtif donne rai\u00adson, dans son juge\u00adment, au poli\u00adcier muni\u00adci\u00adpal. \u00c0 ses yeux, la sanc\u00adtion prise \u00e0 son encontre par la Ville de Grenoble \u00ab\u00a0para\u00eet, en l\u2019\u00e9tat de l\u2019instruction, de nature \u00e0 faire na\u00eetre un doute s\u00e9rieux quant \u00e0 la l\u00e9ga\u00adlit\u00e9 de cette d\u00e9ci\u00adsion\u00a0\u00bb. Conclusion\u00a0: le tri\u00adbu\u00adnal intime \u00e0 la muni\u00adci\u00adpa\u00adlit\u00e9 de \u201csus\u00adpendre la sus\u00adpen\u00adsion\u201d et la condamne de sur\u00adcro\u00eet \u00e0 ver\u00adser 1 000\u00a0euros \u00e0 l\u2019agent en ques\u00adtion. L\u2019affaire doit dor\u00e9\u00adna\u00advant \u00eatre jug\u00e9e sur le\u00a0fond.<\/p>\n<p>Le groupe d\u2019op\u00adpo\u00adsi\u00adtion Soci\u00e9t\u00e9 civile men\u00e9 par Alain Carignon n\u2019a pas man\u00adqu\u00e9 de saluer cette d\u00e9ci\u00adsion par voie de com\u00admu\u00adni\u00adqu\u00e9. D\u00e9cision qu\u2019il qua\u00adli\u00adfie de \u00ab\u00a0d\u00e9menti cin\u00adglant [apport\u00e9] \u00e0 la muni\u00adci\u00adpa\u00adlit\u00e9 sur la dis\u00adpro\u00adpor\u00adtion de la sanc\u00adtion\u00a0\u00bb. \u00ab\u00a0Nous annu\u00adle\u00adrons cette sanc\u00adtion si les Grenoblois nous font confiance en mars pro\u00adchain\u00a0\u00bb, ajoute le groupe, alors qu\u2019Alain Carignon est <a href=\"https:\/\/www.placegrenet.fr\/2025\/06\/06\/alain-carignon-annonce-officiellement-sa-candidature-pour-les-elections-municipales-de-grenoble-2026-2\/653575\" target=\"_blank\" rel=\"noopener nofollow\">offi\u00adciel\u00adle\u00adment can\u00addi\u00addat<\/a> pour les pro\u00adchaines \u00e9lec\u00adtions muni\u00adci\u00adpales de Grenoble.<\/p>\n","protected":false},"excerpt":{"rendered":"Si l\u2019af\u00adfaire remon\u00adtait au mois de novembre 2024 c\u2019est en juillet 2025 qu\u2019elle a \u00e9t\u00e9 ren\u00addue publique par&hellip;\n","protected":false},"author":2,"featured_media":318317,"comment_status":"","ping_status":"","sticky":false,"template":"","format":"standard","meta":{"footnotes":""},"categories":[9566],"tags":[1111,11,2430,1777,674,1011,27,2731,12,25],"class_list":{"0":"post-318316","1":"post","2":"type-post","3":"status-publish","4":"format-standard","5":"has-post-thumbnail","7":"category-grenoble","8":"tag-actu","9":"tag-actualites","10":"tag-auvergne-rhone-alpes","11":"tag-eu","12":"tag-europe","13":"tag-fr","14":"tag-france","15":"tag-grenoble","16":"tag-news","17":"tag-republique-francaise"},"share_on_mastodon":{"url":"https:\/\/pubeurope.com\/@fr\/115026485899326705","error":""},"_links":{"self":[{"href":"https:\/\/www.europesays.com\/fr\/wp-json\/wp\/v2\/posts\/318316","targetHints":{"allow":["GET"]}}],"collection":[{"href":"https:\/\/www.europesays.com\/fr\/wp-json\/wp\/v2\/posts"}],"about":[{"href":"https:\/\/www.europesays.com\/fr\/wp-json\/wp\/v2\/types\/post"}],"author":[{"embeddable":true,"href":"https:\/\/www.europesays.com\/fr\/wp-json\/wp\/v2\/users\/2"}],"replies":[{"embeddable":true,"href":"https:\/\/www.europesays.com\/fr\/wp-json\/wp\/v2\/comments?post=318316"}],"version-history":[{"count":0,"href":"https:\/\/www.europesays.com\/fr\/wp-json\/wp\/v2\/posts\/318316\/revisions"}],"wp:featuredmedia":[{"embeddable":true,"href":"https:\/\/www.europesays.com\/fr\/wp-json\/wp\/v2\/media\/318317"}],"wp:attachment":[{"href":"https:\/\/www.europesays.com\/fr\/wp-json\/wp\/v2\/media?parent=318316"}],"wp:term":[{"taxonomy":"category","embeddable":true,"href":"https:\/\/www.europesays.com\/fr\/wp-json\/wp\/v2\/categories?post=318316"},{"taxonomy":"post_tag","embeddable":true,"href":"https:\/\/www.europesays.com\/fr\/wp-json\/wp\/v2\/tags?post=318316"}],"curies":[{"name":"wp","href":"https:\/\/api.w.org\/{rel}","templated":true}]}}