{"id":318318,"date":"2025-08-14T09:47:22","date_gmt":"2025-08-14T09:47:22","guid":{"rendered":"https:\/\/www.europesays.com\/fr\/318318\/"},"modified":"2025-08-14T09:47:22","modified_gmt":"2025-08-14T09:47:22","slug":"cinq-semaines-de-travaux-annonces-sur-la-84-et-des-perturbations","status":"publish","type":"post","link":"https:\/\/www.europesays.com\/fr\/318318\/","title":{"rendered":"cinq semaines de travaux annonc\u00e9s sur l&rsquo;A 84 et des perturbations"},"content":{"rendered":"<p>            Par<br \/>\n        <strong><br \/>\n            <a href=\"https:\/\/actu.fr\/auteur\/celestin-deseguier\" title=\"Consulter tous les articles de Celestin de S\u00e9guier\" target=\"_blank\" rel=\"noopener\">Celestin de S\u00e9guier<\/a><br \/>\n        <\/strong><\/p>\n<p>        Publi\u00e9 le<\/p>\n<p>            13 ao\u00fbt 2025 \u00e0 17h06        <\/p>\n<p>Un chantier exclusivement de nuit est pr\u00e9vu sur l\u2019autoroute 84 entre <a href=\"https:\/\/actu.fr\/bretagne\/liffre_35152\" target=\"_blank\" rel=\"noopener\">Liffr\u00e9 <\/a><b>(Ille-et-Vilaine)<\/b> et Rennes. Les travaux se d\u00e9rouleront du 25 ao\u00fbt au 19 septembre 2025, pr\u00e9cise la Diro (Direction interd\u00e9partementale des routes ouest). \u00ab<b\/>\u2009Cette op\u00e9ration s\u2019inscrit dans le\u00a0programme d\u2019entretien annuel des chauss\u00e9es\u00a0de la DIR Ouest. Elle permettra <b>d\u2019am\u00e9liorer le confort de conduite et\u00a0de\u00a0garantir une circulation plus s\u00fbre pour l\u2019ensemble des usagers <\/b>tout en pr\u00e9servant la p\u00e9rennit\u00e9 des routes nationales\u2009\u00bb, pr\u00e9cise la pr\u00e9fecture dans un communiqu\u00e9 diffus\u00e9 mercredi 13\u00a0ao\u00fbt 2025.<\/p>\n<p>R\u00e9novation de la chauss\u00e9e<\/p>\n<p class=\" wall-content\">Ces travaux de r\u00e9novation de la chauss\u00e9e incluront\u2009: la\u00a0<b>r\u00e9novation de\u00a03,7\u00a0kilom\u00e8tres\u00a0de\u00a0chauss\u00e9e<\/b> de l\u2019A84 vers Rennes\u2009; la\u00a0r\u00e9novation\u00a0des bretelles de sortie et d\u2019insertion de l\u2019\u00e9changeur de Liffr\u00e9 Ouest vers Rennes\u2009; le\u00a0remplacement des\u00a0joints de l\u2019ouvrage franchissant l\u2019A84 au niveau de l\u2019\u00e9changeur de Liffr\u00e9 Ouest\u2009; <b>la\u00a0modernisation\u00a0d\u2019une station de comptage<\/b>, la\u00a0remise \u00e0 niveau de la signalisation verticale et du marquage au sol.<\/p>\n<p>Des modifications de circulation mises en place<\/p>\n<p class=\" wall-content\">Afin de r\u00e9duire la dur\u00e9e du chantier et de limiter la g\u00eane pour les usagers, des modifications de circulation seront mises en place toutes les nuits, de 20\u2009h\u200900 \u00e0 6\u2009h\u200900. \u00c0 noter que du 25 au 29\u00a0ao\u00fbt et du 15 au 19\u00a0septembre, les bretelles d\u2019acc\u00e8s \u00e0 l\u2019\u00e9changeur de Liffr\u00e9 Ouest seront ferm\u00e9es.<\/p>\n<p class=\" wall-content\">Du 1er au vendredi 12\u00a0septembre, <b>c\u2019est l\u2019A84 en direction de Rennes<\/b> qui sera ferm\u00e9e sur 19\u00a0km, entre l\u2019\u00e9changeur de Saint-Aubin-du-Cormier et l\u2019\u00e9changeur de la porte de Normandie (\u00e9changeur RN136*A84).<\/p>\n<p class=\" wall-content\">\u00c9galement\u2009:<b> fermeture des acc\u00e8s aux \u00e9changeurs de Liffr\u00e9 Est et Ouest<\/b>. D\u00e9viation pour rejoindre la rocade de Rennes\u2009: Sortie obligatoire \u00e0 l\u2019\u00e9changeur de Saint-Aubin-du-Cormier, itin\u00e9raire via RN175 (Sens de Bretagne) et RD794 jusqu\u2019\u00e0 la rocade de Rennes. Ces dispositions pourraient entra\u00eener\u00a0des temps de trajet allong\u00e9s\u00a0dans ce secteur. Il est conseill\u00e9 d\u2019anticiper ses d\u00e9placements pendant toute la dur\u00e9e du chantier.<\/p>\n<p>Vigilance renforc\u00e9e<\/p>\n<p class=\" wall-content\">La Diro insiste aupr\u00e8s des automobilistes pour qu\u2019ils <b>respectent les distances de s\u00e9curit\u00e9 et la signalisation <\/b>pendant la dur\u00e9e des travaux, pour leur s\u00e9curit\u00e9 et celle des agents mobilis\u00e9s sur zone.<\/p>\n<p>Vid\u00e9os : en ce moment sur Actu<\/p>\n<p class=\" wall-content\">Suivez toute l\u2019actualit\u00e9 de vos villes et m\u00e9dias favoris en vous inscrivant \u00e0 <a href=\"https:\/\/moncompte.actu.fr\" title=\"D\u00e9couvez Mon Actu\" rel=\"nofollow noopener\" data-trk=\"{&quot;cta&quot;:{&quot;action&quot;:&quot;https:\\\/\\\/moncompte.actu.fr&quot;,&quot;category&quot;:&quot;mon compte&quot;,&quot;from&quot;:&quot;article footer&quot;,&quot;name&quot;:&quot;Mon actu&quot;,&quot;type&quot;:&quot;cta&quot;}}\" target=\"_blank\">Mon Actu<\/a>.<\/p>\n<ul class=\"ac-article-tag wall-content\">\n<li><a href=\"https:\/\/actu.fr\/tag\/autoroute-84-a84\" data-trk=\"{&quot;cta&quot;:{&quot;action&quot;:&quot;Autoroute 84 (A84)&quot;,&quot;category&quot;:&quot;tag&quot;,&quot;from&quot;:&quot;article footer&quot;,&quot;name&quot;:&quot;Autoroute 84 (A84)&quot;,&quot;type&quot;:&quot;cta&quot;}}\" target=\"_blank\" rel=\"noopener\">#Autoroute 84 (A84)<\/a><\/li>\n<li><a href=\"https:\/\/actu.fr\/tag\/travaux\" data-trk=\"{&quot;cta&quot;:{&quot;action&quot;:&quot;Travaux&quot;,&quot;category&quot;:&quot;tag&quot;,&quot;from&quot;:&quot;article footer&quot;,&quot;name&quot;:&quot;Travaux&quot;,&quot;type&quot;:&quot;cta&quot;}}\" target=\"_blank\" rel=\"noopener\">#Travaux<\/a><\/li>\n<\/ul>\n","protected":false},"excerpt":{"rendered":"Par Celestin de S\u00e9guier Publi\u00e9 le 13 ao\u00fbt 2025 \u00e0 17h06 Un chantier exclusivement de nuit est pr\u00e9vu&hellip;\n","protected":false},"author":2,"featured_media":318319,"comment_status":"","ping_status":"","sticky":false,"template":"","format":"standard","meta":{"footnotes":""},"categories":[2821],"tags":[1111,11,28416,829,1777,674,1011,27,12,584,25,104,2086],"class_list":{"0":"post-318318","1":"post","2":"type-post","3":"status-publish","4":"format-standard","5":"has-post-thumbnail","7":"category-rennes","8":"tag-actu","9":"tag-actualites","10":"tag-autoroute-84-a84","11":"tag-bretagne","12":"tag-eu","13":"tag-europe","14":"tag-fr","15":"tag-france","16":"tag-news","17":"tag-rennes","18":"tag-republique-francaise","19":"tag-societe","20":"tag-travaux"},"share_on_mastodon":{"url":"https:\/\/pubeurope.com\/@fr\/115026489776226258","error":""},"_links":{"self":[{"href":"https:\/\/www.europesays.com\/fr\/wp-json\/wp\/v2\/posts\/318318","targetHints":{"allow":["GET"]}}],"collection":[{"href":"https:\/\/www.europesays.com\/fr\/wp-json\/wp\/v2\/posts"}],"about":[{"href":"https:\/\/www.europesays.com\/fr\/wp-json\/wp\/v2\/types\/post"}],"author":[{"embeddable":true,"href":"https:\/\/www.europesays.com\/fr\/wp-json\/wp\/v2\/users\/2"}],"replies":[{"embeddable":true,"href":"https:\/\/www.europesays.com\/fr\/wp-json\/wp\/v2\/comments?post=318318"}],"version-history":[{"count":0,"href":"https:\/\/www.europesays.com\/fr\/wp-json\/wp\/v2\/posts\/318318\/revisions"}],"wp:featuredmedia":[{"embeddable":true,"href":"https:\/\/www.europesays.com\/fr\/wp-json\/wp\/v2\/media\/318319"}],"wp:attachment":[{"href":"https:\/\/www.europesays.com\/fr\/wp-json\/wp\/v2\/media?parent=318318"}],"wp:term":[{"taxonomy":"category","embeddable":true,"href":"https:\/\/www.europesays.com\/fr\/wp-json\/wp\/v2\/categories?post=318318"},{"taxonomy":"post_tag","embeddable":true,"href":"https:\/\/www.europesays.com\/fr\/wp-json\/wp\/v2\/tags?post=318318"}],"curies":[{"name":"wp","href":"https:\/\/api.w.org\/{rel}","templated":true}]}}