{"id":318320,"date":"2025-08-14T09:48:10","date_gmt":"2025-08-14T09:48:10","guid":{"rendered":"https:\/\/www.europesays.com\/fr\/318320\/"},"modified":"2025-08-14T09:48:10","modified_gmt":"2025-08-14T09:48:10","slug":"suivez-toutes-les-infos-transferts-du-14-aout-2025","status":"publish","type":"post","link":"https:\/\/www.europesays.com\/fr\/318320\/","title":{"rendered":"suivez toutes les infos transferts du 14 ao\u00fbt 2025"},"content":{"rendered":"<p>09h10<\/p>\n<p>Mata prolonge \u00e0 Lyon jusqu&rsquo;en 2028<\/p>\n<p>Le d\u00e9fenseur angolais de Lyon Clinton Mata a prolong\u00e9 de deux ans, jusqu&rsquo;en 2028, son contrat avec l&rsquo;OL, a annonc\u00e9 mercredi le club rhodanien, 6e du dernier championnat de France et qualifi\u00e9 pour la Ligue Europa.<\/p>\n<p>L&rsquo;international (12 s\u00e9lections) \u00e2g\u00e9 de 32 ans est arriv\u00e9 \u00e0 l&rsquo;Olympique lyonnais en 2023 apr\u00e8s avoir fait toute sa carri\u00e8re en Belgique, d\u00e9but\u00e9e en 2011 \u00e0 Eupen (2011-2014), Charleroi (2014-2018), Genk (en pr\u00eat 2017-2018) puis le Club Bruges (2018-2023).<\/p>\n<p>Il a disput\u00e9 73 matches (2 buts) avec Lyon o\u00f9 il a d\u00e9but\u00e9 comme arri\u00e8re droit avant de poursuivre essentiellement en d\u00e9fense centrale.<\/p>\n<p>09h09<\/p>\n<p>Joan Garcia va pouvoir \u00eatre inscrit par le Bar\u00e7a<\/p>\n<p>La Ligue espagnole de football a valid\u00e9 l&rsquo;absence de longue dur\u00e9e du gardien du FC Barcelone Marc-Andr\u00e9 ter Stegen, a annonc\u00e9 mercredi le club qui peut inscrire sa recrue Joan Garcia pour le remplacer sans enfreindre les r\u00e8gles du fair-play financier.<\/p>\n<p>L&rsquo;Espagnol (24 ans) est arriv\u00e9 en provenance de l&rsquo;Espanyol Barcelone cet \u00e9t\u00e9. \u00ab\u00a0La commission m\u00e9dicale de la Liga a d\u00e9termin\u00e9 que la blessure de Marc-Andr\u00e9 ter Stegen r\u00e9pond aux crit\u00e8res \u00e0 long terme \u00e9tablis par la r\u00e9glementation en vigueur\u00a0\u00bb, a indiqu\u00e9 le FC Barcelone dans un communiqu\u00e9. Le club \u00ab\u00a0proc\u00e9dera (jeudi) \u00e0 la formalisation imm\u00e9diate de l&rsquo;inscription du joueur Joan Garcia\u00a0\u00bb, recrut\u00e9 cet \u00e9t\u00e9, a-t-il ajout\u00e9.<\/p>\n<p>Outre Garcia, le Bar\u00e7a a prolong\u00e9 cet \u00e9t\u00e9 l&rsquo;exp\u00e9riment\u00e9 portier polonais Wojciech Szczesny (35 ans).<\/p>\n<p>09h06<\/p>\n<p>h\u00e9ros de la Supercoupe d&rsquo;Europe, Gon\u00e7alo Ramos fait une annonce claire sur son avenir<\/p>\n<p>D\u00e9cisif apr\u00e8s son entr\u00e9e en jeu, en inscrivant le but de l&rsquo;\u00e9galisation dans le temps additionnel puis en marquant son tir au but,<a href=\"https:\/\/rmcsport.bfmtv.com\/football\/supercoupe-d-europe\/psg-tottenham-heros-de-la-supercoupe-d-europe-goncalo-ramos-fait-une-annonce-claire-sur-son-avenir_AV-202508140166.html\" title=\"PSG-Tottenham: h\u00e9ros de la Supercoupe d&#039;Europe, Gon\u00e7alo Ramos fait une annonce claire sur son avenir\" class=\"internal_link\" rel=\"nofollow noopener\" target=\"_blank\"> Gon\u00e7alo Ramos s&rsquo;est exprim\u00e9 sur son avenir<\/a> \u00e0 l&rsquo;issue du sacre des Parisiens en Supercoupe d&rsquo;Europe.<\/p>\n<p>09h05<\/p>\n<p>Bonjour \u00e0 tous<\/p>\n<p>Bienvenue sur RMC Sport pour suivre en direct comment\u00e9 l&rsquo;actualit\u00e9 du mercato, en marge de la reprise des championnats europ\u00e9ens. Les clubs ont encore deux bonnes semaines pour r\u00e9aliser des op\u00e9rations. <a href=\"https:\/\/rmcsport.bfmtv.com\/football\/transferts\/direct-mercato-suivez-toutes-les-infos-transferts-du-11-aout-2025_LN-202508110030.html\" title=\"DIRECT. Mercato: le Stade Rennais officialise l&#039;arriv\u00e9e de Camara\" class=\"internal_link\" rel=\"nofollow noopener\" target=\"_blank\">Pour retrouver les informations des derniers jours, c&rsquo;est par ici<\/a>.<\/p>\n","protected":false},"excerpt":{"rendered":"09h10 Mata prolonge \u00e0 Lyon jusqu&rsquo;en 2028 Le d\u00e9fenseur angolais de Lyon Clinton Mata a prolong\u00e9 de deux&hellip;\n","protected":false},"author":2,"featured_media":318321,"comment_status":"","ping_status":"","sticky":false,"template":"","format":"standard","meta":{"footnotes":""},"categories":[2821],"tags":[1111,11,829,1777,674,1011,27,12,584,25],"class_list":{"0":"post-318320","1":"post","2":"type-post","3":"status-publish","4":"format-standard","5":"has-post-thumbnail","7":"category-rennes","8":"tag-actu","9":"tag-actualites","10":"tag-bretagne","11":"tag-eu","12":"tag-europe","13":"tag-fr","14":"tag-france","15":"tag-news","16":"tag-rennes","17":"tag-republique-francaise"},"share_on_mastodon":{"url":"https:\/\/pubeurope.com\/@fr\/115026493640340429","error":""},"_links":{"self":[{"href":"https:\/\/www.europesays.com\/fr\/wp-json\/wp\/v2\/posts\/318320","targetHints":{"allow":["GET"]}}],"collection":[{"href":"https:\/\/www.europesays.com\/fr\/wp-json\/wp\/v2\/posts"}],"about":[{"href":"https:\/\/www.europesays.com\/fr\/wp-json\/wp\/v2\/types\/post"}],"author":[{"embeddable":true,"href":"https:\/\/www.europesays.com\/fr\/wp-json\/wp\/v2\/users\/2"}],"replies":[{"embeddable":true,"href":"https:\/\/www.europesays.com\/fr\/wp-json\/wp\/v2\/comments?post=318320"}],"version-history":[{"count":0,"href":"https:\/\/www.europesays.com\/fr\/wp-json\/wp\/v2\/posts\/318320\/revisions"}],"wp:featuredmedia":[{"embeddable":true,"href":"https:\/\/www.europesays.com\/fr\/wp-json\/wp\/v2\/media\/318321"}],"wp:attachment":[{"href":"https:\/\/www.europesays.com\/fr\/wp-json\/wp\/v2\/media?parent=318320"}],"wp:term":[{"taxonomy":"category","embeddable":true,"href":"https:\/\/www.europesays.com\/fr\/wp-json\/wp\/v2\/categories?post=318320"},{"taxonomy":"post_tag","embeddable":true,"href":"https:\/\/www.europesays.com\/fr\/wp-json\/wp\/v2\/tags?post=318320"}],"curies":[{"name":"wp","href":"https:\/\/api.w.org\/{rel}","templated":true}]}}