{"id":318326,"date":"2025-08-14T09:52:11","date_gmt":"2025-08-14T09:52:11","guid":{"rendered":"https:\/\/www.europesays.com\/fr\/318326\/"},"modified":"2025-08-14T09:52:11","modified_gmt":"2025-08-14T09:52:11","slug":"altercation-entre-des-manifestants-propalestiniens-et-des-clients-attables-dans-une-zone-pietonne-a-nice","status":"publish","type":"post","link":"https:\/\/www.europesays.com\/fr\/318326\/","title":{"rendered":"Altercation entre des manifestants propalestiniens et des clients attabl\u00e9s dans une zone pi\u00e9tonne \u00e0 Nice"},"content":{"rendered":"<p>Une vid\u00e9o diffus\u00e9e par le compte X @cpasdeslol_X le mardi 12\u00a0ao\u00fbt 2025, montre une altercation entre des clients attabl\u00e9s \u00e0 la terrasse d&rsquo;un glacier de la rue Mass\u00e9na \u00e0 Nice, selon <a href=\"https:\/\/www.nicematin.com\/faits-divers\/-israel-terroriste-degage-une-altercation-eclate-entre-des-manifestants-propalestiniens-et-des-clients-attables-dans-la-zone-pietonne-a-nice-997948\" target=\"_blank\" rel=\"noopener\">Nice Matin<\/a>, et des militants qui d\u00e9noncent la situation \u00e0 Gaza, en particulier celle des journalistes tu\u00e9s par les bombardements isra\u00e9liens.<\/p>\n<p>On entend une femme lancer \u00ab\u00a0<strong><a href=\"https:\/\/www.laprovence.com\/article\/region\/1122768320426714\/mgr-aveline-cardinal-archeveque-de-marseille-ira-en-mission-de-paix-a-jerusalem-apres-lassomption\" target=\"_blank\" rel=\"noopener\">Isra\u00ebl <\/a>terroriste\u00a0! Isra\u00ebl fasciste\u00a0<\/strong>!\u00a0\u00bb, \u00e0 une cliente assise en terrasse. La femme, qui filme avec son t\u00e9l\u00e9phone, ajoute \u00ab\u00a0<strong>C&rsquo;<\/strong><strong>est Isra\u00ebl qui massacre les journalistes<\/strong>\u2026\u00a0\u00bb Des mots qui font bondir la cliente qui s&rsquo;exclame\u00a0: \u00ab\u00a0Ah oui\u00a0? Vous voulez qu&rsquo;on parle des attentats\u00a0? <strong>Vous voulez qu&rsquo;on parle du 7\u00a0octobre\u00a0? Connasse\u00a0!<\/strong>\u00ab\u00a0.<\/p>\n<p>Le ton monte et la cliente semble vouloir en venir aux mains. Elle se l\u00e8ve et essaye de chasser la cam\u00e9ra, manquant de tomber dans la pr\u00e9cipitation. \u00ab\u00a0<strong>D\u00e9gage\u00a0<\/strong>!\u00a0\u00bb lance-t-elle, avant de repousser une autre manifestante munie d&rsquo;un sac aux couleurs palestiniennes, qui filme \u00e9galement la sc\u00e8ne. \u00ab\u00a0<strong>Elle me frappe<\/strong>\u00a0<strong>!<\/strong>\u00ab\u00a0, s&rsquo;\u00e9crie cette derni\u00e8re.<\/p>\n<p>La vid\u00e9o, qui ne dure que 50 secondes, ne permet pas de savoir ce qui a d\u00e9clench\u00e9 l&rsquo;altercation, survenue ce lundi vers 19h15, d&rsquo;apr\u00e8s des t\u00e9moins interrog\u00e9s par Nice Matin. Selon un commer\u00e7ant, \u00ab\u00a0Une quinzaine de manifestants pro-Gaza est pass\u00e9e. Un client a d\u00fb dire un truc comme \u201cLaissez-nous tranquille\u00a0\u00bb et une femme a commenc\u00e9 \u00e0 le filmer pr\u00e8s du visage, sans le l\u00e2cher.\u00a0\u00bb<\/p>\n<p>La sc\u00e8ne s&rsquo;est d\u00e9roul\u00e9e <strong>au lendemain de l&rsquo;annonce du <a href=\"https:\/\/www.laprovence.com\/article\/france-monde\/2026172389264514\/l-armee-israelienne-approuve-le-plan-pour-la-prise-de-la-ville-de-gaza\" target=\"_blank\" rel=\"noopener\">plan d&rsquo;occupation<\/a> de la ville de Gaza par le Premier ministre isra\u00e9lien Benyamin Netanyahu<\/strong>, qui a suscit\u00e9 une condamnation quasi unanime sur la sc\u00e8ne internationale.<\/p>\n<p>Ce n&rsquo;est pas la premi\u00e8re fois que de tels incidents sont m\u00e9diatis\u00e9s \u00e0 Nice, o\u00f9 le maire Horizons Christian Estrosi a affich\u00e9 son soutien constant \u00e0 Isra\u00ebl depuis les attentats du 7 octobre 2023.<\/p>\n","protected":false},"excerpt":{"rendered":"Une vid\u00e9o diffus\u00e9e par le compte X @cpasdeslol_X le mardi 12\u00a0ao\u00fbt 2025, montre une altercation entre des clients&hellip;\n","protected":false},"author":2,"featured_media":318327,"comment_status":"","ping_status":"","sticky":false,"template":"","format":"standard","meta":{"footnotes":""},"categories":[2819],"tags":[17,1111,11,15223,154,2834,1777,674,274,1011,27,10239,12,2401,7621,3788,882,25],"class_list":{"0":"post-318326","1":"post","2":"type-post","3":"status-publish","4":"format-standard","5":"has-post-thumbnail","7":"category-nice","8":"tag-17","9":"tag-actu","10":"tag-actualites","11":"tag-altercation","12":"tag-des","13":"tag-entre","14":"tag-eu","15":"tag-europe","16":"tag-faits-divers-justice","17":"tag-fr","18":"tag-france","19":"tag-manifestants","20":"tag-news","21":"tag-nice","22":"tag-palestiniens","23":"tag-pro","24":"tag-provence-alpes-cote-dazur","25":"tag-republique-francaise"},"share_on_mastodon":{"url":"https:\/\/pubeurope.com\/@fr\/115026509357198276","error":""},"_links":{"self":[{"href":"https:\/\/www.europesays.com\/fr\/wp-json\/wp\/v2\/posts\/318326","targetHints":{"allow":["GET"]}}],"collection":[{"href":"https:\/\/www.europesays.com\/fr\/wp-json\/wp\/v2\/posts"}],"about":[{"href":"https:\/\/www.europesays.com\/fr\/wp-json\/wp\/v2\/types\/post"}],"author":[{"embeddable":true,"href":"https:\/\/www.europesays.com\/fr\/wp-json\/wp\/v2\/users\/2"}],"replies":[{"embeddable":true,"href":"https:\/\/www.europesays.com\/fr\/wp-json\/wp\/v2\/comments?post=318326"}],"version-history":[{"count":0,"href":"https:\/\/www.europesays.com\/fr\/wp-json\/wp\/v2\/posts\/318326\/revisions"}],"wp:featuredmedia":[{"embeddable":true,"href":"https:\/\/www.europesays.com\/fr\/wp-json\/wp\/v2\/media\/318327"}],"wp:attachment":[{"href":"https:\/\/www.europesays.com\/fr\/wp-json\/wp\/v2\/media?parent=318326"}],"wp:term":[{"taxonomy":"category","embeddable":true,"href":"https:\/\/www.europesays.com\/fr\/wp-json\/wp\/v2\/categories?post=318326"},{"taxonomy":"post_tag","embeddable":true,"href":"https:\/\/www.europesays.com\/fr\/wp-json\/wp\/v2\/tags?post=318326"}],"curies":[{"name":"wp","href":"https:\/\/api.w.org\/{rel}","templated":true}]}}