{"id":318339,"date":"2025-08-14T10:01:11","date_gmt":"2025-08-14T10:01:11","guid":{"rendered":"https:\/\/www.europesays.com\/fr\/318339\/"},"modified":"2025-08-14T10:01:11","modified_gmt":"2025-08-14T10:01:11","slug":"la-fuite-dammoniac-a-lusine-heineken-pres-de-lille-bientot-colmatee","status":"publish","type":"post","link":"https:\/\/www.europesays.com\/fr\/318339\/","title":{"rendered":"La fuite d&rsquo;ammoniac \u00e0 l&rsquo;usine Heineken pr\u00e8s de Lille bient\u00f4t colmat\u00e9e"},"content":{"rendered":"<p class=\"fig-paragraph\">La fuite d&rsquo;ammoniac\u00a0<a href=\"http:\/\/www.lefigaro.fr\/societes\/nord-la-plus-grande-usine-heineken-de-france-evacuee-par-precaution-apres-une-fuite-d-ammoniac-20250813\" target=\"_blank\" data-fig-type=\"NewsFlash\" rel=\"noopener\" data-gtm-custom-categorie=\"navigation\" data-gtm-custom-action=\"crossclick\" data-gtm-custom-label=\"Contextuel\" data-gtm-event=\"customEventSPE\" data-fig-domain=\"LEFIGARO\">d\u00e9tect\u00e9e mercredi<\/a>\u00a0dans une usine du brasseur n\u00e9erlandais Heineken pr\u00e8s de Lille est d\u00e9sormais localis\u00e9e et va \u00eatre rapidement colmat\u00e9e, selon un nouveau point de situation de la pr\u00e9fecture du Nord transmis jeudi \u00e0 l&rsquo;AFP. \u00abLa situation est sous contr\u00f4le depuis le d\u00e9but de la nuit. La fuite a \u00e9t\u00e9 localis\u00e9e\u00bb et une entreprise sp\u00e9cialis\u00e9e a \u00e9t\u00e9 charg\u00e9e de son colmatage ainsi que des r\u00e9parations n\u00e9cessaires pour une remise en service des installations, selon la pr\u00e9fecture.<\/p>\n<p class=\"fig-paragraph\">Utilis\u00e9 dans l&rsquo;industrie notamment pour ses fonctions r\u00e9frig\u00e9rantes, l&rsquo;ammoniac est un gaz inflammable et toxique quand il est inhal\u00e9 \u00e0 hautes doses. Il peut aussi provoquer des br\u00fblures de la peau et des l\u00e9sions oculaires. La fuite ne pr\u00e9sentait toutefois aucun danger pour les riverains de l&rsquo;usine, et les relev\u00e9s sont d\u00e9sormais nuls \u00e9galement \u00e0 l&rsquo;int\u00e9rieur du b\u00e2timent d&rsquo;o\u00f9 provenaient les \u00e9manations d&rsquo;ammoniac, selon la pr\u00e9fecture. L&rsquo;usine avait \u00e9t\u00e9 \u00e9vacu\u00e9e mercredi par mesure de pr\u00e9caution.<\/p>\n<p>                                    <a class=\"fig-a11y-skip a11y-hidden\" href=\"#fig-a11y-skip-main-inarticle\"><br \/>\n        Passer la publicit\u00e9<br \/>\n    <\/a><\/p>\n<p class=\"fig-paragraph\">Situ\u00e9e \u00e0 Mons-en-Baroeul, dans la banlieue lilloise, il s&rsquo;agit de la plus grande usine de Heineken en France en termes de superficie, de capacit\u00e9 de production et en nombre de marques brass\u00e9es (Heineken, P\u00e9lican, Pelforth, gamme Desperados&#8230;), peut-on lire sur le site fran\u00e7ais du groupe. L&rsquo;usine a produit 260 millions de litres de bi\u00e8re en 2024.<\/p>\n","protected":false},"excerpt":{"rendered":"La fuite d&rsquo;ammoniac\u00a0d\u00e9tect\u00e9e mercredi\u00a0dans une usine du brasseur n\u00e9erlandais Heineken pr\u00e8s de Lille est d\u00e9sormais localis\u00e9e et va&hellip;\n","protected":false},"author":2,"featured_media":318340,"comment_status":"","ping_status":"","sticky":false,"template":"","format":"standard","meta":{"footnotes":""},"categories":[2815],"tags":[1111,11,1777,674,1011,27,811,45670,1307,12,25,2103],"class_list":{"0":"post-318339","1":"post","2":"type-post","3":"status-publish","4":"format-standard","5":"has-post-thumbnail","7":"category-lille","8":"tag-actu","9":"tag-actualites","10":"tag-eu","11":"tag-europe","12":"tag-fr","13":"tag-france","14":"tag-hauts-de-france","15":"tag-heineken","16":"tag-lille","17":"tag-news","18":"tag-republique-francaise","19":"tag-usine"},"share_on_mastodon":{"url":"https:\/\/pubeurope.com\/@fr\/115026544775480863","error":""},"_links":{"self":[{"href":"https:\/\/www.europesays.com\/fr\/wp-json\/wp\/v2\/posts\/318339","targetHints":{"allow":["GET"]}}],"collection":[{"href":"https:\/\/www.europesays.com\/fr\/wp-json\/wp\/v2\/posts"}],"about":[{"href":"https:\/\/www.europesays.com\/fr\/wp-json\/wp\/v2\/types\/post"}],"author":[{"embeddable":true,"href":"https:\/\/www.europesays.com\/fr\/wp-json\/wp\/v2\/users\/2"}],"replies":[{"embeddable":true,"href":"https:\/\/www.europesays.com\/fr\/wp-json\/wp\/v2\/comments?post=318339"}],"version-history":[{"count":0,"href":"https:\/\/www.europesays.com\/fr\/wp-json\/wp\/v2\/posts\/318339\/revisions"}],"wp:featuredmedia":[{"embeddable":true,"href":"https:\/\/www.europesays.com\/fr\/wp-json\/wp\/v2\/media\/318340"}],"wp:attachment":[{"href":"https:\/\/www.europesays.com\/fr\/wp-json\/wp\/v2\/media?parent=318339"}],"wp:term":[{"taxonomy":"category","embeddable":true,"href":"https:\/\/www.europesays.com\/fr\/wp-json\/wp\/v2\/categories?post=318339"},{"taxonomy":"post_tag","embeddable":true,"href":"https:\/\/www.europesays.com\/fr\/wp-json\/wp\/v2\/tags?post=318339"}],"curies":[{"name":"wp","href":"https:\/\/api.w.org\/{rel}","templated":true}]}}