{"id":318341,"date":"2025-08-14T10:02:16","date_gmt":"2025-08-14T10:02:16","guid":{"rendered":"https:\/\/www.europesays.com\/fr\/318341\/"},"modified":"2025-08-14T10:02:16","modified_gmt":"2025-08-14T10:02:16","slug":"elles-entrent-dans-nos-maisons","status":"publish","type":"post","link":"https:\/\/www.europesays.com\/fr\/318341\/","title":{"rendered":"elles entrent dans nos maisons&#8230;"},"content":{"rendered":"<p><strong>Potagers enti\u00e8rement brout\u00e9s, conducteurs oblig\u00e9s de piler au milieu de la route et une origine qui intrigue\u2026 Sur la \u00ab\u00a0C\u00f4te bleue\u00a0\u00bb, \u00e0 l\u2019ouest de Marseille, les habitants sont forc\u00e9s de cohabiter avec des ch\u00e8vres divagantes\u2026 et pas toujours conciliantes.<\/strong><\/p>\n<p>Elles \u00e9taient quelques dizaines il y a une quinzaine d\u2019ann\u00e9es mais sont d\u00e9sormais \u00ab\u00a0presque deux mille\u00a0\u00bb, selon les estimations de Jean-Baptiste Saglietti, premier adjoint au maire de Ch\u00e2teauneuf-les-Martigues, ville de 18.000 habitants qui voit r\u00e9guli\u00e8rement des troupeaux de ch\u00e8vres se balader dans ses rues.<\/p>\n<p>L\u2019origine des b\u00eates est incertaine, mais \u00ab\u00a0ce qui se raconte, c\u2019est qu\u2019un couple de ch\u00e8vres a \u00e9t\u00e9 abandonn\u00e9 ou s\u2019est \u00e9chapp\u00e9 avant de se multiplier\u00a0\u00bb il y a bien des ann\u00e9es, rapporte Michel Illac, le maire d\u2019Ensu\u00e8s-la-Redonne, une commune voisine.<\/p>\n<p>Une situation qui n\u2019amuse plus beaucoup les riverains, inquiets de devoir partager la chauss\u00e9e avec les impr\u00e9visibles caprins, dont la pr\u00e9sence possible est signal\u00e9e jusque sur l\u2019autoroute voisine.<\/p>\n<p>\u00ab\u00a0On est souvent oblig\u00e9s de s\u2019arr\u00eater parce qu\u2019elles d\u00e9boulent en plein virage et restent en plein milieu de la route\u00a0\u00bb, explique Emma Trezzy, 20 ans. \u00ab\u00a0Quand j\u2019ai des copines qui descendent, je leur dis de faire attention\u00a0\u00bb, ajoute l\u2019auxiliaire de pu\u00e9riculture, qui habite au Rove, \u00e0 une quinzaine de kilom\u00e8tres de Marseille.<\/p>\n<p>Depuis peu, les troupeaux s\u2019aventurent m\u00eame dans les lotissements des communes de la C\u00f4te bleue.<\/p>\n<p>\u00ab\u00a0Avant, on savait qu\u2019on pouvait en croiser sur la route, mais maintenant on les voit r\u00e9guli\u00e8rement juste devant notre maison\u00a0\u00bb, raconte C\u00e9line Gr\u00e9goire, 45 ans, qui a emm\u00e9nag\u00e9 avec sa famille \u00e0 Ensu\u00e8s-la-Redonne il y a deux ans et demi.<\/p>\n<p>Certains habitants affirment m\u00eame avoir vu des ch\u00e8vres s\u2019aventurer jusque dans leur maison.<\/p>\n<p><a href=\"https:\/\/anneedelamer.nice.fr\/\" rel=\"nofollow noopener\" target=\"_blank\"><img loading=\"lazy\" decoding=\"async\" width=\"300\" height=\"300\" src=\"data:image\/svg+xml,%3Csvg%20xmlns=\" http:=\"\" alt=\"\" class=\"wp-image-235449\" data-lazy-src=\"https:\/\/www.europesays.com\/fr\/wp-content\/uploads\/2025\/04\/IMG_1416-2.png\"\/><\/a><\/p>\n<p>\u00ab\u00a0Je pr\u00e9f\u00e8re voir des animaux plut\u00f4t que des voitures envahir le lotissement, mais c\u2019est vrai que j\u2019ai toujours en t\u00eate le danger qu\u2019elles peuvent repr\u00e9senter sur la route, surtout quand je roule avec mes enfants dans la voiture\u00a0\u00bb, poursuit Laurent Gr\u00e9goire, son mari.<\/p>\n<p>Du c\u00f4t\u00e9 des municipalit\u00e9s, l\u2019enjeu de la s\u00e9curit\u00e9 est au coeur des pr\u00e9occupations. \u00ab\u00a0Si un accident venait \u00e0 se produire, la responsabilit\u00e9 du maire pourrait \u00eatre engag\u00e9e parce qu\u2019avec son pouvoir de police, c\u2019est \u00e0 lui d\u2019assurer la s\u00e9curit\u00e9 des habitants de la commune\u00a0\u00bb, souligne Jean-Baptiste Saglietti.<\/p>\n<p>Plusieurs municipalit\u00e9s, \u00e0 l\u2019image d\u2019Ensu\u00e8s-la-Redonne ou de Ch\u00e2teauneuf-les-Martigues, ont donc mis en place un syst\u00e8me de capture des animaux afin qu\u2019ils puissent \u00eatre pris en charge par des bergeries, notamment pour de l\u2019\u00e9copastoralisme.<\/p>\n<p>Non g\u00e9r\u00e9s, les troupeaux qui sillonnent la C\u00f4te bleue en qu\u00eate de nourriture risquent en effet de mettre \u00e0 mal la biodiversit\u00e9 du territoire.<\/p>\n<p>\u00ab\u00a0Ces ch\u00e8vres posent un probl\u00e8me \u00e9cologiquement, elles surp\u00e2turent\u00a0\u00bb, \u00ab\u00a0vont \u00e9corcer des arbres\u00a0\u00bb et deviendront in fine \u00ab\u00a0un probl\u00e8me pour la flore\u00a0\u00bb, d\u00e9taille Frank Gouiran, \u00e9leveur et producteur de brousse du Rove, fromage de ch\u00e8vre AOP de la r\u00e9gion.<\/p>\n<p>Le maire d\u2019Ensu\u00e8s-la-Redonne, tout en soulignant que le sujet \u00ab\u00a0a refait surface parce qu\u2019on a vu des ch\u00e8vres se promener dans les lotissements\u00a0\u00bb, affiche sa volont\u00e9 d\u2019endiguer la reproduction incontr\u00f4l\u00e9e des b\u00eates errantes, notamment via une castration des boucs, afin que les routes des environs redeviennent plus s\u00fbres.<\/p>\n<p>\u00ab\u00a0Le risque z\u00e9ro n\u2019existe jamais, mais c\u2019est vrai qu\u2019elles en repr\u00e9sentent un gros\u00a0\u00bb, admet-il.<\/p>\n<p class=\"has-small-font-size\">(Avec AFP)<\/p>\n","protected":false},"excerpt":{"rendered":"Potagers enti\u00e8rement brout\u00e9s, conducteurs oblig\u00e9s de piler au milieu de la route et une origine qui intrigue\u2026 Sur&hellip;\n","protected":false},"author":2,"featured_media":318342,"comment_status":"","ping_status":"","sticky":false,"template":"","format":"standard","meta":{"footnotes":""},"categories":[2814],"tags":[1111,11,1777,674,1011,27,884,12,882,25],"class_list":{"0":"post-318341","1":"post","2":"type-post","3":"status-publish","4":"format-standard","5":"has-post-thumbnail","7":"category-marseille","8":"tag-actu","9":"tag-actualites","10":"tag-eu","11":"tag-europe","12":"tag-fr","13":"tag-france","14":"tag-marseille","15":"tag-news","16":"tag-provence-alpes-cote-dazur","17":"tag-republique-francaise"},"share_on_mastodon":{"url":"https:\/\/pubeurope.com\/@fr\/115026548774151239","error":""},"_links":{"self":[{"href":"https:\/\/www.europesays.com\/fr\/wp-json\/wp\/v2\/posts\/318341","targetHints":{"allow":["GET"]}}],"collection":[{"href":"https:\/\/www.europesays.com\/fr\/wp-json\/wp\/v2\/posts"}],"about":[{"href":"https:\/\/www.europesays.com\/fr\/wp-json\/wp\/v2\/types\/post"}],"author":[{"embeddable":true,"href":"https:\/\/www.europesays.com\/fr\/wp-json\/wp\/v2\/users\/2"}],"replies":[{"embeddable":true,"href":"https:\/\/www.europesays.com\/fr\/wp-json\/wp\/v2\/comments?post=318341"}],"version-history":[{"count":0,"href":"https:\/\/www.europesays.com\/fr\/wp-json\/wp\/v2\/posts\/318341\/revisions"}],"wp:featuredmedia":[{"embeddable":true,"href":"https:\/\/www.europesays.com\/fr\/wp-json\/wp\/v2\/media\/318342"}],"wp:attachment":[{"href":"https:\/\/www.europesays.com\/fr\/wp-json\/wp\/v2\/media?parent=318341"}],"wp:term":[{"taxonomy":"category","embeddable":true,"href":"https:\/\/www.europesays.com\/fr\/wp-json\/wp\/v2\/categories?post=318341"},{"taxonomy":"post_tag","embeddable":true,"href":"https:\/\/www.europesays.com\/fr\/wp-json\/wp\/v2\/tags?post=318341"}],"curies":[{"name":"wp","href":"https:\/\/api.w.org\/{rel}","templated":true}]}}