{"id":318343,"date":"2025-08-14T10:03:11","date_gmt":"2025-08-14T10:03:11","guid":{"rendered":"https:\/\/www.europesays.com\/fr\/318343\/"},"modified":"2025-08-14T10:03:11","modified_gmt":"2025-08-14T10:03:11","slug":"une-salle-de-shoot-bientot-ouverte-a-marseille","status":"publish","type":"post","link":"https:\/\/www.europesays.com\/fr\/318343\/","title":{"rendered":"une salle de shoot bient\u00f4t ouverte \u00e0 Marseille?"},"content":{"rendered":"<p>Une partie des habitants du quartier de Belsunce \u00e0 Marseille &#8211; o\u00f9 la pr\u00e9sence des personnes toxicomanes explose &#8211; ont demand\u00e9 l&rsquo;ouverture d&rsquo;une salle Halte Soins Addiction. Le projet avait d\u00e9j\u00e0 \u00e9t\u00e9 lanc\u00e9, puis abandonn\u00e9 en 2024. Gr\u00e9goire, \u00e9ducateur, explique au micro des Grandes Gueules pourquoi cette option doit \u00eatre favoris\u00e9e.<\/p>\n<p>Pour faire face \u00e0 la pr\u00e9sence de personnes souffrant de toxicomanie, une partie des riverains du quartier de Belsunce, \u00e0 Marseille, ont \u00e0 nouveau formul\u00e9 la demande d&rsquo;ouvrir <a href=\"https:\/\/rmc.bfmtv.com\/actualites\/societe\/sante\/ils-se-piquent-entre-les-voitures-des-marseillais-demandent-la-prise-en-charge-des-consommateurs-de-drogue_AN-202508050055.html\" title=\"&quot;La drogue a chang\u00e9&quot;: face aux nuisances, des Marseillais r\u00e9clament l&#039;ouverture de salles de shoot\" class=\"internal_link\" rel=\"nofollow noopener\" target=\"_blank\">une salle Halte Soins Addiction<\/a>.<\/p>\n<p>La plupart d&rsquo;entre eux sont confront\u00e9s \u00e0 la pr\u00e9sence de ces personnes d\u00e9pendantes dans les rues, qui se piquent parfois en pleine journ\u00e9e. Ils retrouvent des seringues ou croisent ces individus dans les halls des immeubles.<\/p>\n<p>Le ph\u00e9nom\u00e8ne a explos\u00e9 dans ce quartier, situ\u00e9 pr\u00e8s de la gare Saint-Charles. Le projet d&rsquo;ouvrir une telle salle avait d\u00e9j\u00e0 \u00e9t\u00e9 propos\u00e9 puis abandonn\u00e9 d\u00e9but 2024. D\u00e9sormais, les associations souhaitent que les discussions reprennent. D&rsquo;apr\u00e8s <a href=\"https:\/\/www.franceinfo.fr\/societe\/drogue\/salles-de-shoot\/a-marseille-des-collectifs-de-riverains-demandent-l-ouverture-d-une-salle-de-shoot-dans-un-quartier-fortement-touche-par-la-toxicomanie_7420870.html\" target=\"_blank\" class=\"external_link\" rel=\"nofollow noopener\">Franceinfo<\/a>, le procureur de Marseille et l&rsquo;adjointe au maire en charge de la Sant\u00e9 publique soutiennent directement cette d\u00e9marche.<\/p>\n<p>Des centres n\u00e9cessaires<\/p>\n<p>La mise en place d&rsquo;une salle Halte Soins Addiction, aussi appel\u00e9e \u00ab\u00a0salle de shoot\u00a0\u00bb, a d\u00e9j\u00e0 \u00e9t\u00e9 adopt\u00e9 par Paris et Strasbourg. Pour certains, comme Lucie, une infirmi\u00e8re qui a autrefois souffert de d\u00e9pendance, ces \u00e9tablissements sont essentiels.<\/p>\n<p>Une quinzaine d&rsquo;ann\u00e9es plus t\u00f4t, souhaitant s&rsquo;en sortir, elle s&rsquo;est rendue dans un CSAPA (Centre de Soin, d&rsquo;Accompagnement et de Pr\u00e9vention en Addictologie) et a \u00e9t\u00e9 suivie par un m\u00e9decin, une psychologue et une assistante sociale.<\/p>\n<p>\u00ab\u00a0Ils ne m&rsquo;ont pas l\u00e2ch\u00e9 et gr\u00e2ce \u00e0 eux et \u00e0 ma motivation, j&rsquo;ai pass\u00e9 mon dipl\u00f4me d&rsquo;infirmi\u00e8re et \u00e7a fait 10 ans que je pratique\u00a0\u00bb, raconte-t-elle dans <a href=\"https:\/\/rmc.bfmtv.com\/replay-emissions\/les-grandes-gueules\/les-grandes-gueules-du-14-aout-antoine-diers-bruno-poncet-elina-dumon-et-emmanuel-de-villiers-10h-11h_EN-202508140255.html\" title=\"Les Grandes Gueules du 14 ao\u00fbt : Antoine Diers, Bruno Poncet, \u00c9lina Dumont et Emmanuel de Villiers - 10h\/11h\" class=\"internal_link\" rel=\"nofollow noopener\" target=\"_blank\">Les Grandes Gueules<\/a>, estimant que son passage dans ce centre lui a \u00ab\u00a0sauv\u00e9 la vie\u00a0\u00bb.<\/p>\n<p>Durant sa p\u00e9riode de d\u00e9pendance, Lucie ne s&rsquo;est jamais piqu\u00e9e au grand jour. Elle se l&rsquo;interdisait. L&rsquo;infirmi\u00e8re estime qu&rsquo;un \u00ab\u00a0gros travail\u00a0\u00bb doit d&rsquo;ailleurs \u00eatre r\u00e9alis\u00e9 avec les \u00e9ducateurs de rue pour que les individus cessent de se piquer dans l&rsquo;espace public.<\/p>\n<p><img decoding=\"async\" src=\"https:\/\/www.europesays.com\/fr\/wp-content\/uploads\/2025\/06\/principale-178_2.jpg\"  alt=\"Marseille : bient\u00f4t l'ouverture d'une salle de shoot ? - 14\/08\" title=\"Marseille : bient\u00f4t l'ouverture d'une salle de shoot ? - 14\/08\"\/>Marseille : bient\u00f4t l&rsquo;ouverture d&rsquo;une salle de shoot ? &#8211; 14\/08<\/p>\n<p>De son c\u00f4t\u00e9, Gr\u00e9goire, \u00e9ducateur, rappelle \u00e0 quel point <a href=\"https:\/\/rmc.bfmtv.com\/actualites\/societe\/sante\/plus-d-un-million-d-usagers-de-cocaine-en-france-en-2023-selon-une-etude-sur-les-drogues_AV-202501150674.html\" title=\"Plus d&#039;un million d&#039;usagers de coca\u00efne en France en 2023, selon une \u00e9tude sur les drogues\" class=\"internal_link\" rel=\"nofollow noopener\" target=\"_blank\">l&rsquo;addiction<\/a> est tenace. \u00ab\u00a0Les gens continueront \u00e0 se piquer m\u00eame si vous supprimez tous les produits injectables. J&rsquo;ai suivi des gens qui \u00e9taient sous TSO (Traitement de substitution aux opiac\u00e9s). Au lieu de les prendre par la bouche, ils continuaient \u00e0 les \u00e9craser et \u00e0 se les injecter\u00a0\u00bb, explique-t-il. Sauf que cette habitude menace le capital veineux, menant parfois \u00e0 l&rsquo;amputation, ajoute l&rsquo;\u00e9ducateur.<\/p>\n<p>\u00ab\u00a0Soign\u00e9s sur nos imp\u00f4ts\u00a0\u00bb<\/p>\n<p>En mati\u00e8re de co\u00fbt, il d\u00e9fend toujours la mise en place de ces salles Halte Soins Addiction. \u00ab\u00a0Ces gens-l\u00e0 seront soign\u00e9s sur nos imp\u00f4ts, donc l&rsquo;argent qu&rsquo;on va mettre dans une salle de consommation pour qu&rsquo;ils puissent se piquer en toute s\u00e9curit\u00e9 co\u00fbtera toujours moins cher que s&rsquo;ils sont \u00e0 l&rsquo;h\u00f4pital pendant des ann\u00e9es pour les soigner d&rsquo;une amputation, du Sida ou d&rsquo;une h\u00e9patite\u00a0\u00bb, conclut-il.<\/p>\n","protected":false},"excerpt":{"rendered":"Une partie des habitants du quartier de Belsunce \u00e0 Marseille &#8211; o\u00f9 la pr\u00e9sence des personnes toxicomanes explose&hellip;\n","protected":false},"author":2,"featured_media":318344,"comment_status":"","ping_status":"","sticky":false,"template":"","format":"standard","meta":{"footnotes":""},"categories":[2814],"tags":[1111,11,1777,674,1011,27,884,12,882,25],"class_list":{"0":"post-318343","1":"post","2":"type-post","3":"status-publish","4":"format-standard","5":"has-post-thumbnail","7":"category-marseille","8":"tag-actu","9":"tag-actualites","10":"tag-eu","11":"tag-europe","12":"tag-fr","13":"tag-france","14":"tag-marseille","15":"tag-news","16":"tag-provence-alpes-cote-dazur","17":"tag-republique-francaise"},"share_on_mastodon":{"url":"https:\/\/pubeurope.com\/@fr\/115026552671249755","error":""},"_links":{"self":[{"href":"https:\/\/www.europesays.com\/fr\/wp-json\/wp\/v2\/posts\/318343","targetHints":{"allow":["GET"]}}],"collection":[{"href":"https:\/\/www.europesays.com\/fr\/wp-json\/wp\/v2\/posts"}],"about":[{"href":"https:\/\/www.europesays.com\/fr\/wp-json\/wp\/v2\/types\/post"}],"author":[{"embeddable":true,"href":"https:\/\/www.europesays.com\/fr\/wp-json\/wp\/v2\/users\/2"}],"replies":[{"embeddable":true,"href":"https:\/\/www.europesays.com\/fr\/wp-json\/wp\/v2\/comments?post=318343"}],"version-history":[{"count":0,"href":"https:\/\/www.europesays.com\/fr\/wp-json\/wp\/v2\/posts\/318343\/revisions"}],"wp:featuredmedia":[{"embeddable":true,"href":"https:\/\/www.europesays.com\/fr\/wp-json\/wp\/v2\/media\/318344"}],"wp:attachment":[{"href":"https:\/\/www.europesays.com\/fr\/wp-json\/wp\/v2\/media?parent=318343"}],"wp:term":[{"taxonomy":"category","embeddable":true,"href":"https:\/\/www.europesays.com\/fr\/wp-json\/wp\/v2\/categories?post=318343"},{"taxonomy":"post_tag","embeddable":true,"href":"https:\/\/www.europesays.com\/fr\/wp-json\/wp\/v2\/tags?post=318343"}],"curies":[{"name":"wp","href":"https:\/\/api.w.org\/{rel}","templated":true}]}}