{"id":318347,"date":"2025-08-14T10:05:11","date_gmt":"2025-08-14T10:05:11","guid":{"rendered":"https:\/\/www.europesays.com\/fr\/318347\/"},"modified":"2025-08-14T10:05:11","modified_gmt":"2025-08-14T10:05:11","slug":"saviez-vous-que-tout-a-commence-par-une-legende","status":"publish","type":"post","link":"https:\/\/www.europesays.com\/fr\/318347\/","title":{"rendered":"saviez-vous que tout a commen\u00e7\u00e9 par une l\u00e9gende ?"},"content":{"rendered":"<p>   Avant d\u2019\u00eatre un myst\u00e8re, c\u2019est surtout une l\u00e9gende. Elle est ancienne et donne vraisemblablement depuis plusieurs si\u00e8cles son nom \u00e0 ce secteur de la rive gauche du Rh\u00f4ne \u00e0 Lyon. <\/p>\n<p>Selon les versions l\u2019\u00e9poque diff\u00e8re, mais le principe reste le m\u00eame\u00a0: cach\u00e9 dans un coffre, un tr\u00e9sor contenant une t\u00eate de Christ en or aurait \u00e9t\u00e9 enfoui dans ce qui s\u2019apparente alors \u00e0 un terrain vague mar\u00e9cageux. <\/p>\n<p>  \u00ab La campagne de ceux qui n\u2019en ont pas \u00bb<\/p>\n<p>Le mythe rebondit au XIXe\u00a0si\u00e8cle\u00a0: en 1855, une voyante aurait \u00e9t\u00e9 sollicit\u00e9e pour localiser le tr\u00e9sor avant que les Canuts, les ouvriers de la soie lyonnais, entrent en sc\u00e8ne. Des milliers d\u2019entre eux, au ch\u00f4mage, sont en effet sollicit\u00e9s pour participer aux travaux du parc, un projet initi\u00e9\u00a0par le pr\u00e9fet du Rh\u00f4ne Claude-Marius Va\u00efsse dans un lieu \u00ab\u00a0facilement accessible aux promeneurs \u00e0 pied\u00a0\u00bb et appel\u00e9 \u00e0 devenir \u00ab\u00a0la campagne de ceux qui n\u2019en ont pas\u00a0\u00bb.<\/p>\n<p>Lors des travaux de terrassement pour cr\u00e9er un lac, l\u2019histoire raconte que des ouvriers tombent sur la fameuse t\u00eate, qui fait l\u2019objet de toutes les convoitises. Devant la violence engendr\u00e9e par sa d\u00e9couverte, ils se mettent \u00e0 verser tant de larmes que le lac se remplit\u2026<\/p>\n<p><a href=\"https:\/\/www.leprogres.fr\/lyon\/2016\/08\/08\/voila-comment-un-jour-de-1856-est-ne-le-parc-de-la-tete-d-or\" target=\"_blank\" rel=\"noopener\">Le parc de la T\u00eate-d\u2019Or est inaugur\u00e9 en juillet\u00a01857<\/a> et son fameux lac est \u00e0 l\u2019origine aliment\u00e9 en r\u00e9alit\u00e9 par les eaux du Rh\u00f4ne.<\/p>\n","protected":false},"excerpt":{"rendered":"Avant d\u2019\u00eatre un myst\u00e8re, c\u2019est surtout une l\u00e9gende. Elle est ancienne et donne vraisemblablement depuis plusieurs si\u00e8cles son&hellip;\n","protected":false},"author":2,"featured_media":318348,"comment_status":"","ping_status":"","sticky":false,"template":"","format":"standard","meta":{"footnotes":""},"categories":[1889],"tags":[1111,11,2430,1687,2757,436,1777,674,107,1011,27,37062,937,2428,2756,12,25,4604,273,3151,104],"class_list":{"0":"post-318347","1":"post","2":"type-post","3":"status-publish","4":"format-standard","5":"has-post-thumbnail","7":"category-lyon","8":"tag-actu","9":"tag-actualites","10":"tag-auvergne-rhone-alpes","11":"tag-culture-loisirs","12":"tag-edition-lyon-villeurbanne","13":"tag-environnement","14":"tag-eu","15":"tag-europe","16":"tag-fil-info","17":"tag-fr","18":"tag-france","19":"tag-guide-de-lete","20":"tag-histoire","21":"tag-lyon","22":"tag-lyon-bassin","23":"tag-news","24":"tag-republique-francaise","25":"tag-selection-abonne","26":"tag-selection-de-la-redaction","27":"tag-selection-de-la-redaction-69","28":"tag-societe"},"share_on_mastodon":{"url":"https:\/\/pubeurope.com\/@fr\/115026560525462603","error":""},"_links":{"self":[{"href":"https:\/\/www.europesays.com\/fr\/wp-json\/wp\/v2\/posts\/318347","targetHints":{"allow":["GET"]}}],"collection":[{"href":"https:\/\/www.europesays.com\/fr\/wp-json\/wp\/v2\/posts"}],"about":[{"href":"https:\/\/www.europesays.com\/fr\/wp-json\/wp\/v2\/types\/post"}],"author":[{"embeddable":true,"href":"https:\/\/www.europesays.com\/fr\/wp-json\/wp\/v2\/users\/2"}],"replies":[{"embeddable":true,"href":"https:\/\/www.europesays.com\/fr\/wp-json\/wp\/v2\/comments?post=318347"}],"version-history":[{"count":0,"href":"https:\/\/www.europesays.com\/fr\/wp-json\/wp\/v2\/posts\/318347\/revisions"}],"wp:featuredmedia":[{"embeddable":true,"href":"https:\/\/www.europesays.com\/fr\/wp-json\/wp\/v2\/media\/318348"}],"wp:attachment":[{"href":"https:\/\/www.europesays.com\/fr\/wp-json\/wp\/v2\/media?parent=318347"}],"wp:term":[{"taxonomy":"category","embeddable":true,"href":"https:\/\/www.europesays.com\/fr\/wp-json\/wp\/v2\/categories?post=318347"},{"taxonomy":"post_tag","embeddable":true,"href":"https:\/\/www.europesays.com\/fr\/wp-json\/wp\/v2\/tags?post=318347"}],"curies":[{"name":"wp","href":"https:\/\/api.w.org\/{rel}","templated":true}]}}