{"id":318353,"date":"2025-08-14T10:08:10","date_gmt":"2025-08-14T10:08:10","guid":{"rendered":"https:\/\/www.europesays.com\/fr\/318353\/"},"modified":"2025-08-14T10:08:10","modified_gmt":"2025-08-14T10:08:10","slug":"meteo-apres-une-accalmie-de-la-canicule-les-temperatures-vont-remonter-en-fleche-a-paris-et-ile-de-france","status":"publish","type":"post","link":"https:\/\/www.europesays.com\/fr\/318353\/","title":{"rendered":"M\u00e9t\u00e9o. Apr\u00e8s une accalmie de la canicule, les temp\u00e9ratures vont remonter en fl\u00e8che \u00e0 Paris et \u00cele-de-France"},"content":{"rendered":"<p>            Par<br \/>\n        <strong><br \/>\n            <a href=\"https:\/\/actu.fr\/auteur\/redaction-paris\" title=\"Consulter tous les articles de R\u00e9daction Paris\" target=\"_blank\" rel=\"noopener\">R\u00e9daction Paris<\/a><br \/>\n        <\/strong><\/p>\n<p>        Publi\u00e9 le<\/p>\n<p>            14 ao\u00fbt 2025 \u00e0 11h02        <\/p>\n<p>La chaleur est persistante \u00e0 Paris et en \u00cele-de-France. Malgr\u00e9 <a href=\"https:\/\/actu.fr\/ile-de-france\/paris_75056\/meteo-des-rafales-et-des-orages-arrivent-a-paris-et-en-en-ile-de-france-voici-quand-ca-va-frapper_63031101.html\" target=\"_blank\" rel=\"noopener\">un \u00e9pisode orageux<\/a> et quelques gouttes de pluie, <strong>les temp\u00e9ratures ne baisseront toujours pas<\/strong> jeudi\u00a014 et vendredi 15\u00a0ao\u00fbt 2025. <a href=\"https:\/\/meteofrance.com\/\" target=\"_blank\" rel=\"noopener\">M\u00e9t\u00e9o-France<\/a> maintient sa vigilance orange canicule pour ces deux journ\u00e9es.<\/p>\n<p>Un pic de chaleur vendredi<\/p>\n<p class=\" wall-content\">Les fortes chaleurs vont durer au moins jusqu\u2019\u00e0 la fin du week-end. Selon les pr\u00e9visions M\u00e9t\u00e9o-France, elles ne devraient baisser qu\u2019en fin de semaine prochaine apr\u00e8s un \u00e9pisode pluvieux.<\/p>\n<p class=\" wall-content\">\n<p class=\" wall-content\">Cette deuxi\u00e8me vague caniculaire qui \u00e9crase les habitants d\u2019\u00cele-de-France depuis le 11 ao\u00fbt continuera de plomber le reste du pays. Pour rappel, <strong>75 d\u00e9partements<\/strong> ont \u00e9t\u00e9 plac\u00e9s en vigilance orange aux canicules. Le ph\u00e9nom\u00e8ne \u00e9pargne seulement les territoires du quart nord-ouest.<\/p>\n<p class=\" wall-content\">Dans les prochains jours, <strong>le mercure devrait atteindre un pic<\/strong> vendredi avec 32 degr\u00e9s attendus \u00e0 Paris dans l\u2019apr\u00e8s-midi et 29 degr\u00e9s dans la soir\u00e9e. \u00c0 partir de samedi en revanche, le thermom\u00e8tre ne devrait plus d\u00e9passer 30 degr\u00e9s avec un retour des nuages mardi et de la pluie mercredi.<\/p>\n<p class=\" wall-content\">Suivez toute l\u2019actualit\u00e9 de vos villes et m\u00e9dias favoris en vous inscrivant \u00e0 <a href=\"https:\/\/moncompte.actu.fr\" title=\"D\u00e9couvez Mon Actu\" rel=\"nofollow noopener\" data-trk=\"{&quot;cta&quot;:{&quot;action&quot;:&quot;https:\\\/\\\/moncompte.actu.fr&quot;,&quot;category&quot;:&quot;mon compte&quot;,&quot;from&quot;:&quot;article footer&quot;,&quot;name&quot;:&quot;Mon actu&quot;,&quot;type&quot;:&quot;cta&quot;}}\" target=\"_blank\">Mon Actu<\/a>.<\/p>\n","protected":false},"excerpt":{"rendered":"Par R\u00e9daction Paris Publi\u00e9 le 14 ao\u00fbt 2025 \u00e0 11h02 La chaleur est persistante \u00e0 Paris et en&hellip;\n","protected":false},"author":2,"featured_media":318354,"comment_status":"","ping_status":"","sticky":false,"template":"","format":"standard","meta":{"footnotes":""},"categories":[1888],"tags":[1111,1928,11,1927,6698,1777,674,1011,27,2487,2357,12,1926,626,1925,25],"class_list":{"0":"post-318353","1":"post","2":"type-post","3":"status-publish","4":"format-standard","5":"has-post-thumbnail","7":"category-paris","8":"tag-actu","9":"tag-actu-paris","10":"tag-actualites","11":"tag-actualites-paris","12":"tag-canicule","13":"tag-eu","14":"tag-europe","15":"tag-fr","16":"tag-france","17":"tag-meteo","18":"tag-meteo-france","19":"tag-news","20":"tag-news-paris","21":"tag-paris","22":"tag-paris-news","23":"tag-republique-francaise"},"share_on_mastodon":{"url":"https:\/\/pubeurope.com\/@fr\/115026572372786975","error":""},"_links":{"self":[{"href":"https:\/\/www.europesays.com\/fr\/wp-json\/wp\/v2\/posts\/318353","targetHints":{"allow":["GET"]}}],"collection":[{"href":"https:\/\/www.europesays.com\/fr\/wp-json\/wp\/v2\/posts"}],"about":[{"href":"https:\/\/www.europesays.com\/fr\/wp-json\/wp\/v2\/types\/post"}],"author":[{"embeddable":true,"href":"https:\/\/www.europesays.com\/fr\/wp-json\/wp\/v2\/users\/2"}],"replies":[{"embeddable":true,"href":"https:\/\/www.europesays.com\/fr\/wp-json\/wp\/v2\/comments?post=318353"}],"version-history":[{"count":0,"href":"https:\/\/www.europesays.com\/fr\/wp-json\/wp\/v2\/posts\/318353\/revisions"}],"wp:featuredmedia":[{"embeddable":true,"href":"https:\/\/www.europesays.com\/fr\/wp-json\/wp\/v2\/media\/318354"}],"wp:attachment":[{"href":"https:\/\/www.europesays.com\/fr\/wp-json\/wp\/v2\/media?parent=318353"}],"wp:term":[{"taxonomy":"category","embeddable":true,"href":"https:\/\/www.europesays.com\/fr\/wp-json\/wp\/v2\/categories?post=318353"},{"taxonomy":"post_tag","embeddable":true,"href":"https:\/\/www.europesays.com\/fr\/wp-json\/wp\/v2\/tags?post=318353"}],"curies":[{"name":"wp","href":"https:\/\/api.w.org\/{rel}","templated":true}]}}