{"id":318360,"date":"2025-08-14T10:12:11","date_gmt":"2025-08-14T10:12:11","guid":{"rendered":"https:\/\/www.europesays.com\/fr\/318360\/"},"modified":"2025-08-14T10:12:11","modified_gmt":"2025-08-14T10:12:11","slug":"attaque-de-drones-en-russie-zelensky-a-londres","status":"publish","type":"post","link":"https:\/\/www.europesays.com\/fr\/318360\/","title":{"rendered":"attaque de drones en Russie, Zelensky \u00e0 Londres"},"content":{"rendered":"<p>Poutine et Trump annoncent le programme de leur sommet<\/p>\n<p>Vladimir Poutine et Donald Trump <a href=\"https:\/\/www.la-croix.com\/international\/le-sommet-trump-poutine-une-victoire-pour-moscou-20250810\" data-tracking=\"inpage_click\" data-tracking-action=\"suivre un lien dans l&#039;article\" data-tracking-category=\"engagement\" rel=\"nofollow noopener\" target=\"_blank\">discuteront vendredi en Alaska<\/a> du conflit en\u00a0Ukraine\u00a0et plus globalement de la s\u00e9curit\u00e9 internationale, a annonc\u00e9 jeudi 14\u00a0ao\u00fbt le Kremlin, pr\u00e9cisant que ce sommet d\u00e9butera en soir\u00e9e et donnera lieu \u00e0 une conf\u00e9rence de presse commune.<\/p>\n<p>\u00ab\u00a0L\u2019ordre du jour portera principalement sur le r\u00e8glement de la crise ukrainienne\u00a0\u00bb, a d\u00e9clar\u00e9 aux journalistes le conseiller diplomatique de Vladimir Poutine, Iouri Ouchakov, \u00e9voquant aussi les th\u00e8mes de la \u00ab\u00a0paix\u00a0\u00bb et de la \u00ab\u00a0s\u00e9curit\u00e9\u00a0\u00bb, les \u00ab\u00a0questions internationales d\u2019importance\u00a0\u00bb et \u00ab\u00a0la coop\u00e9ration bilat\u00e9rale\u00a0\u00bb.<\/p>\n<p>Zelensky re\u00e7u \u00e0 Londres<\/p>\n<p>Le pr\u00e9sident ukrainien Volodymyr Zelensky a \u00e9t\u00e9 re\u00e7u \u00e0 Downing Street par le premier ministre britannique <a href=\"https:\/\/www.la-croix.com\/international\/au-royaume-uni-emmanuel-macron-et-keir-starmer-musclent-leur-alliance-militaire-20250710\" data-tracking=\"inpage_click\" data-tracking-action=\"suivre un lien dans l&#039;article\" data-tracking-category=\"engagement\" rel=\"nofollow noopener\" target=\"_blank\">Keir Starmer<\/a>, \u00e0 la veille du sommet Trump-Poutine en Alaska.<\/p>\n<p>Les deux hommes se sont embrass\u00e9s sur le perron de la r\u00e9sidence du premier ministre et se sont serr\u00e9 la main devant les cam\u00e9ras avant d\u2019entrer \u00e0 Downing Street, dans une manifestation d\u2019unit\u00e9 avant le sommet de vendredi. Keir Starmer avait \u00e9voqu\u00e9 mercredi une chance r\u00e9elle de parvenir \u00e0 un cessez-le-feu gr\u00e2ce \u00e0 la m\u00e9diation du pr\u00e9sident am\u00e9ricain.<\/p>\n<p>Attaque ukrainienne de drones en Russie<\/p>\n<p>L\u2019Ukraine a tir\u00e9 des dizaines de drones sur la Russie entre mercredi soir et jeudi matin, une attaque qui a fait trois bless\u00e9s et provoqu\u00e9 des incendies dans deux r\u00e9gions du sud du pays, notamment dans une raffinerie de p\u00e9trole, ont annonc\u00e9 les autorit\u00e9s russes.<\/p>\n<p>\u00ab\u00a0L\u2019attaque a provoqu\u00e9 un d\u00e9versement de produits p\u00e9troliers qui ont pris feu \u00e0 la raffinerie de p\u00e9trole de Volgograd\u00a0\u00bb, a indiqu\u00e9 le gouverneur de cette r\u00e9gion, Andre\u00ef Bocharov, dans un communiqu\u00e9 sur Telegram.<\/p>\n<p>Un autre drone ukrainien a frapp\u00e9 une voiture et bless\u00e9 trois personnes dans la r\u00e9gion de Belgorod, a indiqu\u00e9 son gouverneur, Viatcheslav Gladkov.<\/p>\n","protected":false},"excerpt":{"rendered":"Poutine et Trump annoncent le programme de leur sommet Vladimir Poutine et Donald Trump discuteront vendredi en Alaska&hellip;\n","protected":false},"author":2,"featured_media":318361,"comment_status":"","ping_status":"","sticky":false,"template":"","format":"standard","meta":{"footnotes":""},"categories":[1591],"tags":[11,1887,12,1885,1886,132],"class_list":{"0":"post-318360","1":"post","2":"type-post","3":"status-publish","4":"format-standard","5":"has-post-thumbnail","7":"category-russie","8":"tag-actualites","9":"tag-federation-de-russie","10":"tag-news","11":"tag-russia","12":"tag-russian-federation","13":"tag-russie"},"share_on_mastodon":{"url":"https:\/\/pubeurope.com\/@fr\/115026588117955702","error":""},"_links":{"self":[{"href":"https:\/\/www.europesays.com\/fr\/wp-json\/wp\/v2\/posts\/318360","targetHints":{"allow":["GET"]}}],"collection":[{"href":"https:\/\/www.europesays.com\/fr\/wp-json\/wp\/v2\/posts"}],"about":[{"href":"https:\/\/www.europesays.com\/fr\/wp-json\/wp\/v2\/types\/post"}],"author":[{"embeddable":true,"href":"https:\/\/www.europesays.com\/fr\/wp-json\/wp\/v2\/users\/2"}],"replies":[{"embeddable":true,"href":"https:\/\/www.europesays.com\/fr\/wp-json\/wp\/v2\/comments?post=318360"}],"version-history":[{"count":0,"href":"https:\/\/www.europesays.com\/fr\/wp-json\/wp\/v2\/posts\/318360\/revisions"}],"wp:featuredmedia":[{"embeddable":true,"href":"https:\/\/www.europesays.com\/fr\/wp-json\/wp\/v2\/media\/318361"}],"wp:attachment":[{"href":"https:\/\/www.europesays.com\/fr\/wp-json\/wp\/v2\/media?parent=318360"}],"wp:term":[{"taxonomy":"category","embeddable":true,"href":"https:\/\/www.europesays.com\/fr\/wp-json\/wp\/v2\/categories?post=318360"},{"taxonomy":"post_tag","embeddable":true,"href":"https:\/\/www.europesays.com\/fr\/wp-json\/wp\/v2\/tags?post=318360"}],"curies":[{"name":"wp","href":"https:\/\/api.w.org\/{rel}","templated":true}]}}