{"id":318362,"date":"2025-08-14T10:13:12","date_gmt":"2025-08-14T10:13:12","guid":{"rendered":"https:\/\/www.europesays.com\/fr\/318362\/"},"modified":"2025-08-14T10:13:12","modified_gmt":"2025-08-14T10:13:12","slug":"horaire-conference-de-presse-sujets-ce-quil-faut-savoir","status":"publish","type":"post","link":"https:\/\/www.europesays.com\/fr\/318362\/","title":{"rendered":"horaire, conf\u00e9rence de presse, sujets\u2026 Ce qu\u2019il faut savoir"},"content":{"rendered":"<p class=\"article-p mdl\">La rencontre entre Donald Trump et Vladimir Poutine approche \u00e0 grands pas. Le sommet est pr\u00e9vu pour le soir du vendredi 15 ao\u00fbt en Alaska. Le monde entier suit de pr\u00e8s cet \u00e9v\u00e9nement, qui devrait principalement aborder la guerre en Ukraine. Une conf\u00e9rence de presse conjointe avec les deux dirigeants est programm\u00e9e apr\u00e8s leur rencontre.<\/p>\n<p class=\"article-p mdl\">La r\u00e9union\u00a0<a class=\"link\" href=\"https:\/\/www.rtl.fr\/actu\/international\/guerre-en-ukraine-donald-trump-veut-rapidement-organiser-une-rencontre-avec-vladimir-poutine-et-volodymyr-zelensky-7900530703\" title=\"Guerre en Ukraine : Donald Trump veut rapidement organiser une rencontre avec Vladimir Poutine et Volodymyr Zelensky\" target=\"_blank\" rel=\"noopener\">entre les deux hommes\u00a0<\/a>commencera ce vendredi \u00e0 19h30 GMT, soit 21h30, heure de Paris. Ils se retrouveront sur la base militaire d&rsquo;Elmendorf-Richardson,\u00a0<a class=\"link\" href=\"https:\/\/www.rtl.fr\/actu\/international\/ukraine-pourquoi-donald-trump-et-vladimir-poutine-se-rencontrent-ils-en-alaska-7900529596\" title=\"Guerre en Ukraine : pourquoi Donald Trump et Vladimir Poutine se rencontrent-ils en Alaska ?\" target=\"_blank\" rel=\"noopener\">situ\u00e9e \u00e0 Anchorage,<\/a> la plus grande ville d&rsquo;Alaska. Un<strong>\u00a0lieu symbolique<\/strong>\u00a0choisi en raison de son importance strat\u00e9gique, particuli\u00e8rement pendant la p\u00e9riode de la Guerre froide.<\/p>\n<p class=\"article-p mdl\">\u00ab\u00a0L&rsquo;ordre du jour portera principalement sur le r\u00e8glement de<a class=\"link\" href=\"https:\/\/www.rtl.fr\/actu\/international\/guerre-en-ukraine-poutine-ne-veut-faire-aucune-concession-estime-le-general-dominique-trinquand-sur-rtl-7900530856\" title=\"Guerre en Ukraine : &quot;Poutine ne veut faire aucune concession&quot;, estime le g\u00e9n\u00e9ral Dominique Trinquand sur RTL\" target=\"_blank\" rel=\"noopener\"> la crise ukrainienne\u00a0\u00bb,\u00a0<\/a>a d\u00e9clar\u00e9 aux journalistes le conseiller diplomatique de M. Poutine, Iouri Ouchakov. Il a \u00e9galement mentionn\u00e9 les th\u00e8mes de la \u00ab\u00a0paix\u00a0\u00bb et de la \u00ab\u00a0s\u00e9curit\u00e9\u00a0\u00bb, les \u00ab\u00a0questions internationales d&rsquo;importance\u00a0\u00bb et la \u00ab\u00a0coop\u00e9ration bilat\u00e9rale\u00a0\u00bb. Bien que l&rsquo;Ukraine soit au c\u0153ur des discussions, le pr\u00e9sident <strong>Volodymyr Zelensky n&rsquo;a pas \u00e9t\u00e9 convi\u00e9\u00a0<\/strong>\u00e0 cet entretien.<\/p>\n<p>            Deux issues possibles<\/p>\n<p class=\"article-p mdl\"><a class=\"link\" href=\"https:\/\/www.rtl.fr\/actu\/international\/les-infos-de-18h-guerre-en-ukraine-ce-qu-il-faut-retenir-de-la-visioconference-avec-donald-trump-et-volodymyr-zelensky-7900530619\" title=\"Les infos de 18h - Guerre en Ukraine : ce qu&#039;il faut retenir de la visioconf\u00e9rence avec Donald Trump et Volodymyr Zelensky\" target=\"_blank\" rel=\"noopener\">Donald Trump<\/a>\u00a0a dit vouloir \u00ab\u00a0t\u00e2ter le terrain\u00a0\u00bb en Alaska avec Vladimir Poutine. Il avait estim\u00e9 mercredi 13 ao\u00fbt que deux issues \u00e9taient possibles. Si l&rsquo;entretien se passe bien, il d\u00e9bouchera \u00ab\u00a0presque imm\u00e9diatement\u00a0\u00bb sur une rencontre \u00e0 trois entre le pr\u00e9sident russe, Volodymyr Zelensky et lui-m\u00eame. <strong>Cette r\u00e9union tripartite <\/strong>aura pour objectif de mettre un terme \u00e0 la guerre d\u00e9clench\u00e9e en f\u00e9vrier 2022 par l&rsquo;invasion russe.<\/p>\n<p class=\"article-p mdl\">Mais si sa premi\u00e8re r\u00e9union en personne avec le ma\u00eetre du Kremlin depuis 2019 tourne mal, Donald Trump a assur\u00e9 qu&rsquo;il n&rsquo;y aurait pas de \u00ab\u00a0seconde rencontre\u00a0\u00bb pour mettre fin au plus sanglant conflit en Europe depuis la Seconde Guerre mondiale.<\/p>\n<p class=\"article-p mdl\">Les positions des deux camps restent tr\u00e8s \u00e9loign\u00e9es. La Russie r\u00e9clame que l&rsquo;Ukraine lui c\u00e8de quatre r\u00e9gions partiellement occup\u00e9es (Donetsk, Lougansk, Zaporijjia et Kherson), en plus de la Crim\u00e9e annex\u00e9e en 2014, et qu&rsquo;elle renonce aux livraisons d&rsquo;armes occidentales et \u00e0 toute adh\u00e9sion \u00e0 l&rsquo;Otan. Mais pour Kiev,\u00a0<a class=\"link\" href=\"https:\/\/www.rtl.fr\/actu\/international\/rencontre-trump-poutine-zelensky-rejette-tout-compromis-territorial-avant-le-sommet-7900529079\" title=\"Rencontre Trump-Poutine : Zelensky rejette tout compromis territorial avant le sommet\" target=\"_blank\" rel=\"noopener\">ces exigences sont inacceptables.<\/a><\/p>\n<p>    La r\u00e9daction vous recommande<\/p>\n<p class=\"s-newsletter__title\">\n                L\u2019actualit\u00e9 par la r\u00e9daction de RTL dans votre bo\u00eete mail.\n            <\/p>\n<p class=\"s-newsletter__subtitle\">\n                Gr\u00e2ce \u00e0 votre compte RTL abonnez-vous \u00e0 la newsletter RTL info pour suivre toute l&rsquo;actualit\u00e9 au quotidien\n            <\/p>\n<p>\n                                    Lire la suite\n                                <\/p>\n","protected":false},"excerpt":{"rendered":"La rencontre entre Donald Trump et Vladimir Poutine approche \u00e0 grands pas. Le sommet est pr\u00e9vu pour le&hellip;\n","protected":false},"author":2,"featured_media":112280,"comment_status":"","ping_status":"","sticky":false,"template":"","format":"standard","meta":{"footnotes":""},"categories":[1590],"tags":[11,75,73,1777,674,107,1146,131,14,12,132,220,135,134],"class_list":{"0":"post-318362","1":"post","2":"type-post","3":"status-publish","4":"format-standard","5":"has-post-thumbnail","7":"category-ukraine","8":"tag-actualites","9":"tag-donald-trump","10":"tag-etats-unis","11":"tag-eu","12":"tag-europe","13":"tag-fil-info","14":"tag-guerre","15":"tag-guerre-en-ukraine","16":"tag-international","17":"tag-news","18":"tag-russie","19":"tag-ukraine","20":"tag-vladimir-poutine","21":"tag-volodymyr-zelensky"},"share_on_mastodon":{"url":"https:\/\/pubeurope.com\/@fr\/115026592128904346","error":""},"_links":{"self":[{"href":"https:\/\/www.europesays.com\/fr\/wp-json\/wp\/v2\/posts\/318362","targetHints":{"allow":["GET"]}}],"collection":[{"href":"https:\/\/www.europesays.com\/fr\/wp-json\/wp\/v2\/posts"}],"about":[{"href":"https:\/\/www.europesays.com\/fr\/wp-json\/wp\/v2\/types\/post"}],"author":[{"embeddable":true,"href":"https:\/\/www.europesays.com\/fr\/wp-json\/wp\/v2\/users\/2"}],"replies":[{"embeddable":true,"href":"https:\/\/www.europesays.com\/fr\/wp-json\/wp\/v2\/comments?post=318362"}],"version-history":[{"count":0,"href":"https:\/\/www.europesays.com\/fr\/wp-json\/wp\/v2\/posts\/318362\/revisions"}],"wp:featuredmedia":[{"embeddable":true,"href":"https:\/\/www.europesays.com\/fr\/wp-json\/wp\/v2\/media\/112280"}],"wp:attachment":[{"href":"https:\/\/www.europesays.com\/fr\/wp-json\/wp\/v2\/media?parent=318362"}],"wp:term":[{"taxonomy":"category","embeddable":true,"href":"https:\/\/www.europesays.com\/fr\/wp-json\/wp\/v2\/categories?post=318362"},{"taxonomy":"post_tag","embeddable":true,"href":"https:\/\/www.europesays.com\/fr\/wp-json\/wp\/v2\/tags?post=318362"}],"curies":[{"name":"wp","href":"https:\/\/api.w.org\/{rel}","templated":true}]}}