{"id":318368,"date":"2025-08-14T10:17:19","date_gmt":"2025-08-14T10:17:19","guid":{"rendered":"https:\/\/www.europesays.com\/fr\/318368\/"},"modified":"2025-08-14T10:17:19","modified_gmt":"2025-08-14T10:17:19","slug":"un-pesticide-interdit-en-europe-present-en-quantite-dans-lusine-basf-de-genay","status":"publish","type":"post","link":"https:\/\/www.europesays.com\/fr\/318368\/","title":{"rendered":"Un pesticide interdit en Europe pr\u00e9sent en quantit\u00e9 dans l\u2019usine BASF de Genay"},"content":{"rendered":"<p>Se dirige-t-on vers un <a href=\"https:\/\/www.humanite.fr\/societe\/environnement\/pesticides-la-carte-qui-devoile-les-departements-les-plus-a-risque\" target=\"_blank\" rel=\"noopener\">nouveau scandale li\u00e9 aux pesticides<\/a>\u00a0? Dix tonnes de Fastac Tech \u2013 un insecticide retir\u00e9 du march\u00e9 en France depuis 2020 \u2013 ont \u00e9t\u00e9 d\u00e9couvertes sur le site BASF de Genay (Rh\u00f4ne), au nord de Lyon. Ce produit contient de l\u2019alpha-cyperm\u00e9thrine, une substance active interdite depuis 2021 dans l\u2019Union europ\u00e9enne (UE). C\u2019est ce que r\u00e9v\u00e8le un rapport de l\u2019Inspection des installations class\u00e9es, relevant de la Direction r\u00e9gionale de l\u2019environnement, de l\u2019am\u00e9nagement et du logement (DREAL) rendu public le 8\u00a0ao\u00fbt.<\/p>\n<p>Ce document de quinze pages \u00e9voque \u00ab\u00a0plusieurs dizaines de tonnes\u00a0\u00bb de produits contenant de l\u2019alpha-cyperm\u00e9thrine\u00a0: du Fastac mais aussi d\u2019autres produits phytopharmaceutiques. Selon les donn\u00e9es communiqu\u00e9es par le g\u00e9ant allemand des phytosanitaires il s\u2019agirait de \u00ab\u00a0plusieurs dizaines de milliers de litres de produits \u00e0 base de cette substance active stock\u00e9es\u00a0\u00bb et destin\u00e9es \u00e0 l\u2019export hors UE. Les inspecteurs ont aussi relev\u00e9 la pr\u00e9sence de chlorf\u00e9napyr, un insecticide \u00e9galement interdit.<\/p>\n<p>Les faucheurs et faucheuses volontaires, lanceurs d\u2019alerte<\/p>\n<p>Le 30\u00a0juin, une inspection de l\u2019usine BASF de Genay, a \u00e9t\u00e9 men\u00e9e sur ordre du <a href=\"https:\/\/www.humanite.fr\/social-et-economie\/agnes-pannier-runacher\/la-transition-ecologique-attendra-les-budgets-ecologie-du-gouvernement-bayrou-amputes-de-pres-de-700-millions-deuros\" target=\"_blank\" rel=\"noopener\">minist\u00e8re de la Transition \u00e9cologique<\/a>, une semaine apr\u00e8s l\u2019intrusion de Faucheurs et faucheuses volontaires d\u2019OGM. Les militants du collectif y sont rest\u00e9s environ quarante minutes avant d\u2019\u00eatre \u00e9vacu\u00e9s, <a href=\"https:\/\/www.mediapart.fr\/journal\/economie-et-social\/250625\/un-pesticide-interdit-depuis-fin-2020-decouvert-dans-une-usine-de-basf?utm_source=article_offert&amp;utm_medium=email&amp;utm_campaign=TRANSAC&amp;utm_content=&amp;utm_term=&amp;xtor=EPR-1013-%5Barticle-offert%5D&amp;M_BT=5286248057241\" target=\"_blank\" rel=\"noopener\">selon Mediapart<\/a>. Ils affirment avoir d\u00e9couvert \u00ab\u00a0un stock du pesticide Fastac et sa substance active, l\u2019alpha-cyperm\u00e9thrine\u00a0\u00bb.<\/p>\n<p>D\u00e8s le 2\u00a0juillet, la pr\u00e9fecture du Rh\u00f4ne faisait savoir que cette inspection avait \u00ab\u00a0permis de confirmer la production et la pr\u00e9sence de stocks de produit phytopharmaceutique Fastac contenant de l\u2019alpha-cyperm\u00e9thrine, destin\u00e9 \u00e0 l\u2019export, ce qui est interdit par la loi Egalim\u00a0\u00bb.<\/p>\n<p><a href=\"https:\/\/www.humanite.fr\/en-debat\/agriculture\/la-loi-egalim-ecrasee-par-la-mondialisation-liberale\" target=\"_blank\" rel=\"noopener\">Adopt\u00e9e en 2018 et appliqu\u00e9e depuis 2022, la loi Egalim<\/a> interdit \u00ab\u00a0la production, le stockage et la circulation de produits phytopharmaceutiques contenant des substances actives non approuv\u00e9es\u00a0\u00bb par l\u2019UE. \u00ab\u00a0Un produit phytopharmaceutique contenant de l\u2019alpha-cyperm\u00e9thrine entre dans le champ d\u2019application de la loi\u00a0\u00bb, nous confirme le minist\u00e8re, ajoutant\u00a0: \u00ab\u00a0Son export est \u00e9galement interdit.\u00a0\u00bb<\/p>\n<p>Des produits destin\u00e9s \u00e0 l\u2019export<\/p>\n<p>Contact\u00e9, BASF affirme que \u00ab\u00a0toutes les productions du produit phytopharmaceutique FASTAC, \u00e0 base de la mati\u00e8re active alpha-cyperm\u00e9thrine, sont conformes \u00e0 la r\u00e9glementation fran\u00e7aise, y compris au regard du dispositif Egalim\u00a0\u00bb.<\/p>\n<p>Cette divergence illustre les zones grises de la loi, que souligne le minist\u00e8re de la Transition \u00e9cologique\u00a0: \u00ab\u00a0L\u2019interdiction pr\u00e9vue par <a href=\"https:\/\/www.humanite.fr\/en-debat\/agriculture\/quand-le-gouvernement-detricote-ses-deux-lois-egalim\" data-type=\"link\" data-id=\"https:\/\/www.humanite.fr\/en-debat\/agriculture\/quand-le-gouvernement-detricote-ses-deux-lois-egalim\" target=\"_blank\" rel=\"noopener\">la loi EGALIM<\/a> peut pr\u00e9senter des difficult\u00e9s d\u2019interpr\u00e9tation sur les substances et produits auxquels elle s\u2019applique. En particulier, l\u2019interdiction ne s\u2019applique pas aux substances actives, mais aux produits phytopharmaceutiques qui en contiennent.\u00a0\u00bb<\/p>\n<p>Un flou qui devrait dispara\u00eetre au 1er\u00a0janvier 2026, avec l\u2019entr\u00e9e en vigueur de <a href=\"https:\/\/www.humanite.fr\/environnement\/agriculture\/le-conseil-constitutionnel-censure-partiellement-la-loi-duplomb\" target=\"_blank\" rel=\"noopener\">la loi Duplomb, promulgu\u00e9e le 11\u00a0ao\u00fbt<\/a>, qui interdira de \u00ab\u00a0produire, stocker et faire circuler des substances actives ayant fait l\u2019objet d\u2019un refus ou d\u2019un non-renouvellement au niveau europ\u00e9en\u00a0\u00bb. <a href=\"https:\/\/www.humanite.fr\/social-et-economie\/agriculture\/loi-duplomb-les-syndicats-paysans-opposes-a-la-deregulation-au-mepris-de-la-sante-et-de-lenvironnement\" target=\"_blank\" rel=\"noopener\">La Conf\u00e9d\u00e9ration paysanne<\/a> salue cette extension\u00a0: \u00ab\u00a0Cela montre que l\u2019Etat ne se fait pas berner par les strat\u00e9gies des g\u00e9ants de l\u2019agrochimie, commente son porte-parole Thomas Gibert. Comme BASF qui tente de se d\u00e9douaner en disant \u201con n\u2019exporte que les substances actives\u201d.\u00a0\u00bb<\/p>\n<p>Selon la DREAL, l\u2019alpha-cyperm\u00e9thrine pr\u00e9sente \u00e0 Genay est \u00ab\u00a0fabriqu\u00e9e en Inde\u00a0\u00bb, puis \u00ab\u00a0livr\u00e9e chez BASF en Belgique\u00a0\u00bb \u2014 o\u00f9 le groupe centralise ses importations \u2014 avant d\u2019\u00eatre achemin\u00e9e en France. \u00c0 Genay, maillon cl\u00e9 de son dispositif international, BASF \u00ab\u00a0m\u00e9lange les substances et les conditionne sous forme d\u2019insecticides, de fongicides, de traitement des semences\u00a0\u00bb. Ces formulations sont destin\u00e9es \u00e0 l\u2019export hors UE\u00a0: en 2023 et 2024, elles ont \u00e9t\u00e9 achemin\u00e9es vers le Kenya et la Turquie.<\/p>\n<p>\u00ab\u00a0Ces multinationales jouent avec la vie des gens\u00a0\u00bb<\/p>\n<p>En th\u00e9orie, ces exportations doivent \u00eatre notifi\u00e9es aux autorit\u00e9s fran\u00e7aises. Or, selon le minist\u00e8re, \u00ab\u00a0BASF n\u2019a pas obtenu d\u2019autorisation d\u2019exportation d\u2019un produit phytopharmaceutique contenant cette substance (NDLR\u00a0: l\u2019alpha-cyperm\u00e9thrine)\u00a0\u00bb depuis la France ces derni\u00e8res ann\u00e9es. Depuis mi-2024, c\u2019est la plateforme n\u00e9erlandaise de BASF qui g\u00e8re les exportations de produits formul\u00e9s dans les usines europ\u00e9ennes. Dans son rapport, la DREAL \u00e9pingle l\u2019industriel pour des justificatifs manquants sur certaines de ces exp\u00e9ditions en 2023 et 2024.<\/p>\n<p>\u00ab\u00a0C\u2019est inacceptable de savoir qu\u2019on va exporter des produits interdits chez nous, fustige Thomas Gibert. C\u2019est du colonialisme agrochimique. Les multinationales jouent sur chaque mot pour \u00e9chapper \u00e0 la loi, alors qu\u2019en r\u00e9alit\u00e9, elles jouent avec la vie des gens.\u00a0\u00bb<\/p>\n<p>Quelles suites\u00a0?<\/p>\n<p>Ces substances ne sont pas sans danger pour la biodiversit\u00e9 et la sant\u00e9 humaine. <a href=\"https:\/\/www.humanite.fr\/societe\/glyphosate\/glyphosate-les-experts-europeens-ecartent-le-risque-cancerogene\" target=\"_blank\" rel=\"noopener\">L\u2019Agence europ\u00e9enne des produits chimiques (ECHA)<\/a> classe l\u2019alpha-cyperm\u00e9thrine comme toxique pour les milieux aquatiques et dangereuse pour la sant\u00e9 humaine, pouvant irriter les voies respiratoires et endommager certains organes en cas d\u2019exposition prolong\u00e9e. L\u2019Autorit\u00e9 europ\u00e9enne de s\u00e9curit\u00e9 des aliments (EFSA) alertait aussi d\u00e8s 2018 sur <a href=\"https:\/\/www.humanite.fr\/environnement\/conseil-constitutionnel\/une-excellente-nouvelle-pour-la-sante-publique-et-lenvironnement-la-gauche-celebre-la-censure-du-pesticide-tueur-dabeille\" data-type=\"link\" data-id=\"https:\/\/www.humanite.fr\/environnement\/conseil-constitutionnel\/une-excellente-nouvelle-pour-la-sante-publique-et-lenvironnement-la-gauche-celebre-la-censure-du-pesticide-tueur-dabeille\" target=\"_blank\" rel=\"noopener\">un risque \u00e9lev\u00e9 pour les abeilles<\/a> et les bourdons.<\/p>\n<p>Quelles suites peuvent \u00eatre donn\u00e9es \u00e0 cette affaire\u00a0? La DREAL, prudente, indique vouloir \u00ab\u00a0saisir les autorit\u00e9s administratives en charge du contr\u00f4le des produits phytopharmaceutiques\u00a0\u00bb pour statuer. Le minist\u00e8re de la Transition \u00e9cologique pr\u00e9cise que ces suites rel\u00e8vent du minist\u00e8re de l\u2019Agriculture, comp\u00e9tent pour d\u00e9cider \u00ab\u00a0des suites administratives, et \u00e9ventuellement p\u00e9nales\u00a0\u00bb. De son c\u00f4t\u00e9, la pr\u00e9fecture du Rh\u00f4ne nous assure qu\u2019une \u00ab\u00a0r\u00e9union aura lieu avec BASF courant septembre\u00a0\u00bb.<\/p>\n<p>Pour Thomas Gibert, l\u2019affaire BASF est avant tout politique. \u00ab\u00a0L\u2019entreprise cherche \u00e0 \u00e9touffer le scandale.\u00a0L\u2019\u00c9tat doit absolument r\u00e9agir, et pour cela il faut maintenir la pression, comme nous l\u2019avons fait avec <a href=\"https:\/\/www.humanite.fr\/politique\/assemblee-nationale\/il-faut-entendre-la-colere-comment-la-petition-contre-la-loi-duplomb-fissure-le-socle-commun-de-linterieur\" target=\"_blank\" rel=\"noopener\">la p\u00e9tition sur la loi Duplomb<\/a>. Sans cette pression, je doute que ce soit le type de sujet dont l\u2019\u00c9tat aime s\u2019occuper.\u00a0\u00bb<\/p>\n<p>Le syndicaliste pr\u00e9vient\u00a0: \u00ab\u00a0Le sujet va revenir sur la table d\u00e8s septembre. Nous devons poursuivre les actions, car m\u00eame si nous avons remport\u00e9 une petite victoire avec l\u2019interdiction de l\u2019ac\u00e9tamipride, le syst\u00e8me agrochimique et son armement sont encore bien pr\u00e9sents\u2026 et les cancers continueront de se multiplier.\u00a0\u00bb<\/p>\n<p>La Terre de nos batailles<\/p>\n<p><strong>La justice climatique,<\/strong> c\u2019est notre bataille. Celle qui relie luttes environnementales et sociales pour contrer un syst\u00e8me capitaliste faisant ventre de tout. Du vivant, de la plan\u00e8te, de notre humanit\u00e9.<\/p>\n<p><strong>Il n\u2019y a pas de fatalit\u00e9. <\/strong><\/p>\n<ul class=\"wp-block-list\">\n<li>Nous d\u00e9masquons les manipulations des lobbies. <\/li>\n<li>Nous battons en br\u00e8che les d\u00e9nis climatiques mortif\u00e8res. <\/li>\n<li>Nous mettons en valeur les initiatives visant \u00e0 r\u00e9duire les in\u00e9galit\u00e9s environnementales et les fractures sociales.<\/li>\n<\/ul>\n<p><strong>Soutenez-nous.<\/strong><br \/><a href=\"https:\/\/www.humanite.fr\/lhumanite-cest-vous\" data-type=\"link\" data-id=\"https:\/\/www.humanite.fr\/lhumanite-cest-vous\" target=\"_blank\" rel=\"noopener\">Je veux en savoir plus<\/a><\/p>\n","protected":false},"excerpt":{"rendered":"Se dirige-t-on vers un nouveau scandale li\u00e9 aux pesticides\u00a0? Dix tonnes de Fastac Tech \u2013 un insecticide retir\u00e9&hellip;\n","protected":false},"author":2,"featured_media":318369,"comment_status":"","ping_status":"","sticky":false,"template":"","format":"standard","meta":{"footnotes":""},"categories":[1586],"tags":[11,45671,1777,674,1011,27,25754,12,36135,25],"class_list":{"0":"post-318368","1":"post","2":"type-post","3":"status-publish","4":"format-standard","5":"has-post-thumbnail","7":"category-europe","8":"tag-actualites","9":"tag-basf","10":"tag-eu","11":"tag-europe","12":"tag-fr","13":"tag-france","14":"tag-loi-duplomb","15":"tag-news","16":"tag-pesticide","17":"tag-republique-francaise"},"share_on_mastodon":{"url":"https:\/\/pubeurope.com\/@fr\/115026607622252441","error":""},"_links":{"self":[{"href":"https:\/\/www.europesays.com\/fr\/wp-json\/wp\/v2\/posts\/318368","targetHints":{"allow":["GET"]}}],"collection":[{"href":"https:\/\/www.europesays.com\/fr\/wp-json\/wp\/v2\/posts"}],"about":[{"href":"https:\/\/www.europesays.com\/fr\/wp-json\/wp\/v2\/types\/post"}],"author":[{"embeddable":true,"href":"https:\/\/www.europesays.com\/fr\/wp-json\/wp\/v2\/users\/2"}],"replies":[{"embeddable":true,"href":"https:\/\/www.europesays.com\/fr\/wp-json\/wp\/v2\/comments?post=318368"}],"version-history":[{"count":0,"href":"https:\/\/www.europesays.com\/fr\/wp-json\/wp\/v2\/posts\/318368\/revisions"}],"wp:featuredmedia":[{"embeddable":true,"href":"https:\/\/www.europesays.com\/fr\/wp-json\/wp\/v2\/media\/318369"}],"wp:attachment":[{"href":"https:\/\/www.europesays.com\/fr\/wp-json\/wp\/v2\/media?parent=318368"}],"wp:term":[{"taxonomy":"category","embeddable":true,"href":"https:\/\/www.europesays.com\/fr\/wp-json\/wp\/v2\/categories?post=318368"},{"taxonomy":"post_tag","embeddable":true,"href":"https:\/\/www.europesays.com\/fr\/wp-json\/wp\/v2\/tags?post=318368"}],"curies":[{"name":"wp","href":"https:\/\/api.w.org\/{rel}","templated":true}]}}