{"id":318370,"date":"2025-08-14T10:18:12","date_gmt":"2025-08-14T10:18:12","guid":{"rendered":"https:\/\/www.europesays.com\/fr\/318370\/"},"modified":"2025-08-14T10:18:12","modified_gmt":"2025-08-14T10:18:12","slug":"incendies-devastateurs-en-espagne-madrid-appelle-a-laide-europeenne-alors-que-le-bilan-humain-salourdit-linfo-re","status":"publish","type":"post","link":"https:\/\/www.europesays.com\/fr\/318370\/","title":{"rendered":"Incendies d\u00e9vastateurs en Espagne : Madrid appelle \u00e0 l\u2019aide europ\u00e9enne alors que le bilan humain s\u2019alourdit &#8211; LINFO.re"},"content":{"rendered":"<p>Mercredi 13 ao\u00fbt, l\u2019Espagne a sollicit\u00e9 l\u2019aide de l\u2019Union europ\u00e9enne pour faire face aux incendies qui d\u00e9vastent le pays.<\/p>\n<p>\t\t\t\t\t\t<strong>Appel \u00e0 l\u2019aide europ\u00e9enne<\/strong><\/p>\n<p>Face \u00e0 l\u2019intensification des <strong>incendies<\/strong>, l\u2019<strong>Espagne<\/strong> a sollicit\u00e9 mercredi l\u2019assistance de l\u2019Union europ\u00e9enne. Le ministre de l\u2019Int\u00e9rieur a demand\u00e9 l\u2019envoi de deux avions-Canadair pour aider \u00e0 ma\u00eetriser les flammes. Les r\u00e9gions les plus touch\u00e9es sont la Galice et la Castille-et-L\u00e9on, o\u00f9 des milliers d\u2019hectares ont \u00e9t\u00e9 ravag\u00e9s. Les autorit\u00e9s ont d\u00fb \u00e9vacuer plus de 8 000 habitants en raison de la menace des feux, qui ont d\u00e9j\u00e0 caus\u00e9 plusieurs blessures graves, dont celle d\u2019un homme br\u00fbl\u00e9 sur 85% de son corps. Un volontaire est \u00e9galement d\u00e9c\u00e9d\u00e9 dans la lutte contre les <strong>incendies<\/strong>, rapportent les m\u00e9dias fran\u00e7ais comme Le Figaro et Ouest-France.<\/p>\n<p>&gt; \u00c0 lire aussi\u00a0: <a href=\"https:\/\/www.linfo.re\/monde\/europe\/une-ville-espagnole-a-supprime-les-celebrations-de-fetes-musulmanes-dans-l-espace-public\" target=\"_blank\" rel=\"nofollow noopener\"><strong>Une ville espagnole a supprim\u00e9 les c\u00e9l\u00e9brations de f\u00eates musulmanes dans l\u2019espace public<\/strong><\/a><\/p>\n<p><strong>Situation critique au Portugal<\/strong><\/p>\n<p>Au Portugal, plus de 2 000 pompiers sont engag\u00e9s dans la lutte contre plusieurs foyers de feu, soutenus par des moyens a\u00e9riens. Le pays a prolong\u00e9 ses mesures de pr\u00e9vention face \u00e0 des temp\u00e9ratures extr\u00eames et des rafales de vent. La circulation des trains a \u00e9t\u00e9 perturb\u00e9e entre Madrid et la Galice \u00e0 cause d\u2019un<strong> incendie <\/strong>pr\u00e8s des voies.<\/p>\n<p>&gt; Toute l\u2019<a href=\"https:\/\/www.linfo.re\/monde\" target=\"_blank\" rel=\"nofollow noopener\"><strong>actualit\u00e9 internationale sur LINFO.re<\/strong><\/a><\/p>\n","protected":false},"excerpt":{"rendered":"Mercredi 13 ao\u00fbt, l\u2019Espagne a sollicit\u00e9 l\u2019aide de l\u2019Union europ\u00e9enne pour faire face aux incendies qui d\u00e9vastent le&hellip;\n","protected":false},"author":2,"featured_media":318371,"comment_status":"","ping_status":"","sticky":false,"template":"","format":"standard","meta":{"footnotes":""},"categories":[1586],"tags":[47,11,123,1777,674,1779,1011,27,1310,1922,74,12,25,1778,364],"class_list":{"0":"post-318370","1":"post","2":"type-post","3":"status-publish","4":"format-standard","5":"has-post-thumbnail","7":"category-europe","8":"tag-actualite","9":"tag-actualites","10":"tag-espagne","11":"tag-eu","12":"tag-europe","13":"tag-european-union","14":"tag-fr","15":"tag-france","16":"tag-incendie","17":"tag-info","18":"tag-monde","19":"tag-news","20":"tag-republique-francaise","21":"tag-ue","22":"tag-union-europeenne"},"share_on_mastodon":{"url":"","error":""},"_links":{"self":[{"href":"https:\/\/www.europesays.com\/fr\/wp-json\/wp\/v2\/posts\/318370","targetHints":{"allow":["GET"]}}],"collection":[{"href":"https:\/\/www.europesays.com\/fr\/wp-json\/wp\/v2\/posts"}],"about":[{"href":"https:\/\/www.europesays.com\/fr\/wp-json\/wp\/v2\/types\/post"}],"author":[{"embeddable":true,"href":"https:\/\/www.europesays.com\/fr\/wp-json\/wp\/v2\/users\/2"}],"replies":[{"embeddable":true,"href":"https:\/\/www.europesays.com\/fr\/wp-json\/wp\/v2\/comments?post=318370"}],"version-history":[{"count":0,"href":"https:\/\/www.europesays.com\/fr\/wp-json\/wp\/v2\/posts\/318370\/revisions"}],"wp:featuredmedia":[{"embeddable":true,"href":"https:\/\/www.europesays.com\/fr\/wp-json\/wp\/v2\/media\/318371"}],"wp:attachment":[{"href":"https:\/\/www.europesays.com\/fr\/wp-json\/wp\/v2\/media?parent=318370"}],"wp:term":[{"taxonomy":"category","embeddable":true,"href":"https:\/\/www.europesays.com\/fr\/wp-json\/wp\/v2\/categories?post=318370"},{"taxonomy":"post_tag","embeddable":true,"href":"https:\/\/www.europesays.com\/fr\/wp-json\/wp\/v2\/tags?post=318370"}],"curies":[{"name":"wp","href":"https:\/\/api.w.org\/{rel}","templated":true}]}}