{"id":318378,"date":"2025-08-14T10:22:15","date_gmt":"2025-08-14T10:22:15","guid":{"rendered":"https:\/\/www.europesays.com\/fr\/318378\/"},"modified":"2025-08-14T10:22:15","modified_gmt":"2025-08-14T10:22:15","slug":"des-gros-poissons-du-liv-golf-sur-le-dp-world-tour-debut-septembre","status":"publish","type":"post","link":"https:\/\/www.europesays.com\/fr\/318378\/","title":{"rendered":"Des gros poissons du LIV Golf sur le DP World Tour d\u00e9but septembre"},"content":{"rendered":"<p>\t\t\t\t\t\t<img width=\"770\" height=\"556\" src=\"https:\/\/www.europesays.com\/fr\/wp-content\/uploads\/2025\/08\/golf-pga-tour-liv-guerre-the-match-brooks-koepka-rory-mcilroy-770x556.jpg\" class=\"img-responsive wp-post-image\" alt=\"Brooks Koepka Rory McIlroy Ezra Shaw\/Getty Images\/AFP\" decoding=\"async\" fetchpriority=\"high\"  \/>\t\t\t\t\t<\/p>\n<p>\t\t\t\t\t\t Partager cet article <\/p>\n<p class=\"screen-reader-text juiz_sps_maybe_hidden_text\">Partager la publication \u00ab\u00a0Des gros poissons du LIV Golf sur le DP World Tour d\u00e9but septembre\u00a0\u00bb<\/p>\n<p><strong>Outre Rory McIlroy et Shane Lowry, le plateau 2025 de l\u2019Amgen Irish Open disput\u00e9 cette ann\u00e9e au K-Club, h\u00f4te de la Ryder 2006, s\u2019est renforc\u00e9 de trois \u00ab\u00a0stars\u00a0\u00bb du LIV Golf\u00a0: Brooks Koepka, Sergio Garcia et Tyrrell Hatton.<\/strong><\/p>\n<p>\t\t\t\t\t<a id=\"179385\" href=\"https:\/\/tickets.europeantour.com\/eut\/#\/c6906933-bb43-434b-a22d-0ae172a572d4\/shop\/custom-pack?fac=EUT&amp;locale=fr&amp;skin=pgaetodf&amp;utm_campaign=ODF&amp;utm_content=Ticketing&amp;utm_medium=Web&amp;utm_source=Partner&amp;utm_term=PavonGolfPlanete\" target=\"_blank\" rel=\"sponsorised nofollow noopener\"><img decoding=\"async\" src=\"data:image\/svg+xml,%3Csvg%20xmlns=\" http:=\"\" class=\"img-responsive\" alt=\"\" data-lazy-src=\"https:\/\/www.europesays.com\/fr\/wp-content\/uploads\/2025\/07\/opendefrance-e03-plateau-1407-1170x275-1.jpg\"\/><\/a><\/p>\n<p>Cette 70e \u00e9dition de l\u2019<strong>Amgen Irish Open<\/strong> (4-7 septembre) risque fort de marquer les esprits. En plus de se d\u00e9rouler sur le mythique trac\u00e9 du <strong>K-Club<\/strong>, dans le comt\u00e9 de Kildare, h\u00f4te de la <strong>Ryder Cup 2006<\/strong> remport\u00e9e par les hommes du capitaine gallois, <strong>Ian Woosnam<\/strong>, l\u2019\u00e9tape irlandaise du <strong>DP Word Tour<\/strong> pourra compter sur la pr\u00e9sence de plusieurs tr\u00e8s grands joueurs.<\/p>\n<p>Si <strong>Rory McIlroy<\/strong> et <strong>Shane Lowry<\/strong> ont d\u00e9j\u00e0 confirm\u00e9 qu\u2019ils seront bien au d\u00e9part, dans le sillage du Danois <strong>Rasmus H\u00f8jgaard<\/strong>, le tenant du titre, trois tr\u00e8s gros poissons du <strong>LIV Golf<\/strong> s\u2019ajoutent \u00e0 la liste. <strong>Brooks Koepka<\/strong>, <strong>Sergio Garcia<\/strong> et <strong>Tyrrell Hatton<\/strong> participeront en effet \u00e0 l\u2019un des tournois phares du <strong>Back 9<\/strong> sur le DP World, fort d\u2019une dotation de 6 millions de dollars.<\/p>\n<p>\t\t\t\t\t<a id=\"181442\" href=\"https:\/\/www.formigolf.fr\/voyage-pays~fairplay_golf__spa_resort_5etoiles_cadiz~199~espagne\" target=\"_blank\" rel=\"sponsorised nofollow noopener\"><img decoding=\"async\" src=\"data:image\/svg+xml,%3Csvg%20xmlns=\" http:=\"\" class=\"img-responsive\" alt=\"\" data-lazy-src=\"https:\/\/www.europesays.com\/fr\/wp-content\/uploads\/2025\/08\/formigolf-e08-andalousie-cadiz-1170x275-1.gif\"\/><\/a><\/p>\n<blockquote class=\"instagram-media\" style=\"background: #FFF; border: 0; border-radius: 3px; box-shadow: 0 0 1px 0 rgba(0,0,0,0.5),0 1px 10px 0 rgba(0,0,0,0.15); margin: 1px; max-width: 540px; min-width: 326px; padding: 0; width: calc(100% - 2px);\" data-instgrm-captioned=\"\" data-instgrm-permalink=\"https:\/\/www.instagram.com\/p\/DNSzT6bsCM1\/?utm_source=ig_embed&amp;utm_campaign=loading\" data-instgrm-version=\"14\">\n<\/blockquote>\n<p>\t\t\t\t\t<a id=\"181434\" href=\"https:\/\/www.omegaeuropeanmasters.com\/fr\/tickets\/tickets\" target=\"_blank\" rel=\"sponsorised nofollow noopener\"><img decoding=\"async\" src=\"data:image\/svg+xml,%3Csvg%20xmlns=\" http:=\"\" class=\"img-responsive\" alt=\"\" data-lazy-src=\"https:\/\/www.europesays.com\/fr\/wp-content\/uploads\/2025\/08\/omegamasters-e02-billetterie-om25-1170x275-1.jpg\"\/><\/a><\/p>\n<p>\u00ab Nous sommes ravis d\u2019annoncer que Brooks Koepka, Sergio Garcia et Tyrrell Hatton participeront \u00e0 l\u2019Amgen Irish Open en septembre, a annonc\u00e9 le club irlandais sur ses r\u00e9seaux sociaux. Des victoires en tournoi majeur aux exploits inoubliables de la Ryder Cup, ces stars sont pr\u00eates \u00e0 offrir un golf de classe mondiale \u00e0 Kildare \u2013 et vous pourrez \u00eatre l\u00e0 pour tout voir. \u00bb<\/p>\n<p>Le Palmer North, class\u00e9 parmi les trois meilleurs parcours de golf d\u2019Irlande, a accueilli \u00e0 deux reprises l\u2019Open d\u2019Irlande. En 2016 (victoire de Rory McIlroy) et en 2023 (victoire du Su\u00e9dois <strong>Vincent Noorman<\/strong>).<\/p>\n<p>Cinq fois victorieux en Majeurs, Brooks Koepka fera ses d\u00e9buts \u00e0 l\u2019Irish Open alors que Sergio Garcia s\u2019\u00e9tait impos\u00e9 en 1999 au <strong>Druids Glen Golf Resort<\/strong>. L\u2019Espagnol, qui tente de \u00ab\u00a0convaincre\u00a0\u00bb <strong>Luke Donald<\/strong> de le retenir parmi ses six choix, faisait partie de l\u2019\u00e9quipe europ\u00e9enne de Ryder Cup en 2006 au K-Club.<\/p>\n<p>Quant \u00e0 <strong>Tyrrell Hatton<\/strong>, ce sera sa 8e visite \u00e0 l\u2019Irish Open. 4e en 2015, il avait fini 5e l\u2019ann\u00e9e suivante au K-Club avant d\u2019encha\u00eener avec quatre cuts manqu\u00e9s entre 2017 et 2023.<\/p>\n<p>\t\t\t\t\t<a id=\"179399\" href=\"https:\/\/www.terre-blanche.com\/landing\/summer-deals?mtm_campaign=summer_deals_golf_planet_juil_2025&amp;mtm_medium=display&amp;mtm_source=golf_planet&amp;mtm_content=_CTA_&amp;mtm_group=trafic\" target=\"_blank\" rel=\"sponsorised nofollow noopener\"><img fetchpriority=\"high\" decoding=\"async\" src=\"https:\/\/www.europesays.com\/fr\/wp-content\/uploads\/2025\/07\/terreblanche-e01-summer-deals-1170x275-1.gif\" class=\"img-responsive\" alt=\"\"\/><\/a><\/p>\n<p>Photo : Ezra Shaw\/Getty Images\/AFP<\/p>\n<p>\t\t\t<script async src=\"\/\/www.instagram.com\/embed.js\"><\/script><\/p>\n","protected":false},"excerpt":{"rendered":"Partager cet article Partager la publication \u00ab\u00a0Des gros poissons du LIV Golf sur le DP World Tour d\u00e9but&hellip;\n","protected":false},"author":2,"featured_media":318379,"comment_status":"","ping_status":"","sticky":false,"template":"","format":"standard","meta":{"footnotes":""},"categories":[1418],"tags":[1011,27,1472,60],"class_list":{"0":"post-318378","1":"post","2":"type-post","3":"status-publish","4":"format-standard","5":"has-post-thumbnail","7":"category-golf","8":"tag-fr","9":"tag-france","10":"tag-golf","11":"tag-sports"},"share_on_mastodon":{"url":"https:\/\/pubeurope.com\/@fr\/115026627405082707","error":""},"_links":{"self":[{"href":"https:\/\/www.europesays.com\/fr\/wp-json\/wp\/v2\/posts\/318378","targetHints":{"allow":["GET"]}}],"collection":[{"href":"https:\/\/www.europesays.com\/fr\/wp-json\/wp\/v2\/posts"}],"about":[{"href":"https:\/\/www.europesays.com\/fr\/wp-json\/wp\/v2\/types\/post"}],"author":[{"embeddable":true,"href":"https:\/\/www.europesays.com\/fr\/wp-json\/wp\/v2\/users\/2"}],"replies":[{"embeddable":true,"href":"https:\/\/www.europesays.com\/fr\/wp-json\/wp\/v2\/comments?post=318378"}],"version-history":[{"count":0,"href":"https:\/\/www.europesays.com\/fr\/wp-json\/wp\/v2\/posts\/318378\/revisions"}],"wp:featuredmedia":[{"embeddable":true,"href":"https:\/\/www.europesays.com\/fr\/wp-json\/wp\/v2\/media\/318379"}],"wp:attachment":[{"href":"https:\/\/www.europesays.com\/fr\/wp-json\/wp\/v2\/media?parent=318378"}],"wp:term":[{"taxonomy":"category","embeddable":true,"href":"https:\/\/www.europesays.com\/fr\/wp-json\/wp\/v2\/categories?post=318378"},{"taxonomy":"post_tag","embeddable":true,"href":"https:\/\/www.europesays.com\/fr\/wp-json\/wp\/v2\/tags?post=318378"}],"curies":[{"name":"wp","href":"https:\/\/api.w.org\/{rel}","templated":true}]}}