{"id":318385,"date":"2025-08-14T10:28:16","date_gmt":"2025-08-14T10:28:16","guid":{"rendered":"https:\/\/www.europesays.com\/fr\/318385\/"},"modified":"2025-08-14T10:28:16","modified_gmt":"2025-08-14T10:28:16","slug":"le-pilote-max-verstappen-futur-voisin-de-la-princesse-eugenie","status":"publish","type":"post","link":"https:\/\/www.europesays.com\/fr\/318385\/","title":{"rendered":"Le pilote Max Verstappen, futur voisin de la princesse Eugenie ?"},"content":{"rendered":"<p>Il a d\u00e9j\u00e0 s\u00e9duit <a target=\"_blank\" href=\"https:\/\/www.pointdevue.fr\/lifestyle\/visites-privees\/le-paradis-breton-de-christian-louboutin\" rel=\"nofollow noopener\">Christian Louboutin<\/a>, Harrison Ford, Claudia Schiffer et Madonna. Le domaine c\u00f4tier de Pinheirinho Comporta, au Portugal, attire en effet pl\u00e9thore de c\u00e9l\u00e9brit\u00e9s. La derni\u00e8re en date\u00a0? <strong>Un certain Max Verstappen, quadruple champion du monde de <\/strong><a target=\"_blank\" href=\"https:\/\/www.pointdevue.fr\/royal\/monaco\/le-grand-prix-formule-1-de-monaco-la-80e-edition-dune-legende\" rel=\"nofollow noopener\"><strong>Formule 1<\/strong><\/a><strong>, comme l\u2019a r\u00e9v\u00e9l\u00e9 le <\/strong><a target=\"_blank\" href=\"https:\/\/www.dailymail.co.uk\/tvshowbiz\/article-14980019\/Max-Verstappen-girlfriend-Kelly-Piquet-purchase-plot-land-luxury-development-Pinheirinho-Comporta-Portugal.html\" rel=\"nofollow noopener\"><strong>Daily Mail<\/strong><\/a><strong> le 8 ao\u00fbt<\/strong>.<\/p>\n<p><img decoding=\"async\" src=\"https:\/\/www.europesays.com\/fr\/wp-content\/uploads\/2025\/08\/GettyImages-2210060474yzdbJqoFsV.jpg\" alt=\"Les princesses Beatrice et Eugenie, avec Edo Mapelli Mozzi\"\/><strong>Les princesses Beatrice et Eugenie assistent au Grand Prix de Formule 1 de Bahre\u00efn avec Edo Mapelli Mozzi, le 13 avril 2025.<\/strong> \u00a9 Mark Sutton &#8211; Formula 1\/Formula 1 via Getty ImagesAdepte de Formule 1<\/p>\n<p>Le pilote et sa compagne Kelly Piquet auraient acquis un terrain au sein du complexe de luxe, afin d\u2019y b\u00e2tir leur future propri\u00e9t\u00e9. <strong>L\u2019opportunit\u00e9 pour la <\/strong><a target=\"_blank\" href=\"https:\/\/www.pointdevue.fr\/grand-angle\/biographies\/eugenie-dyork\" rel=\"nofollow noopener\"><strong>princesse Eugenie<\/strong><\/a><strong>, qui poss\u00e8de une r\u00e9sidence sur place, de faire connaissance avec ses nouveaux voisins<\/strong>. D\u2019autant que la s\u0153ur de la <a target=\"_blank\" href=\"https:\/\/www.pointdevue.fr\/grand-angle\/biographies\/princesse-beatrice\" rel=\"nofollow noopener\">princesse Beatrice<\/a> est une v\u00e9ritable fan de la discipline automobile. Mi-avril, elle <a target=\"_blank\" href=\"https:\/\/www.pointdevue.fr\/royal\/royaume-uni\/les-princesses-beatrice-et-eugenie-en-famille-au-grand-prix-de-bahrein\" rel=\"nofollow noopener\">assistait<\/a> en famille au Grand Prix de Bahre\u00efn, v\u00eatue d\u2019une robe de la marque fran\u00e7aise S\u00e9zane.<\/p>\n<p>Des vacances avec Robbie Williams<\/p>\n<p>Au c\u0153ur de l\u2019\u00e9t\u00e9, son chemin pourrait d&rsquo;ores et d\u00e9j\u00e0 croiser celui de Max Verstappen. Le 1er ao\u00fbt, <a target=\"_blank\" href=\"https:\/\/www.pointdevue.fr\/royal\/royaume-uni\/la-princesse-eugenie-profite-de-ses-vacances-en-compagnie-de-robbie-williams-et-de-son-epouse\" rel=\"nofollow noopener\">Ayda Field<\/a>, l\u2019\u00e9pouse de Robbie Williams, d\u00e9voilait ainsi des clich\u00e9s de leurs vacances \u00e0 Melides, une ville situ\u00e9e \u00e0 une heure de Lisbonne. <strong>Le couple se trouvait alors en compagnie\u2026 de la princesse Eugenie.<\/strong>\u00a0<\/p>\n<p>Depuis trois ans, celle-ci partage son temps entre le Portugal et l\u2019Angleterre, aux c\u00f4t\u00e9s de son \u00e9poux <a target=\"_blank\" href=\"https:\/\/www.pointdevue.fr\/grand-angle\/biographies\/jack-brooksbank\" rel=\"nofollow noopener\">Jack Brooksbank<\/a> et de leurs fils <a target=\"_blank\" href=\"https:\/\/www.pointdevue.fr\/grand-angle\/biographies\/august-brooksbank\" rel=\"nofollow noopener\">August<\/a>, 4 ans, et <a target=\"_blank\" href=\"https:\/\/www.pointdevue.fr\/royal\/royaume-uni\/mon-garcon-en-or-la-princesse-eugenie-celebre-les-2-ans-de-son-ernest-adore\" rel=\"nofollow noopener\">Ernest<\/a>, 2 ans. Tous, savourent les joies des multiples activit\u00e9s qu&rsquo;offre Pinheirinho Comporta, entre spa, golf, surf, \u00e9quitation et tennis. <strong>Max Verstappen vient quant \u00e0 lui d\u2019accueillir son premier enfant.<\/strong> N\u00e9e en mai, la petite Lily pourrait donc, bient\u00f4t, se faire de nouveaux compagnons de jeu royaux.<\/p>\n<p>Lire aussi &gt;&gt; <a target=\"_blank\" href=\"https:\/\/www.pointdevue.fr\/royal\/royaume-uni\/les-princesses-beatrice-et-eugenie-en-famille-au-grand-prix-de-bahrein\" rel=\"nofollow noopener\">Les princesses Beatrice et Eugenie en famille au Grand Prix de Bahre\u00efn<\/a><\/p>\n","protected":false},"excerpt":{"rendered":"Il a d\u00e9j\u00e0 s\u00e9duit Christian Louboutin, Harrison Ford, Claudia Schiffer et Madonna. Le domaine c\u00f4tier de Pinheirinho Comporta,&hellip;\n","protected":false},"author":2,"featured_media":318386,"comment_status":"","ping_status":"","sticky":false,"template":"","format":"standard","meta":{"footnotes":""},"categories":[1412],"tags":[1451,1452,1453,1454,1455,1011,27,60],"class_list":{"0":"post-318385","1":"post","2":"type-post","3":"status-publish","4":"format-standard","5":"has-post-thumbnail","7":"category-f1","8":"tag-f1","9":"tag-formula-1","10":"tag-formula1","11":"tag-formule-1","12":"tag-formule1","13":"tag-fr","14":"tag-france","15":"tag-sports"},"share_on_mastodon":{"url":"https:\/\/pubeurope.com\/@fr\/115026650973797298","error":""},"_links":{"self":[{"href":"https:\/\/www.europesays.com\/fr\/wp-json\/wp\/v2\/posts\/318385","targetHints":{"allow":["GET"]}}],"collection":[{"href":"https:\/\/www.europesays.com\/fr\/wp-json\/wp\/v2\/posts"}],"about":[{"href":"https:\/\/www.europesays.com\/fr\/wp-json\/wp\/v2\/types\/post"}],"author":[{"embeddable":true,"href":"https:\/\/www.europesays.com\/fr\/wp-json\/wp\/v2\/users\/2"}],"replies":[{"embeddable":true,"href":"https:\/\/www.europesays.com\/fr\/wp-json\/wp\/v2\/comments?post=318385"}],"version-history":[{"count":0,"href":"https:\/\/www.europesays.com\/fr\/wp-json\/wp\/v2\/posts\/318385\/revisions"}],"wp:featuredmedia":[{"embeddable":true,"href":"https:\/\/www.europesays.com\/fr\/wp-json\/wp\/v2\/media\/318386"}],"wp:attachment":[{"href":"https:\/\/www.europesays.com\/fr\/wp-json\/wp\/v2\/media?parent=318385"}],"wp:term":[{"taxonomy":"category","embeddable":true,"href":"https:\/\/www.europesays.com\/fr\/wp-json\/wp\/v2\/categories?post=318385"},{"taxonomy":"post_tag","embeddable":true,"href":"https:\/\/www.europesays.com\/fr\/wp-json\/wp\/v2\/tags?post=318385"}],"curies":[{"name":"wp","href":"https:\/\/api.w.org\/{rel}","templated":true}]}}