{"id":318389,"date":"2025-08-14T10:30:11","date_gmt":"2025-08-14T10:30:11","guid":{"rendered":"https:\/\/www.europesays.com\/fr\/318389\/"},"modified":"2025-08-14T10:30:11","modified_gmt":"2025-08-14T10:30:11","slug":"deux-enfants-blesses-par-un-gros-petard-lors-de-om-aston-villa-france-marseille","status":"publish","type":"post","link":"https:\/\/www.europesays.com\/fr\/318389\/","title":{"rendered":"Deux enfants bless\u00e9s par \u00ab\u202fun gros p\u00e9tard\u202f\u00bb lors de OM-Aston Villa &#8211; France &#8211; Marseille"},"content":{"rendered":"<p>Ds probl\u00e8mes, m\u00eame en amical.<\/p>\n<p>Si le dernier samedi <a target=\"_blank\" href=\"https:\/\/www.sofoot.com\/breves\/amicaux-pierre-emerick-aubameyang-marseille-relance-la-machine-contre-aston-villa-lyon-lemporte-face-a-getafe-le-paris-fc-bat-nantes\" rel=\"nofollow noopener\">des Marseillais s\u2019est bien d\u00e9roul\u00e9 sur le terrain avec un joli succ\u00e8s 3-1 contre Aston Villa<\/a>,<strong> les tribunes ont \u00e9t\u00e9 plus agit\u00e9es<\/strong>. Venues assister au match, deux familles de supporters ont vu arriver sur elles \u00ab\u202fun gros p\u00e9tard\u202f\u00bb, comme le rapporte <a target=\"_blank\" href=\"https:\/\/www.francebleu.fr\/infos\/faits-divers-justice\/deux-enfants-blesses-au-velodrome-les-familles-portent-plainte-6578299\" rel=\"nofollow noopener\">ICI Provence<\/a>. <strong>Deux enfants, \u00e2g\u00e9s de onze ans \u00e9taient notamment pr\u00e9sents et se trouvaient \u00e0 proximit\u00e9 de l\u2019explosion<\/strong>. R\u00e9sultats des courses : <strong> ces derniers ont \u00e9t\u00e9 br\u00fbl\u00e9s au premier degr\u00e9 au bras<\/strong> et devront consulter un ORL dans les prochains jours.<\/p>\n<p>En attente d\u2019une r\u00e9ponse du club<\/p>\n<p>\u00ab\u202fIls avaient une grosse perte d\u2019audition, les oreilles qui sifflaient, la t\u00eate sonn\u00e9e\u202f\u00bb, s\u2019est d\u00e9sol\u00e9 Dorian, le p\u00e8re de l\u2019une des victimes. \u00ab\u202fOn en veut au club d\u2019ouvrir les virages \u00e0 tous, mais sans prendre en compte les dispositions de s\u00e9curit\u00e9 n\u00e9cessaires\u202f, a encha\u00een\u00e9 C\u00e9line, la m\u00e8re de l\u2019un des deux enfants.\u202fOn a contact\u00e9 le club mais notre demande est rest\u00e9e lettre morte.\u202f\u00bb <strong>Le club est quant \u00e0 lui rest\u00e9 sur la d\u00e9fensive<\/strong>, en affirmant que \u00ab\u202fle dispositif de s\u00e9curit\u00e9 \u00e9tait le m\u00eame que lors d\u2019un match officiel\u202f\u00bb.\u00a0<\/p>\n<p>On appelle \u00e7a \u00ab\u202fl\u2019exp\u00e9rience client\u202f\u00bb.<\/p>\n<p>\t\t\t\t\t\t\t\t\t\t<a class=\"lien-connexe\" href=\"https:\/\/www.sofoot.com\/breves\/nicolas-de-tavernost-le-patron-de-ligue-1-salue-le-bon-demarrage-de-la-plateforme\" rel=\"nofollow noopener\" target=\"_blank\">Le patron de Ligue 1+ salue le bon d\u00e9marrage de la plateforme<\/a>\t\t\t\t\t<\/p>\n","protected":false},"excerpt":{"rendered":"Ds probl\u00e8mes, m\u00eame en amical. Si le dernier samedi des Marseillais s\u2019est bien d\u00e9roul\u00e9 sur le terrain avec&hellip;\n","protected":false},"author":2,"featured_media":318390,"comment_status":"","ping_status":"","sticky":false,"template":"","format":"standard","meta":{"footnotes":""},"categories":[1410],"tags":[47,61,69,65,64,63,1011,27,68,66,62,70,67,60],"class_list":{"0":"post-318389","1":"post","2":"type-post","3":"status-publish","4":"format-standard","5":"has-post-thumbnail","7":"category-football","8":"tag-actualite","9":"tag-actus-football","10":"tag-bundesliga","11":"tag-championnats-europeens","12":"tag-equipe-de-france","13":"tag-football","14":"tag-fr","15":"tag-france","16":"tag-ligua","17":"tag-ligue-1","18":"tag-news-foot","19":"tag-premier-league","20":"tag-serie-a","21":"tag-sports"},"share_on_mastodon":{"url":"https:\/\/pubeurope.com\/@fr\/115026658806803330","error":""},"_links":{"self":[{"href":"https:\/\/www.europesays.com\/fr\/wp-json\/wp\/v2\/posts\/318389","targetHints":{"allow":["GET"]}}],"collection":[{"href":"https:\/\/www.europesays.com\/fr\/wp-json\/wp\/v2\/posts"}],"about":[{"href":"https:\/\/www.europesays.com\/fr\/wp-json\/wp\/v2\/types\/post"}],"author":[{"embeddable":true,"href":"https:\/\/www.europesays.com\/fr\/wp-json\/wp\/v2\/users\/2"}],"replies":[{"embeddable":true,"href":"https:\/\/www.europesays.com\/fr\/wp-json\/wp\/v2\/comments?post=318389"}],"version-history":[{"count":0,"href":"https:\/\/www.europesays.com\/fr\/wp-json\/wp\/v2\/posts\/318389\/revisions"}],"wp:featuredmedia":[{"embeddable":true,"href":"https:\/\/www.europesays.com\/fr\/wp-json\/wp\/v2\/media\/318390"}],"wp:attachment":[{"href":"https:\/\/www.europesays.com\/fr\/wp-json\/wp\/v2\/media?parent=318389"}],"wp:term":[{"taxonomy":"category","embeddable":true,"href":"https:\/\/www.europesays.com\/fr\/wp-json\/wp\/v2\/categories?post=318389"},{"taxonomy":"post_tag","embeddable":true,"href":"https:\/\/www.europesays.com\/fr\/wp-json\/wp\/v2\/tags?post=318389"}],"curies":[{"name":"wp","href":"https:\/\/api.w.org\/{rel}","templated":true}]}}